{"id":1779,"date":"2026-01-02T16:00:46","date_gmt":"2026-01-02T14:00:46","guid":{"rendered":"http:\/\/www.sastamalankylat.fi\/vahahaara\/?p=1779"},"modified":"2026-01-02T16:00:46","modified_gmt":"2026-01-02T14:00:46","slug":"kappeliseurakunnan-uusi-pappi-piti-joulumessun-vahahaarassa","status":"publish","type":"post","link":"https:\/\/www.sastamalankylat.fi\/vahahaara\/2026\/01\/02\/kappeliseurakunnan-uusi-pappi-piti-joulumessun-vahahaarassa\/","title":{"rendered":"Kappeliseurakunnan uusi pappi piti joulumessun V\u00e4h\u00e4haarassa"},"content":{"rendered":"<p><a href=\"http:\/\/www.sastamalankylat.fi\/vahahaara\/wp-content\/uploads\/sites\/10\/2026\/01\/jouni-salko-tapaninpaivana-2025-scaled.jpg\"><img loading=\"lazy\" decoding=\"async\" class=\"alignright size-full wp-image-1780\" src=\"http:\/\/www.sastamalankylat.fi\/vahahaara\/wp-content\/uploads\/sites\/10\/2026\/01\/jouni-salko-tapaninpaivana-2025-scaled.jpg\" alt=\"\" width=\"2067\" height=\"2560\" srcset=\"https:\/\/www.sastamalankylat.fi\/vahahaara\/wp-content\/uploads\/sites\/10\/2026\/01\/jouni-salko-tapaninpaivana-2025-scaled.jpg 2067w, https:\/\/www.sastamalankylat.fi\/vahahaara\/wp-content\/uploads\/sites\/10\/2026\/01\/jouni-salko-tapaninpaivana-2025-242x300.jpg 242w, https:\/\/www.sastamalankylat.fi\/vahahaara\/wp-content\/uploads\/sites\/10\/2026\/01\/jouni-salko-tapaninpaivana-2025-827x1024.jpg 827w, https:\/\/www.sastamalankylat.fi\/vahahaara\/wp-content\/uploads\/sites\/10\/2026\/01\/jouni-salko-tapaninpaivana-2025-121x150.jpg 121w, https:\/\/www.sastamalankylat.fi\/vahahaara\/wp-content\/uploads\/sites\/10\/2026\/01\/jouni-salko-tapaninpaivana-2025-768x951.jpg 768w, https:\/\/www.sastamalankylat.fi\/vahahaara\/wp-content\/uploads\/sites\/10\/2026\/01\/jouni-salko-tapaninpaivana-2025-1240x1536.jpg 1240w, https:\/\/www.sastamalankylat.fi\/vahahaara\/wp-content\/uploads\/sites\/10\/2026\/01\/jouni-salko-tapaninpaivana-2025-1654x2048.jpg 1654w, https:\/\/www.sastamalankylat.fi\/vahahaara\/wp-content\/uploads\/sites\/10\/2026\/01\/jouni-salko-tapaninpaivana-2025-624x773.jpg 624w\" sizes=\"auto, (max-width: 2067px) 100vw, 2067px\" \/><\/a><\/p>\n<p>Kiikan ja Keiky\u00e4n kappeliseurakuntien uutena pappina viime toukokuussa aloittanut Jouni Salko piti Kotiseututalolla tapaninp\u00e4iv\u00e4n\u00e4 pienen joulumessun. Tilaisuuteen osallistui 35 henkil\u00f6\u00e4. Helena Hemil\u00e4 s\u00e4esti lauluja pianolla.<\/p>\n<p>Messussa oli my\u00f6s ehtoollisen vietto, jota Kotiseututalolla ei ole aiemmin vietetty.<\/p>\n<p>Messun j\u00e4lkeen V\u00e4h\u00e4haara-Seura tarjosi kahvia joulutorttujen ja taatelikakun kera.<\/p>\n<!-- AddThis Advanced Settings generic via filter on the_content --><!-- AddThis Share Buttons generic via filter on the_content -->","protected":false},"excerpt":{"rendered":"<p>Kiikan ja Keiky\u00e4n kappeliseurakuntien uutena pappina viime toukokuussa aloittanut Jouni Salko piti Kotiseututalolla tapaninp\u00e4iv\u00e4n\u00e4 pienen joulumessun. Tilaisuuteen osallistui 35 henkil\u00f6\u00e4. Helena Hemil\u00e4 s\u00e4esti lauluja pianolla. Messussa oli my\u00f6s ehtoollisen vietto, jota Kotiseututalolla ei ole aiemmin vietetty. Messun j\u00e4lkeen V\u00e4h\u00e4haara-Seura tarjosi kahvia joulutorttujen ja taatelikakun kera.<!-- AddThis Advanced Settings generic via filter on wp_trim_excerpt --><!-- AddThis Share Buttons generic via filter on wp_trim_excerpt --><\/p>\n","protected":false},"author":12,"featured_media":0,"comment_status":"closed","ping_status":"closed","sticky":false,"template":"","format":"standard","meta":{"jetpack_post_was_ever_published":false,"_jetpack_newsletter_access":"","_jetpack_dont_email_post_to_subs":false,"_jetpack_newsletter_tier_id":0,"_jetpack_memberships_contains_paywalled_content":false,"_jetpack_memberships_contains_paid_content":false,"footnotes":"","jetpack_publicize_message":"","jetpack_publicize_feature_enabled":true,"jetpack_social_post_already_shared":true,"jetpack_social_options":{"image_generator_settings":{"template":"highway","default_image_id":0,"font":"","enabled":false},"version":2}},"categories":[1],"tags":[],"class_list":["post-1779","post","type-post","status-publish","format-standard","hentry","category-yleinen"],"aioseo_notices":[],"jetpack_publicize_connections":[],"jetpack_featured_media_url":"","jetpack_shortlink":"https:\/\/wp.me\/p9LdRW-sH","jetpack_sharing_enabled":true,"_links":{"self":[{"href":"https:\/\/www.sastamalankylat.fi\/vahahaara\/wp-json\/wp\/v2\/posts\/1779","targetHints":{"allow":["GET"]}}],"collection":[{"href":"https:\/\/www.sastamalankylat.fi\/vahahaara\/wp-json\/wp\/v2\/posts"}],"about":[{"href":"https:\/\/www.sastamalankylat.fi\/vahahaara\/wp-json\/wp\/v2\/types\/post"}],"author":[{"embeddable":true,"href":"https:\/\/www.sastamalankylat.fi\/vahahaara\/wp-json\/wp\/v2\/users\/12"}],"replies":[{"embeddable":true,"href":"https:\/\/www.sastamalankylat.fi\/vahahaara\/wp-json\/wp\/v2\/comments?post=1779"}],"version-history":[{"count":1,"href":"https:\/\/www.sastamalankylat.fi\/vahahaara\/wp-json\/wp\/v2\/posts\/1779\/revisions"}],"predecessor-version":[{"id":1781,"href":"https:\/\/www.sastamalankylat.fi\/vahahaara\/wp-json\/wp\/v2\/posts\/1779\/revisions\/1781"}],"wp:attachment":[{"href":"https:\/\/www.sastamalankylat.fi\/vahahaara\/wp-json\/wp\/v2\/media?parent=1779"}],"wp:term":[{"taxonomy":"category","embeddable":true,"href":"https:\/\/www.sastamalankylat.fi\/vahahaara\/wp-json\/wp\/v2\/categories?post=1779"},{"taxonomy":"post_tag","embeddable":true,"href":"https:\/\/www.sastamalankylat.fi\/vahahaara\/wp-json\/wp\/v2\/tags?post=1779"}],"curies":[{"name":"wp","href":"https:\/\/api.w.org\/{rel}","templated":true}]}}