{"id":1761,"date":"2025-12-06T12:43:36","date_gmt":"2025-12-06T10:43:36","guid":{"rendered":"http:\/\/www.sastamalankylat.fi\/vahahaara\/?p=1761"},"modified":"2026-03-12T13:51:44","modified_gmt":"2026-03-12T11:51:44","slug":"tapaninpaivana-vahahaarassa-pieni-joulumessu","status":"publish","type":"post","link":"https:\/\/www.sastamalankylat.fi\/vahahaara\/2025\/12\/06\/tapaninpaivana-vahahaarassa-pieni-joulumessu\/","title":{"rendered":"Tapaninp\u00e4iv\u00e4n\u00e4 V\u00e4h\u00e4haarassa pieni joulumessu"},"content":{"rendered":"<p style=\"font-weight: 400\"><em>Tapaninp\u00e4iv\u00e4n\u00e4 26.12. kokoonnutaan perinteisesti jumalanpalvelukseen V\u00e4h\u00e4haaran Kotiseututalolla.\u00a0 T\u00e4ll\u00e4 kertaa Sastamalan ev.lut. seurakunta j\u00e4rjest\u00e4\u00e4 &#8221;pienen joulumessun&#8221;, joka alkaa aamukymmenelt\u00e4.<\/em><\/p>\n<p style=\"font-weight: 400\"><em>Tilaisuuteen sis\u00e4ltyy pyh\u00e4n ehtoollisen vietto. Papin teht\u00e4viss\u00e4 on seurakuntapastori Jouni Salko, ja yhteist\u00e4 virsilaulua s\u00e4est\u00e4\u00e4 pianolla Helena Hemil\u00e4.<\/em><\/p>\n<p style=\"font-weight: 400\"><em>Tapaninp\u00e4iv\u00e4 on Stefanoksen, ensimm\u00e4isen kristityn marttyyrin, muistop\u00e4iv\u00e4, mutta viet\u00e4mme my\u00f6s Jeesuksen syntym\u00e4n juhlaa.<\/em><\/p>\n<p style=\"font-weight: 400\"><em>V\u00e4h\u00e4haara-Seura tarjoaa kirkkokahvit messun p\u00e4\u00e4tytty\u00e4.<\/em><\/p>\n<!-- AddThis Advanced Settings generic via filter on the_content --><!-- AddThis Share Buttons generic via filter on the_content -->","protected":false},"excerpt":{"rendered":"<p>Tapaninp\u00e4iv\u00e4n\u00e4 26.12. kokoonnutaan perinteisesti jumalanpalvelukseen V\u00e4h\u00e4haaran Kotiseututalolla.\u00a0 T\u00e4ll\u00e4 kertaa Sastamalan ev.lut. seurakunta j\u00e4rjest\u00e4\u00e4 &#8221;pienen joulumessun&#8221;, joka alkaa aamukymmenelt\u00e4. Tilaisuuteen sis\u00e4ltyy pyh\u00e4n ehtoollisen vietto. Papin teht\u00e4viss\u00e4 on seurakuntapastori Jouni Salko, ja yhteist\u00e4 virsilaulua s\u00e4est\u00e4\u00e4 pianolla Helena Hemil\u00e4. Tapaninp\u00e4iv\u00e4 on Stefanoksen, ensimm\u00e4isen kristityn marttyyrin, muistop\u00e4iv\u00e4, mutta viet\u00e4mme my\u00f6s Jeesuksen syntym\u00e4n juhlaa. V\u00e4h\u00e4haara-Seura tarjoaa kirkkokahvit messun p\u00e4\u00e4tytty\u00e4.<!-- AddThis Advanced Settings generic via filter on wp_trim_excerpt --><!-- AddThis Share Buttons generic via filter on wp_trim_excerpt --><\/p>\n","protected":false},"author":12,"featured_media":0,"comment_status":"closed","ping_status":"closed","sticky":false,"template":"","format":"standard","meta":{"jetpack_post_was_ever_published":false,"_jetpack_newsletter_access":"","_jetpack_dont_email_post_to_subs":false,"_jetpack_newsletter_tier_id":0,"_jetpack_memberships_contains_paywalled_content":false,"_jetpack_memberships_contains_paid_content":false,"footnotes":"","jetpack_publicize_message":"","jetpack_publicize_feature_enabled":true,"jetpack_social_post_already_shared":true,"jetpack_social_options":{"image_generator_settings":{"template":"highway","default_image_id":0,"font":"","enabled":false},"version":2}},"categories":[3,1],"tags":[],"class_list":["post-1761","post","type-post","status-publish","format-standard","hentry","category-tapahtumat","category-yleinen"],"aioseo_notices":[],"jetpack_publicize_connections":[],"jetpack_featured_media_url":"","jetpack_shortlink":"https:\/\/wp.me\/p9LdRW-sp","jetpack_sharing_enabled":true,"_links":{"self":[{"href":"https:\/\/www.sastamalankylat.fi\/vahahaara\/wp-json\/wp\/v2\/posts\/1761","targetHints":{"allow":["GET"]}}],"collection":[{"href":"https:\/\/www.sastamalankylat.fi\/vahahaara\/wp-json\/wp\/v2\/posts"}],"about":[{"href":"https:\/\/www.sastamalankylat.fi\/vahahaara\/wp-json\/wp\/v2\/types\/post"}],"author":[{"embeddable":true,"href":"https:\/\/www.sastamalankylat.fi\/vahahaara\/wp-json\/wp\/v2\/users\/12"}],"replies":[{"embeddable":true,"href":"https:\/\/www.sastamalankylat.fi\/vahahaara\/wp-json\/wp\/v2\/comments?post=1761"}],"version-history":[{"count":1,"href":"https:\/\/www.sastamalankylat.fi\/vahahaara\/wp-json\/wp\/v2\/posts\/1761\/revisions"}],"predecessor-version":[{"id":1762,"href":"https:\/\/www.sastamalankylat.fi\/vahahaara\/wp-json\/wp\/v2\/posts\/1761\/revisions\/1762"}],"wp:attachment":[{"href":"https:\/\/www.sastamalankylat.fi\/vahahaara\/wp-json\/wp\/v2\/media?parent=1761"}],"wp:term":[{"taxonomy":"category","embeddable":true,"href":"https:\/\/www.sastamalankylat.fi\/vahahaara\/wp-json\/wp\/v2\/categories?post=1761"},{"taxonomy":"post_tag","embeddable":true,"href":"https:\/\/www.sastamalankylat.fi\/vahahaara\/wp-json\/wp\/v2\/tags?post=1761"}],"curies":[{"name":"wp","href":"https:\/\/api.w.org\/{rel}","templated":true}]}}