{"id":1682,"date":"2025-02-05T19:55:28","date_gmt":"2025-02-05T17:55:28","guid":{"rendered":"http:\/\/www.sastamalankylat.fi\/vahahaara\/?p=1682"},"modified":"2025-02-11T18:49:52","modified_gmt":"2025-02-11T16:49:52","slug":"vielako-muistat-mita-kansakoulussa-laulettiin","status":"publish","type":"post","link":"https:\/\/www.sastamalankylat.fi\/vahahaara\/2025\/02\/05\/vielako-muistat-mita-kansakoulussa-laulettiin\/","title":{"rendered":"Viel\u00e4k\u00f6 muistat mit\u00e4 kansakoulussa laulettiin?"},"content":{"rendered":"<p>V\u00e4h\u00e4haaran Kotiseututalolla j\u00e4rjestet\u00e4\u00e4n kansakouluaikaisten laulujen ilta torstaina 13. helmikuuta iltakuudelta. Lauletaan yhdess\u00e4 vanhoja lauluja. S\u00e4est\u00e4j\u00e4n\u00e4 ja vet\u00e4j\u00e4n\u00e4 on kanttori Rita Wallin.<\/p>\n<p>Jos sinulta l\u00f6ytyy viel\u00e4 vanhoja kouluaikaisia laulukirjoja, ota niit\u00e4 mukaan kaikkien katseltaviksi.<\/p>\n<p>Tilaisuus on avoin kaikille kansakouluaikaisista lauluista\u00a0 tykk\u00e4\u00e4ville.<\/p>\n<p>Kahvitarjoilu, vapaaehtoinen kahvimaksu.<\/p>\n<p>Tervetuloa!<\/p>\n<p><a href=\"http:\/\/www.sastamalankylat.fi\/vahahaara\/wp-content\/uploads\/sites\/10\/2025\/02\/vanhat-laulukirjat.jpg\"><img loading=\"lazy\" decoding=\"async\" class=\"alignright size-full wp-image-1685\" src=\"http:\/\/www.sastamalankylat.fi\/vahahaara\/wp-content\/uploads\/sites\/10\/2025\/02\/vanhat-laulukirjat.jpg\" alt=\"\" width=\"1200\" height=\"1600\" srcset=\"https:\/\/www.sastamalankylat.fi\/vahahaara\/wp-content\/uploads\/sites\/10\/2025\/02\/vanhat-laulukirjat.jpg 1200w, https:\/\/www.sastamalankylat.fi\/vahahaara\/wp-content\/uploads\/sites\/10\/2025\/02\/vanhat-laulukirjat-225x300.jpg 225w, https:\/\/www.sastamalankylat.fi\/vahahaara\/wp-content\/uploads\/sites\/10\/2025\/02\/vanhat-laulukirjat-768x1024.jpg 768w, https:\/\/www.sastamalankylat.fi\/vahahaara\/wp-content\/uploads\/sites\/10\/2025\/02\/vanhat-laulukirjat-113x150.jpg 113w, https:\/\/www.sastamalankylat.fi\/vahahaara\/wp-content\/uploads\/sites\/10\/2025\/02\/vanhat-laulukirjat-1152x1536.jpg 1152w, https:\/\/www.sastamalankylat.fi\/vahahaara\/wp-content\/uploads\/sites\/10\/2025\/02\/vanhat-laulukirjat-624x832.jpg 624w\" sizes=\"auto, (max-width: 1200px) 100vw, 1200px\" \/><\/a><\/p>\n<!-- AddThis Advanced Settings generic via filter on the_content --><!-- AddThis Share Buttons generic via filter on the_content -->","protected":false},"excerpt":{"rendered":"<p>V\u00e4h\u00e4haaran Kotiseututalolla j\u00e4rjestet\u00e4\u00e4n kansakouluaikaisten laulujen ilta torstaina 13. helmikuuta iltakuudelta. Lauletaan yhdess\u00e4 vanhoja lauluja. S\u00e4est\u00e4j\u00e4n\u00e4 ja vet\u00e4j\u00e4n\u00e4 on kanttori Rita Wallin. Jos sinulta l\u00f6ytyy viel\u00e4 vanhoja kouluaikaisia laulukirjoja, ota niit\u00e4 mukaan kaikkien katseltaviksi. Tilaisuus on avoin kaikille kansakouluaikaisista lauluista\u00a0 tykk\u00e4\u00e4ville. Kahvitarjoilu, vapaaehtoinen kahvimaksu. Tervetuloa!<!-- AddThis Advanced Settings generic via filter on wp_trim_excerpt --><!-- AddThis Share Buttons generic via filter on wp_trim_excerpt --><\/p>\n","protected":false},"author":12,"featured_media":0,"comment_status":"closed","ping_status":"closed","sticky":false,"template":"","format":"standard","meta":{"jetpack_post_was_ever_published":false,"_jetpack_newsletter_access":"","_jetpack_dont_email_post_to_subs":false,"_jetpack_newsletter_tier_id":0,"_jetpack_memberships_contains_paywalled_content":false,"_jetpack_memberships_contains_paid_content":false,"footnotes":"","jetpack_publicize_message":"","jetpack_publicize_feature_enabled":true,"jetpack_social_post_already_shared":true,"jetpack_social_options":{"image_generator_settings":{"template":"highway","default_image_id":0,"font":"","enabled":false},"version":2}},"categories":[1],"tags":[],"class_list":["post-1682","post","type-post","status-publish","format-standard","hentry","category-yleinen"],"aioseo_notices":[],"jetpack_publicize_connections":[],"jetpack_featured_media_url":"","jetpack_shortlink":"https:\/\/wp.me\/p9LdRW-r8","jetpack_sharing_enabled":true,"_links":{"self":[{"href":"https:\/\/www.sastamalankylat.fi\/vahahaara\/wp-json\/wp\/v2\/posts\/1682","targetHints":{"allow":["GET"]}}],"collection":[{"href":"https:\/\/www.sastamalankylat.fi\/vahahaara\/wp-json\/wp\/v2\/posts"}],"about":[{"href":"https:\/\/www.sastamalankylat.fi\/vahahaara\/wp-json\/wp\/v2\/types\/post"}],"author":[{"embeddable":true,"href":"https:\/\/www.sastamalankylat.fi\/vahahaara\/wp-json\/wp\/v2\/users\/12"}],"replies":[{"embeddable":true,"href":"https:\/\/www.sastamalankylat.fi\/vahahaara\/wp-json\/wp\/v2\/comments?post=1682"}],"version-history":[{"count":4,"href":"https:\/\/www.sastamalankylat.fi\/vahahaara\/wp-json\/wp\/v2\/posts\/1682\/revisions"}],"predecessor-version":[{"id":1687,"href":"https:\/\/www.sastamalankylat.fi\/vahahaara\/wp-json\/wp\/v2\/posts\/1682\/revisions\/1687"}],"wp:attachment":[{"href":"https:\/\/www.sastamalankylat.fi\/vahahaara\/wp-json\/wp\/v2\/media?parent=1682"}],"wp:term":[{"taxonomy":"category","embeddable":true,"href":"https:\/\/www.sastamalankylat.fi\/vahahaara\/wp-json\/wp\/v2\/categories?post=1682"},{"taxonomy":"post_tag","embeddable":true,"href":"https:\/\/www.sastamalankylat.fi\/vahahaara\/wp-json\/wp\/v2\/tags?post=1682"}],"curies":[{"name":"wp","href":"https:\/\/api.w.org\/{rel}","templated":true}]}}