{"id":1011,"date":"2022-09-08T14:28:25","date_gmt":"2022-09-08T11:28:25","guid":{"rendered":"http:\/\/www.sastamalankylat.fi\/vahahaara\/?p=1011"},"modified":"2024-01-18T17:32:26","modified_gmt":"2024-01-18T15:32:26","slug":"arvoisat-juhlavieraat","status":"publish","type":"post","link":"https:\/\/www.sastamalankylat.fi\/vahahaara\/2022\/09\/08\/arvoisat-juhlavieraat\/","title":{"rendered":"Arvoisat juhlavieraat!"},"content":{"rendered":"<p>Suomalainen kyl\u00e4toimintaliike syntyi noin 50 vuotta sitten, 1960- ja 1970-lukujen taitteessa kaupungistumisen ja maaltamuuton vastavoimaksi. Pitk\u00e4\u00e4n hoettiin kuin mantraa, ett\u00e4 keskittymiskehitys on luonnonlaki. Viel\u00e4 muutama vuosi sitten ennustettiin, ett\u00e4 tulevaisuudessa vain Helsingin, Tampereen, Turun ja ehk\u00e4 Oulun kaupunkiseudut ovat ainoat alueet maassamme, joilla asukasluku kasvaa.<\/p>\n<p>Pandemia k\u00e4\u00e4nsi ennusteet p\u00e4\u00e4laelleen. Nyt Helsingin seutu onkin maan sis\u00e4isess\u00e4 nettomuutossa tuhansia asukkaita tappiolla ja l\u00e4hes puolet Suomen kunnista sai muuttovoittoa viime vuonna, my\u00f6s Sastamala.<\/p>\n<p><!--more--><\/p>\n<p>V\u00e4h\u00e4haara-Seura perustettiin jo kyl\u00e4toimintaliikkeen varhaisessa vaiheessa vuonna 1982 kyl\u00e4l\u00e4isten yhteisten asioiden hoitamiseksi. Kyl\u00e4n kauppa, posti ja koulu oli lakkautettu 1960-luvulla, eik\u00e4 kyl\u00e4ll\u00e4 en\u00e4\u00e4 ollut yhteist\u00e4 kohtauspaikkaa.<\/p>\n<p>Sivumennen sanoen koulujen lakkautustahti on noista vuosista maassamme vain kasvanut: maaseutualueen perusopetuksen yksik\u00f6ist\u00e4 on lakkautettu per\u00e4ti 93 prosenttia vuodesta 1990 l\u00e4htien. Oppilasm\u00e4\u00e4r\u00e4 ei ole maalla v\u00e4hentynyt samaa tahtia, vaan kysymys on kuntien s\u00e4\u00e4st\u00f6tavoitteista, jotka tutkimusten mukaan usein eiv\u00e4t edes toteudu. Lapset keskitet\u00e4\u00e4n isoihin yksik\u00f6ihin kuntakeskuksiin ja he istuvat p\u00e4ivitt\u00e4in koulukyydeiss\u00e4 tuntikausia. T\u00e4t\u00e4k\u00f6 on elinvoimainen Suomi?<\/p>\n<p>V\u00e4h\u00e4haara-Seuran alkuvuosien varainhankinta mahdollisti V\u00e4h\u00e4haaran Kotiseututalon rakentamisen Kerttu ja Kalevi Jokisen myym\u00e4lle kauniille Pahaojanvarsitontille. Vihki\u00e4iset pidettiin komeasti: Turun ja Porin l\u00e4\u00e4nin maaherra Pirkko Ty\u00f6l\u00e4j\u00e4rvi vihki kyl\u00e4talon k\u00e4ytt\u00f6\u00f6n runsaan juhlijajoukon ollessa paikalla. Muutama vuosi my\u00f6hemmin, vuonna 1989, V\u00e4h\u00e4haara valittiin ensimm\u00e4isten joukossa valtakunnalliseksi Vuoden kyl\u00e4ksi. Kun Suomessa on noin 4 000 kyl\u00e4\u00e4, t\u00e4m\u00e4 on melko harvinainen kunnianosoitus! Kyl\u00e4toiminnan valtakunnallinen keskusj\u00e4rjest\u00f6kin, Suomen Kyl\u00e4toiminta ry eli nykyiselt\u00e4 nimelt\u00e4\u00e4n Suomen Kyl\u00e4t ry perustettiin vasta kahdeksan vuotta my\u00f6hemmin.<\/p>\n<p>&nbsp;<\/p>\n<p>EU-osarahoitteisia Leader-kehitt\u00e4misyhdistyksi\u00e4 perustettiin Suomeen niin ik\u00e4\u00e4n 1990-luvulla, ja sit\u00e4 kautta sain itsekin tutustua Toivo Hinkkaseen (my\u00f6s kyl\u00e4toiminnan kultaisen ansiomerkin saajaan) ja muihin V\u00e4h\u00e4haaran aktiiveihin tultuani Leader Joutsenten reitin toiminnanjohtajaksi 2000-luvun alussa.<\/p>\n<p>V\u00e4h\u00e4haara-Seura oli aktiivinen kehitt\u00e4mis- ja investointihankkeiden hakija. Helsingin yliopiston Torsti Hyyryl\u00e4inen oli my\u00f6s tutkimuksillaan tehnyt kyl\u00e4\u00e4 valtakunnallisesti tunnetuksi, ja muistan, ett\u00e4 my\u00f6s Tampereen yliopiston aluetieteen opiskelijoiden kanssa j\u00e4rjestimme kyl\u00e4ll\u00e4 tulevaisuusty\u00f6pajoja.<\/p>\n<p>&nbsp;<\/p>\n<p>Kyl\u00e4toiminta on aaltoliikett\u00e4. Aktiivisempia jaksoja seuraavat passiivisemmat jaksot, jolloin on eritt\u00e4in tarpeellistakin v\u00e4lill\u00e4 vet\u00e4\u00e4 v\u00e4h\u00e4n henke\u00e4 seuraavia koitoksia varten.<\/p>\n<p>Kyl\u00e4toiminta on my\u00f6s reagointia ymp\u00e4rist\u00f6n ja yhteiskunnan muutoksiin, joita on t\u00e4ss\u00e4 viime vuosina ollut ihan riitt\u00e4miin. Millainen on pandemia-ajan j\u00e4lkeinen V\u00e4h\u00e4haara? Korona-aika on v\u00e4hent\u00e4nyt kyl\u00e4toimijoidenkin aktiivisuutta ja osallistumista, mutta tuskin kuitenkaan peruuttamattomasti \u2013 ainakaan t\u00e4\u00e4ll\u00e4 V\u00e4h\u00e4haarassa, siit\u00e4 n\u00e4m\u00e4 juhlatkin ovat jo mainio esimerkki!<\/p>\n<p>Joutsenten reitin uuden, ensi kev\u00e4\u00e4n\u00e4 k\u00e4ynnistyv\u00e4n strategiakauden tavoitteita ovat lasten ja nuorten hyvinvointi, biotalouden kehitt\u00e4minen, uusien ty\u00f6paikkojen luominen sek\u00e4 kylien ja korttelien elinvoiman vahvistaminen. Mik\u00e4 voisi olla V\u00e4h\u00e4haaran seuraava kehitt\u00e4misaskel?<\/p>\n<p>L\u00e4mpim\u00e4t onnittelut viel\u00e4 virke\u00e4lle nelikymppiselle seuralle, ja jatketaan hyv\u00e4\u00e4 kehitt\u00e4miskumppanuuttamme my\u00f6s seuraavalla vuosikymmenell\u00e4!<\/p>\n<p><strong>Petri Rinne<\/strong><\/p>\n<p><strong>Leader Joutsenten reitin toiminnanjohtaja<\/strong><\/p>\n<p><strong>\u00a0<\/strong><\/p>\n<p><em>Joutsenten reitti ry on yksi maamme 55 alueellisesta kehitt\u00e4misyhdistyksest\u00e4.<\/em><\/p>\n<p><em>Yhdistyksen tavoitteena on ruohonjuuritason kehitt\u00e4mishankkeita aktivoimalla ja rahoittamalla parantaa maaseudun el\u00e4m\u00e4n laatua.<\/em><\/p>\n<p><em>Joutsenten reitin toiminnanjohtajalle, Suomen kyl\u00e4t ry:n edelliselle puheenjohtajalle <\/em><strong><em>Petri Rinteelle <\/em><\/strong><em>my\u00f6nnettiin kyl\u00e4toiminnan kultainen ansiomerkki elokuussa 2022. Rinne aloitti yhdistyksen puheenjohtajana 2016, ja toimi teht\u00e4v\u00e4ss\u00e4 maksimiajan eli kuusi vuotta.<\/em><\/p>\n<!-- AddThis Advanced Settings generic via filter on the_content --><!-- AddThis Share Buttons generic via filter on the_content -->","protected":false},"excerpt":{"rendered":"<p>Suomalainen kyl\u00e4toimintaliike syntyi noin 50 vuotta sitten, 1960- ja 1970-lukujen taitteessa kaupungistumisen ja maaltamuuton vastavoimaksi. Pitk\u00e4\u00e4n hoettiin kuin mantraa, ett\u00e4 keskittymiskehitys on luonnonlaki. Viel\u00e4 muutama vuosi sitten ennustettiin, ett\u00e4 tulevaisuudessa vain Helsingin, Tampereen, Turun ja ehk\u00e4 Oulun kaupunkiseudut ovat ainoat alueet maassamme, joilla asukasluku kasvaa. Pandemia k\u00e4\u00e4nsi ennusteet p\u00e4\u00e4laelleen. Nyt Helsingin seutu onkin maan sis\u00e4isess\u00e4 [&hellip;]<!-- AddThis Advanced Settings generic via filter on wp_trim_excerpt --><!-- AddThis Share Buttons generic via filter on wp_trim_excerpt --><\/p>\n","protected":false},"author":12,"featured_media":1012,"comment_status":"closed","ping_status":"closed","sticky":false,"template":"","format":"standard","meta":{"jetpack_post_was_ever_published":false,"_jetpack_newsletter_access":"","_jetpack_dont_email_post_to_subs":false,"_jetpack_newsletter_tier_id":0,"_jetpack_memberships_contains_paywalled_content":false,"_jetpack_memberships_contains_paid_content":false,"footnotes":"","jetpack_publicize_message":"","jetpack_publicize_feature_enabled":true,"jetpack_social_post_already_shared":true,"jetpack_social_options":{"image_generator_settings":{"template":"highway","default_image_id":0,"font":"","enabled":false},"version":2}},"categories":[4],"tags":[],"class_list":["post-1011","post","type-post","status-publish","format-standard","has-post-thumbnail","hentry","category-uutiset"],"aioseo_notices":[],"jetpack_publicize_connections":[],"jetpack_featured_media_url":"https:\/\/www.sastamalankylat.fi\/vahahaara\/wp-content\/uploads\/sites\/10\/2022\/09\/vahahaara2-scaled.jpg","jetpack_shortlink":"https:\/\/wp.me\/p9LdRW-gj","jetpack_sharing_enabled":true,"_links":{"self":[{"href":"https:\/\/www.sastamalankylat.fi\/vahahaara\/wp-json\/wp\/v2\/posts\/1011","targetHints":{"allow":["GET"]}}],"collection":[{"href":"https:\/\/www.sastamalankylat.fi\/vahahaara\/wp-json\/wp\/v2\/posts"}],"about":[{"href":"https:\/\/www.sastamalankylat.fi\/vahahaara\/wp-json\/wp\/v2\/types\/post"}],"author":[{"embeddable":true,"href":"https:\/\/www.sastamalankylat.fi\/vahahaara\/wp-json\/wp\/v2\/users\/12"}],"replies":[{"embeddable":true,"href":"https:\/\/www.sastamalankylat.fi\/vahahaara\/wp-json\/wp\/v2\/comments?post=1011"}],"version-history":[{"count":2,"href":"https:\/\/www.sastamalankylat.fi\/vahahaara\/wp-json\/wp\/v2\/posts\/1011\/revisions"}],"predecessor-version":[{"id":1345,"href":"https:\/\/www.sastamalankylat.fi\/vahahaara\/wp-json\/wp\/v2\/posts\/1011\/revisions\/1345"}],"wp:featuredmedia":[{"embeddable":true,"href":"https:\/\/www.sastamalankylat.fi\/vahahaara\/wp-json\/wp\/v2\/media\/1012"}],"wp:attachment":[{"href":"https:\/\/www.sastamalankylat.fi\/vahahaara\/wp-json\/wp\/v2\/media?parent=1011"}],"wp:term":[{"taxonomy":"category","embeddable":true,"href":"https:\/\/www.sastamalankylat.fi\/vahahaara\/wp-json\/wp\/v2\/categories?post=1011"},{"taxonomy":"post_tag","embeddable":true,"href":"https:\/\/www.sastamalankylat.fi\/vahahaara\/wp-json\/wp\/v2\/tags?post=1011"}],"curies":[{"name":"wp","href":"https:\/\/api.w.org\/{rel}","templated":true}]}}