{"id":2365,"date":"2025-07-09T00:43:42","date_gmt":"2025-07-08T21:43:42","guid":{"rendered":"http:\/\/www.sastamalankylat.fi\/tapiola\/?p=2365"},"modified":"2025-07-09T00:43:42","modified_gmt":"2025-07-08T21:43:42","slug":"taas-kokkoonnuttii-vesterpakammajella","status":"publish","type":"post","link":"https:\/\/www.sastamalankylat.fi\/tapiola\/2025\/07\/09\/taas-kokkoonnuttii-vesterpakammajella\/","title":{"rendered":"Taas kokkoonnuttii Vesterpakamm\u00e4jell\u00e4"},"content":{"rendered":"<p>Taas oli stes semmone hetki, ett\u00e4 n\u00e4\u00e4 ep\u00e4vakaset ilmat n\u00e4ytti parasta pualtansa. L\u00e4mmin suvituuli h\u00f6nk\u00e4ili koska muistaan sattu ja aurinkokin paisto aina sillon, ko ei ollun noita pilvi\u00e4 sen eres\u00e4. Ja se, t\u00e4n hein\u00e4kuun kelit huamioonottae harvinaine hetki oli sillo ko Tapiolankyl\u00e4kahvila aukesa ens kertaa t\u00e4lle suvelle. Porukkaakir rupes pikkuhiljaksiin valluun paikalle ja kell\u00e4\u00e4 ei tuntunnu olevak kiruun ki\u00e4r\u00e4\u00e4. Nys stev vi\u00e4tett\u00e4s ehtoopuhretta iha kaikesa rauhasa ja oltas vaa yhres\u00e4.<\/p>\n<p><a href=\"https:\/\/i0.wp.com\/www.sastamalankylat.fi\/tapiola\/wp-content\/uploads\/sites\/5\/2025\/07\/mg-7240a.jpg\"><img data-recalc-dims=\"1\" loading=\"lazy\" decoding=\"async\" data-attachment-id=\"2348\" data-permalink=\"https:\/\/www.sastamalankylat.fi\/tapiola\/ikiliikkujat\/mg-7240a\/\" data-orig-file=\"https:\/\/i0.wp.com\/www.sastamalankylat.fi\/tapiola\/wp-content\/uploads\/sites\/5\/2025\/07\/mg-7240a.jpg?fit=1834%2C1260&amp;ssl=1\" data-orig-size=\"1834,1260\" data-comments-opened=\"0\" data-image-meta=\"{&quot;aperture&quot;:&quot;0&quot;,&quot;credit&quot;:&quot;Jani Hanhij\\u00e4rvi&quot;,&quot;camera&quot;:&quot;&quot;,&quot;caption&quot;:&quot;&quot;,&quot;created_timestamp&quot;:&quot;1752020538&quot;,&quot;copyright&quot;:&quot;&quot;,&quot;focal_length&quot;:&quot;0&quot;,&quot;iso&quot;:&quot;0&quot;,&quot;shutter_speed&quot;:&quot;0&quot;,&quot;title&quot;:&quot;&quot;,&quot;orientation&quot;:&quot;0&quot;}\" data-image-title=\"_MG_7240a\" data-image-description=\"\" data-image-caption=\"\" data-large-file=\"https:\/\/i0.wp.com\/www.sastamalankylat.fi\/tapiola\/wp-content\/uploads\/sites\/5\/2025\/07\/mg-7240a.jpg?fit=625%2C430&amp;ssl=1\" class=\"alignnone size-large wp-image-2348\" src=\"https:\/\/i0.wp.com\/www.sastamalankylat.fi\/tapiola\/wp-content\/uploads\/sites\/5\/2025\/07\/mg-7240a.jpg?resize=625%2C430\" alt=\"\" width=\"625\" height=\"430\" srcset=\"https:\/\/i0.wp.com\/www.sastamalankylat.fi\/tapiola\/wp-content\/uploads\/sites\/5\/2025\/07\/mg-7240a.jpg?resize=1024%2C704&amp;ssl=1 1024w, https:\/\/i0.wp.com\/www.sastamalankylat.fi\/tapiola\/wp-content\/uploads\/sites\/5\/2025\/07\/mg-7240a.jpg?resize=300%2C206&amp;ssl=1 300w, https:\/\/i0.wp.com\/www.sastamalankylat.fi\/tapiola\/wp-content\/uploads\/sites\/5\/2025\/07\/mg-7240a.jpg?resize=768%2C528&amp;ssl=1 768w, https:\/\/i0.wp.com\/www.sastamalankylat.fi\/tapiola\/wp-content\/uploads\/sites\/5\/2025\/07\/mg-7240a.jpg?resize=1536%2C1055&amp;ssl=1 1536w, https:\/\/i0.wp.com\/www.sastamalankylat.fi\/tapiola\/wp-content\/uploads\/sites\/5\/2025\/07\/mg-7240a.jpg?resize=624%2C429&amp;ssl=1 624w, https:\/\/i0.wp.com\/www.sastamalankylat.fi\/tapiola\/wp-content\/uploads\/sites\/5\/2025\/07\/mg-7240a.jpg?w=1834&amp;ssl=1 1834w, https:\/\/i0.wp.com\/www.sastamalankylat.fi\/tapiola\/wp-content\/uploads\/sites\/5\/2025\/07\/mg-7240a.jpg?w=1250 1250w\" sizes=\"auto, (max-width: 625px) 100vw, 625px\" \/><\/a><\/p>\n<p>T\u00e4n kerran kahveetuksesta hualta pit\u00e4v\u00e4t oli kokkoontunnu yhteisee neuvonpittoon, vaiko vaam muuton raattaamaa ennenkun se varsinainer ruuhka heitin ty\u00e4maallansa alko. Orotettavisa ku oli taas l\u00e4hemm\u00e4ks sata kahveejanosta ja pikkupurtavann\u00e4lk\u00e4st\u00e4 ehtoopuhtee istujaa.<\/p>\n<p><a href=\"https:\/\/i0.wp.com\/www.sastamalankylat.fi\/tapiola\/wp-content\/uploads\/sites\/5\/2025\/07\/mg-7244a.jpg\"><img data-recalc-dims=\"1\" loading=\"lazy\" decoding=\"async\" data-attachment-id=\"2349\" data-permalink=\"https:\/\/www.sastamalankylat.fi\/tapiola\/ikiliikkujat\/mg-7244a\/\" data-orig-file=\"https:\/\/i0.wp.com\/www.sastamalankylat.fi\/tapiola\/wp-content\/uploads\/sites\/5\/2025\/07\/mg-7244a.jpg?fit=1890%2C1259&amp;ssl=1\" data-orig-size=\"1890,1259\" data-comments-opened=\"0\" data-image-meta=\"{&quot;aperture&quot;:&quot;0&quot;,&quot;credit&quot;:&quot;Jani Hanhij\\u00e4rvi&quot;,&quot;camera&quot;:&quot;&quot;,&quot;caption&quot;:&quot;&quot;,&quot;created_timestamp&quot;:&quot;1752020526&quot;,&quot;copyright&quot;:&quot;&quot;,&quot;focal_length&quot;:&quot;0&quot;,&quot;iso&quot;:&quot;0&quot;,&quot;shutter_speed&quot;:&quot;0&quot;,&quot;title&quot;:&quot;&quot;,&quot;orientation&quot;:&quot;0&quot;}\" data-image-title=\"_MG_7244a\" data-image-description=\"\" data-image-caption=\"\" data-large-file=\"https:\/\/i0.wp.com\/www.sastamalankylat.fi\/tapiola\/wp-content\/uploads\/sites\/5\/2025\/07\/mg-7244a.jpg?fit=625%2C416&amp;ssl=1\" class=\"alignnone size-large wp-image-2349\" src=\"https:\/\/i0.wp.com\/www.sastamalankylat.fi\/tapiola\/wp-content\/uploads\/sites\/5\/2025\/07\/mg-7244a.jpg?resize=625%2C416\" alt=\"\" width=\"625\" height=\"416\" srcset=\"https:\/\/i0.wp.com\/www.sastamalankylat.fi\/tapiola\/wp-content\/uploads\/sites\/5\/2025\/07\/mg-7244a.jpg?resize=1024%2C682&amp;ssl=1 1024w, https:\/\/i0.wp.com\/www.sastamalankylat.fi\/tapiola\/wp-content\/uploads\/sites\/5\/2025\/07\/mg-7244a.jpg?resize=300%2C200&amp;ssl=1 300w, https:\/\/i0.wp.com\/www.sastamalankylat.fi\/tapiola\/wp-content\/uploads\/sites\/5\/2025\/07\/mg-7244a.jpg?resize=768%2C512&amp;ssl=1 768w, https:\/\/i0.wp.com\/www.sastamalankylat.fi\/tapiola\/wp-content\/uploads\/sites\/5\/2025\/07\/mg-7244a.jpg?resize=1536%2C1023&amp;ssl=1 1536w, https:\/\/i0.wp.com\/www.sastamalankylat.fi\/tapiola\/wp-content\/uploads\/sites\/5\/2025\/07\/mg-7244a.jpg?resize=624%2C416&amp;ssl=1 624w, https:\/\/i0.wp.com\/www.sastamalankylat.fi\/tapiola\/wp-content\/uploads\/sites\/5\/2025\/07\/mg-7244a.jpg?w=1890&amp;ssl=1 1890w, https:\/\/i0.wp.com\/www.sastamalankylat.fi\/tapiola\/wp-content\/uploads\/sites\/5\/2025\/07\/mg-7244a.jpg?w=1250 1250w\" sizes=\"auto, (max-width: 625px) 100vw, 625px\" \/><\/a><\/p>\n<p>Mutte t\u00e4nne vallan stek kahveeta juamaan tultu, olihan t\u00e4\u00e4l\u00e4 step palio tuttujaki, joitten kans oli hyv\u00e4 parantaa mailmaa. Kai se stek kokolailla hyv\u00e4\u00e4n \u00e4nttiin ehtoommitttaan saatinki. Mutta sellis\u00e4ks t\u00e4\u00e4l\u00e4 oli viaraana t\u00e4\u00e4 Sastamalalaisteh hyvivointikoortinaattori Saarem Mervi, jonka puhheita kuuneltii jos ei ny ihas steh henkee pir\u00e4telle, mutta tarkkan kumminki. Ja olihan Mervill\u00e4 step palio sanottavvaaki, siitt\u00e4, mit\u00e4 h\u00e4n oli tekem\u00e4s\u00e4 ja mit\u00e4 jo oli aikaseks saatu. Mutta ihan ninkun kaikki mailmanparantajat t\u00e4t\u00e4 ennenki, nin t\u00e4\u00e4kik korosti ihas stev viimeseks ja t\u00e4rkeimp\u00e4n\u00e4 asiana sit\u00e4, ett\u00e4 ihmisten t\u00e4ytys enempi vaa aktiivisemmi pitt\u00e4\u00e4 hualta oikeurestansa saara kunnallisia palveluita. Ja sit\u00e4, ett\u00e4 kun osa porukasta ei ossaa eres n\u00e4it\u00e4 palveluita hakkee ja l\u00f6yt\u00e4\u00e4, nin pit\u00e4s semmostej jokka ossaa ja ti\u00e4t\u00e4\u00e4, k\u00e4yr\u00e4 n\u00e4it\u00e4 heikompiansakki hihasta kii ja kiskoo ne mukkaav vaikka pualiv\u00e4kisi.<\/p>\n<p><a href=\"https:\/\/i0.wp.com\/www.sastamalankylat.fi\/tapiola\/wp-content\/uploads\/sites\/5\/2025\/07\/mg-7258a.jpg\"><img data-recalc-dims=\"1\" loading=\"lazy\" decoding=\"async\" data-attachment-id=\"2350\" data-permalink=\"https:\/\/www.sastamalankylat.fi\/tapiola\/ikiliikkujat\/mg-7258a\/\" data-orig-file=\"https:\/\/i0.wp.com\/www.sastamalankylat.fi\/tapiola\/wp-content\/uploads\/sites\/5\/2025\/07\/mg-7258a.jpg?fit=2176%2C1252&amp;ssl=1\" data-orig-size=\"2176,1252\" data-comments-opened=\"0\" data-image-meta=\"{&quot;aperture&quot;:&quot;0&quot;,&quot;credit&quot;:&quot;Jani Hanhij\\u00e4rvi&quot;,&quot;camera&quot;:&quot;&quot;,&quot;caption&quot;:&quot;&quot;,&quot;created_timestamp&quot;:&quot;1752020456&quot;,&quot;copyright&quot;:&quot;&quot;,&quot;focal_length&quot;:&quot;0&quot;,&quot;iso&quot;:&quot;0&quot;,&quot;shutter_speed&quot;:&quot;0&quot;,&quot;title&quot;:&quot;&quot;,&quot;orientation&quot;:&quot;0&quot;}\" data-image-title=\"_MG_7258a\" data-image-description=\"\" data-image-caption=\"\" data-large-file=\"https:\/\/i0.wp.com\/www.sastamalankylat.fi\/tapiola\/wp-content\/uploads\/sites\/5\/2025\/07\/mg-7258a.jpg?fit=625%2C359&amp;ssl=1\" class=\"alignnone size-large wp-image-2350\" src=\"https:\/\/i0.wp.com\/www.sastamalankylat.fi\/tapiola\/wp-content\/uploads\/sites\/5\/2025\/07\/mg-7258a.jpg?resize=625%2C359\" alt=\"\" width=\"625\" height=\"359\" srcset=\"https:\/\/i0.wp.com\/www.sastamalankylat.fi\/tapiola\/wp-content\/uploads\/sites\/5\/2025\/07\/mg-7258a.jpg?resize=1024%2C589&amp;ssl=1 1024w, https:\/\/i0.wp.com\/www.sastamalankylat.fi\/tapiola\/wp-content\/uploads\/sites\/5\/2025\/07\/mg-7258a.jpg?resize=300%2C173&amp;ssl=1 300w, https:\/\/i0.wp.com\/www.sastamalankylat.fi\/tapiola\/wp-content\/uploads\/sites\/5\/2025\/07\/mg-7258a.jpg?resize=768%2C442&amp;ssl=1 768w, https:\/\/i0.wp.com\/www.sastamalankylat.fi\/tapiola\/wp-content\/uploads\/sites\/5\/2025\/07\/mg-7258a.jpg?resize=1536%2C884&amp;ssl=1 1536w, https:\/\/i0.wp.com\/www.sastamalankylat.fi\/tapiola\/wp-content\/uploads\/sites\/5\/2025\/07\/mg-7258a.jpg?resize=2048%2C1178&amp;ssl=1 2048w, https:\/\/i0.wp.com\/www.sastamalankylat.fi\/tapiola\/wp-content\/uploads\/sites\/5\/2025\/07\/mg-7258a.jpg?resize=624%2C359&amp;ssl=1 624w, https:\/\/i0.wp.com\/www.sastamalankylat.fi\/tapiola\/wp-content\/uploads\/sites\/5\/2025\/07\/mg-7258a.jpg?w=1250 1250w, https:\/\/i0.wp.com\/www.sastamalankylat.fi\/tapiola\/wp-content\/uploads\/sites\/5\/2025\/07\/mg-7258a.jpg?w=1875 1875w\" sizes=\"auto, (max-width: 625px) 100vw, 625px\" \/><\/a><\/p>\n<p>Siin\u00e4 sit\u00e4 ehtoopuhre kulu mukavasti, tuttuja jos stev v\u00e4h\u00e4set tuntemattomampiakit tavatesa ja kuulumisia vaihrelle. Unohtamatta ti\u00e4tystikk\u00e4n makkarakrillij ja kahvion antimia. Siin\u00e4 v\u00e4jej joukosa rampatesa huamasin semmossenkij jutu, ett\u00e4 palio vanhaa vakik\u00e4vij\u00e4\u00e4 puuttu kuvasta, mutta jonkiverra stev valla uuttakis sakkia oli tullu paikalle. N\u00e4\u00e4 ilmat ov viimes p\u00e4ivin\u00e4 ollu stes sevverra arvaamattomia, ettei v\u00e4kikattoo just tartte ihmetell\u00e4.<\/p>\n<p><a href=\"https:\/\/i0.wp.com\/www.sastamalankylat.fi\/tapiola\/wp-content\/uploads\/sites\/5\/2025\/07\/mg-7267a.jpg\"><img data-recalc-dims=\"1\" loading=\"lazy\" decoding=\"async\" data-attachment-id=\"2351\" data-permalink=\"https:\/\/www.sastamalankylat.fi\/tapiola\/ikiliikkujat\/mg-7267a\/\" data-orig-file=\"https:\/\/i0.wp.com\/www.sastamalankylat.fi\/tapiola\/wp-content\/uploads\/sites\/5\/2025\/07\/mg-7267a.jpg?fit=2104%2C1250&amp;ssl=1\" data-orig-size=\"2104,1250\" data-comments-opened=\"0\" data-image-meta=\"{&quot;aperture&quot;:&quot;0&quot;,&quot;credit&quot;:&quot;Jani Hanhij\\u00e4rvi&quot;,&quot;camera&quot;:&quot;&quot;,&quot;caption&quot;:&quot;&quot;,&quot;created_timestamp&quot;:&quot;1752020368&quot;,&quot;copyright&quot;:&quot;&quot;,&quot;focal_length&quot;:&quot;0&quot;,&quot;iso&quot;:&quot;0&quot;,&quot;shutter_speed&quot;:&quot;0&quot;,&quot;title&quot;:&quot;&quot;,&quot;orientation&quot;:&quot;0&quot;}\" data-image-title=\"_MG_7267a\" data-image-description=\"\" data-image-caption=\"\" data-large-file=\"https:\/\/i0.wp.com\/www.sastamalankylat.fi\/tapiola\/wp-content\/uploads\/sites\/5\/2025\/07\/mg-7267a.jpg?fit=625%2C371&amp;ssl=1\" class=\"alignnone size-large wp-image-2351\" src=\"https:\/\/i0.wp.com\/www.sastamalankylat.fi\/tapiola\/wp-content\/uploads\/sites\/5\/2025\/07\/mg-7267a.jpg?resize=625%2C371\" alt=\"\" width=\"625\" height=\"371\" srcset=\"https:\/\/i0.wp.com\/www.sastamalankylat.fi\/tapiola\/wp-content\/uploads\/sites\/5\/2025\/07\/mg-7267a.jpg?resize=1024%2C608&amp;ssl=1 1024w, https:\/\/i0.wp.com\/www.sastamalankylat.fi\/tapiola\/wp-content\/uploads\/sites\/5\/2025\/07\/mg-7267a.jpg?resize=300%2C178&amp;ssl=1 300w, https:\/\/i0.wp.com\/www.sastamalankylat.fi\/tapiola\/wp-content\/uploads\/sites\/5\/2025\/07\/mg-7267a.jpg?resize=768%2C456&amp;ssl=1 768w, https:\/\/i0.wp.com\/www.sastamalankylat.fi\/tapiola\/wp-content\/uploads\/sites\/5\/2025\/07\/mg-7267a.jpg?resize=1536%2C913&amp;ssl=1 1536w, https:\/\/i0.wp.com\/www.sastamalankylat.fi\/tapiola\/wp-content\/uploads\/sites\/5\/2025\/07\/mg-7267a.jpg?resize=2048%2C1217&amp;ssl=1 2048w, https:\/\/i0.wp.com\/www.sastamalankylat.fi\/tapiola\/wp-content\/uploads\/sites\/5\/2025\/07\/mg-7267a.jpg?resize=624%2C371&amp;ssl=1 624w, https:\/\/i0.wp.com\/www.sastamalankylat.fi\/tapiola\/wp-content\/uploads\/sites\/5\/2025\/07\/mg-7267a.jpg?w=1250 1250w, https:\/\/i0.wp.com\/www.sastamalankylat.fi\/tapiola\/wp-content\/uploads\/sites\/5\/2025\/07\/mg-7267a.jpg?w=1875 1875w\" sizes=\"auto, (max-width: 625px) 100vw, 625px\" \/><\/a><\/p>\n<p>Yks ov varma ja se on stes se, ett\u00e4 kaks ki\u00e4rt\u00e4\u00e4 aina jokkaisen tyk\u00f6n\u00e4. Toine ov viaraskirja, johonka jokkaiek k\u00e4vij\u00e4 piirt\u00e4\u00e4 puumerkkins\u00e4 ja toine on t\u00e4\u00e4 arpojem myyj\u00e4. Joka kerta arvotaas ste ep\u00e4m\u00e4\u00e4r\u00e4nem m\u00e4\u00e4r\u00e4 palkintoja, ihas stes sem mukkaam mit\u00e4 o palkinnoiks l\u00f6ytynny. Ja arvonta suaritettaa stev viimeses\u00e4 p\u00e4\u00e4s\u00e4 ehtoon ohjelmaa. Niette kannata koskaal l\u00e4htee ennenku o varma, ettei mukkaal l\u00e4hre jottain palkintoo. T\u00e4ll\u00e4 kertaa Kirsti ahkeroitti arpojem myynnis\u00e4 ja saiki tallata ahkerasti erestakas pitkij ja poiki.<\/p>\n<p><a href=\"https:\/\/i0.wp.com\/www.sastamalankylat.fi\/tapiola\/wp-content\/uploads\/sites\/5\/2025\/07\/mg-7268a.jpg\"><img data-recalc-dims=\"1\" loading=\"lazy\" decoding=\"async\" data-attachment-id=\"2352\" data-permalink=\"https:\/\/www.sastamalankylat.fi\/tapiola\/ikiliikkujat\/mg-7268a\/\" data-orig-file=\"https:\/\/i0.wp.com\/www.sastamalankylat.fi\/tapiola\/wp-content\/uploads\/sites\/5\/2025\/07\/mg-7268a.jpg?fit=1885%2C1251&amp;ssl=1\" data-orig-size=\"1885,1251\" data-comments-opened=\"0\" data-image-meta=\"{&quot;aperture&quot;:&quot;0&quot;,&quot;credit&quot;:&quot;Jani Hanhij\\u00e4rvi&quot;,&quot;camera&quot;:&quot;&quot;,&quot;caption&quot;:&quot;&quot;,&quot;created_timestamp&quot;:&quot;1752020352&quot;,&quot;copyright&quot;:&quot;&quot;,&quot;focal_length&quot;:&quot;0&quot;,&quot;iso&quot;:&quot;0&quot;,&quot;shutter_speed&quot;:&quot;0&quot;,&quot;title&quot;:&quot;&quot;,&quot;orientation&quot;:&quot;0&quot;}\" data-image-title=\"_MG_7268a\" data-image-description=\"\" data-image-caption=\"\" data-large-file=\"https:\/\/i0.wp.com\/www.sastamalankylat.fi\/tapiola\/wp-content\/uploads\/sites\/5\/2025\/07\/mg-7268a.jpg?fit=625%2C415&amp;ssl=1\" class=\"alignnone size-large wp-image-2352\" src=\"https:\/\/i0.wp.com\/www.sastamalankylat.fi\/tapiola\/wp-content\/uploads\/sites\/5\/2025\/07\/mg-7268a.jpg?resize=625%2C415\" alt=\"\" width=\"625\" height=\"415\" srcset=\"https:\/\/i0.wp.com\/www.sastamalankylat.fi\/tapiola\/wp-content\/uploads\/sites\/5\/2025\/07\/mg-7268a.jpg?resize=1024%2C680&amp;ssl=1 1024w, https:\/\/i0.wp.com\/www.sastamalankylat.fi\/tapiola\/wp-content\/uploads\/sites\/5\/2025\/07\/mg-7268a.jpg?resize=300%2C199&amp;ssl=1 300w, https:\/\/i0.wp.com\/www.sastamalankylat.fi\/tapiola\/wp-content\/uploads\/sites\/5\/2025\/07\/mg-7268a.jpg?resize=768%2C510&amp;ssl=1 768w, https:\/\/i0.wp.com\/www.sastamalankylat.fi\/tapiola\/wp-content\/uploads\/sites\/5\/2025\/07\/mg-7268a.jpg?resize=1536%2C1019&amp;ssl=1 1536w, https:\/\/i0.wp.com\/www.sastamalankylat.fi\/tapiola\/wp-content\/uploads\/sites\/5\/2025\/07\/mg-7268a.jpg?resize=624%2C414&amp;ssl=1 624w, https:\/\/i0.wp.com\/www.sastamalankylat.fi\/tapiola\/wp-content\/uploads\/sites\/5\/2025\/07\/mg-7268a.jpg?w=1885&amp;ssl=1 1885w, https:\/\/i0.wp.com\/www.sastamalankylat.fi\/tapiola\/wp-content\/uploads\/sites\/5\/2025\/07\/mg-7268a.jpg?w=1250 1250w\" sizes=\"auto, (max-width: 625px) 100vw, 625px\" \/><\/a><\/p>\n<p>Kus stel l\u00f6yty vi\u00e4l\u00e4 onnetarkis stev v\u00e4h\u00e4sen nuarempaa ik\u00e4luakkaa, nip p\u00e4\u00e4si se palkintoje arpomineki stev vihroviimen alkaan. Ja nousihas si\u00e4lt\u00e4 ste jos jonkillaista palkintoo, ekaks lahjakortti sittarii ja kahveppakettia ja jos vaikka mit\u00e4 muuta. Osa porukasta oli jo ehtinny l\u00e4hteenki, mutta eik\u00f6h\u00e4n niillekis ste saaraa voitot kottii hoirettua.<\/p>\n<p><a href=\"https:\/\/i0.wp.com\/www.sastamalankylat.fi\/tapiola\/wp-content\/uploads\/sites\/5\/2025\/07\/mg-7277a.jpg\"><img data-recalc-dims=\"1\" loading=\"lazy\" decoding=\"async\" data-attachment-id=\"2353\" data-permalink=\"https:\/\/www.sastamalankylat.fi\/tapiola\/ikiliikkujat\/mg-7277a\/\" data-orig-file=\"https:\/\/i0.wp.com\/www.sastamalankylat.fi\/tapiola\/wp-content\/uploads\/sites\/5\/2025\/07\/mg-7277a.jpg?fit=1596%2C1255&amp;ssl=1\" data-orig-size=\"1596,1255\" data-comments-opened=\"0\" data-image-meta=\"{&quot;aperture&quot;:&quot;0&quot;,&quot;credit&quot;:&quot;Jani Hanhij\\u00e4rvi&quot;,&quot;camera&quot;:&quot;&quot;,&quot;caption&quot;:&quot;&quot;,&quot;created_timestamp&quot;:&quot;1752020426&quot;,&quot;copyright&quot;:&quot;&quot;,&quot;focal_length&quot;:&quot;0&quot;,&quot;iso&quot;:&quot;0&quot;,&quot;shutter_speed&quot;:&quot;0&quot;,&quot;title&quot;:&quot;&quot;,&quot;orientation&quot;:&quot;0&quot;}\" data-image-title=\"_MG_7277a\" data-image-description=\"\" data-image-caption=\"\" data-large-file=\"https:\/\/i0.wp.com\/www.sastamalankylat.fi\/tapiola\/wp-content\/uploads\/sites\/5\/2025\/07\/mg-7277a.jpg?fit=625%2C491&amp;ssl=1\" class=\"alignnone size-large wp-image-2353\" src=\"https:\/\/i0.wp.com\/www.sastamalankylat.fi\/tapiola\/wp-content\/uploads\/sites\/5\/2025\/07\/mg-7277a.jpg?resize=625%2C491\" alt=\"\" width=\"625\" height=\"491\" srcset=\"https:\/\/i0.wp.com\/www.sastamalankylat.fi\/tapiola\/wp-content\/uploads\/sites\/5\/2025\/07\/mg-7277a.jpg?resize=1024%2C805&amp;ssl=1 1024w, https:\/\/i0.wp.com\/www.sastamalankylat.fi\/tapiola\/wp-content\/uploads\/sites\/5\/2025\/07\/mg-7277a.jpg?resize=300%2C236&amp;ssl=1 300w, https:\/\/i0.wp.com\/www.sastamalankylat.fi\/tapiola\/wp-content\/uploads\/sites\/5\/2025\/07\/mg-7277a.jpg?resize=768%2C604&amp;ssl=1 768w, https:\/\/i0.wp.com\/www.sastamalankylat.fi\/tapiola\/wp-content\/uploads\/sites\/5\/2025\/07\/mg-7277a.jpg?resize=1536%2C1208&amp;ssl=1 1536w, https:\/\/i0.wp.com\/www.sastamalankylat.fi\/tapiola\/wp-content\/uploads\/sites\/5\/2025\/07\/mg-7277a.jpg?resize=624%2C491&amp;ssl=1 624w, https:\/\/i0.wp.com\/www.sastamalankylat.fi\/tapiola\/wp-content\/uploads\/sites\/5\/2025\/07\/mg-7277a.jpg?w=1596&amp;ssl=1 1596w, https:\/\/i0.wp.com\/www.sastamalankylat.fi\/tapiola\/wp-content\/uploads\/sites\/5\/2025\/07\/mg-7277a.jpg?w=1250 1250w\" sizes=\"auto, (max-width: 625px) 100vw, 625px\" \/><\/a><\/p>\n<p>T\u00e4s\u00e4 sai Sastamala-muki uure onnellise omistaja. Siitt\u00e4 sit\u00e4 kelpaa stev vaikka ryyst\u00e4\u00e4 aamukahvetta ja muistella t\u00e4t\u00e4 Tapiolan kyl\u00e4kahvilaehtoota. T\u00e4st\u00e4 j\u00e4i varmastikki kaikille t\u00e4\u00e4l\u00e4olleille hyv\u00e4t muistot. Toivottavasti ens perjantaiehtoona o yht\u00e4 hyv\u00e4t kelit ja niitten mukana tunnelmat korkeella.<\/p>\n<p><a href=\"https:\/\/i0.wp.com\/www.sastamalankylat.fi\/tapiola\/wp-content\/uploads\/sites\/5\/2025\/07\/mg-7281a.jpg\"><img data-recalc-dims=\"1\" loading=\"lazy\" decoding=\"async\" data-attachment-id=\"2354\" data-permalink=\"https:\/\/www.sastamalankylat.fi\/tapiola\/ikiliikkujat\/mg-7281a\/\" data-orig-file=\"https:\/\/i0.wp.com\/www.sastamalankylat.fi\/tapiola\/wp-content\/uploads\/sites\/5\/2025\/07\/mg-7281a.jpg?fit=1897%2C1253&amp;ssl=1\" data-orig-size=\"1897,1253\" data-comments-opened=\"0\" data-image-meta=\"{&quot;aperture&quot;:&quot;0&quot;,&quot;credit&quot;:&quot;Jani Hanhij\\u00e4rvi&quot;,&quot;camera&quot;:&quot;&quot;,&quot;caption&quot;:&quot;&quot;,&quot;created_timestamp&quot;:&quot;1752020389&quot;,&quot;copyright&quot;:&quot;&quot;,&quot;focal_length&quot;:&quot;0&quot;,&quot;iso&quot;:&quot;0&quot;,&quot;shutter_speed&quot;:&quot;0&quot;,&quot;title&quot;:&quot;&quot;,&quot;orientation&quot;:&quot;0&quot;}\" data-image-title=\"_MG_7281a\" data-image-description=\"\" data-image-caption=\"\" data-large-file=\"https:\/\/i0.wp.com\/www.sastamalankylat.fi\/tapiola\/wp-content\/uploads\/sites\/5\/2025\/07\/mg-7281a.jpg?fit=625%2C413&amp;ssl=1\" class=\"alignnone size-large wp-image-2354\" src=\"https:\/\/i0.wp.com\/www.sastamalankylat.fi\/tapiola\/wp-content\/uploads\/sites\/5\/2025\/07\/mg-7281a.jpg?resize=625%2C413\" alt=\"\" width=\"625\" height=\"413\" srcset=\"https:\/\/i0.wp.com\/www.sastamalankylat.fi\/tapiola\/wp-content\/uploads\/sites\/5\/2025\/07\/mg-7281a.jpg?resize=1024%2C676&amp;ssl=1 1024w, https:\/\/i0.wp.com\/www.sastamalankylat.fi\/tapiola\/wp-content\/uploads\/sites\/5\/2025\/07\/mg-7281a.jpg?resize=300%2C198&amp;ssl=1 300w, https:\/\/i0.wp.com\/www.sastamalankylat.fi\/tapiola\/wp-content\/uploads\/sites\/5\/2025\/07\/mg-7281a.jpg?resize=768%2C507&amp;ssl=1 768w, https:\/\/i0.wp.com\/www.sastamalankylat.fi\/tapiola\/wp-content\/uploads\/sites\/5\/2025\/07\/mg-7281a.jpg?resize=1536%2C1015&amp;ssl=1 1536w, https:\/\/i0.wp.com\/www.sastamalankylat.fi\/tapiola\/wp-content\/uploads\/sites\/5\/2025\/07\/mg-7281a.jpg?resize=624%2C412&amp;ssl=1 624w, https:\/\/i0.wp.com\/www.sastamalankylat.fi\/tapiola\/wp-content\/uploads\/sites\/5\/2025\/07\/mg-7281a.jpg?w=1897&amp;ssl=1 1897w, https:\/\/i0.wp.com\/www.sastamalankylat.fi\/tapiola\/wp-content\/uploads\/sites\/5\/2025\/07\/mg-7281a.jpg?w=1250 1250w\" sizes=\"auto, (max-width: 625px) 100vw, 625px\" \/><\/a><\/p>\n<!-- AddThis Advanced Settings generic via filter on the_content --><!-- AddThis Share Buttons generic via filter on the_content -->","protected":false},"excerpt":{"rendered":"<p>Taas oli stes semmone hetki, ett\u00e4 n\u00e4\u00e4 ep\u00e4vakaset ilmat n\u00e4ytti parasta pualtansa. L\u00e4mmin suvituuli h\u00f6nk\u00e4ili koska muistaan sattu ja aurinkokin paisto aina sillon, ko ei ollun noita pilvi\u00e4 sen eres\u00e4. Ja se, t\u00e4n hein\u00e4kuun kelit huamioonottae harvinaine hetki oli sillo ko Tapiolankyl\u00e4kahvila aukesa ens kertaa t\u00e4lle suvelle. Porukkaakir rupes pikkuhiljaksiin valluun paikalle ja kell\u00e4\u00e4 ei [&hellip;]<!-- AddThis Advanced Settings generic via filter on wp_trim_excerpt --><!-- AddThis Share Buttons generic via filter on wp_trim_excerpt --><\/p>\n","protected":false},"author":3,"featured_media":0,"comment_status":"closed","ping_status":"open","sticky":false,"template":"","format":"standard","meta":{"jetpack_post_was_ever_published":false,"_jetpack_newsletter_access":"","_jetpack_dont_email_post_to_subs":false,"_jetpack_newsletter_tier_id":0,"_jetpack_memberships_contains_paywalled_content":false,"_jetpack_memberships_contains_paid_content":false,"footnotes":"","jetpack_publicize_message":"","jetpack_publicize_feature_enabled":true,"jetpack_social_post_already_shared":true,"jetpack_social_options":{"image_generator_settings":{"template":"highway","default_image_id":0,"font":"","enabled":false},"version":2}},"categories":[1],"tags":[],"class_list":["post-2365","post","type-post","status-publish","format-standard","hentry","category-yleinen"],"aioseo_notices":[],"jetpack_publicize_connections":[],"jetpack_featured_media_url":"","jetpack_likes_enabled":true,"jetpack_sharing_enabled":true,"jetpack_shortlink":"https:\/\/wp.me\/p3DPvf-C9","_links":{"self":[{"href":"https:\/\/www.sastamalankylat.fi\/tapiola\/wp-json\/wp\/v2\/posts\/2365","targetHints":{"allow":["GET"]}}],"collection":[{"href":"https:\/\/www.sastamalankylat.fi\/tapiola\/wp-json\/wp\/v2\/posts"}],"about":[{"href":"https:\/\/www.sastamalankylat.fi\/tapiola\/wp-json\/wp\/v2\/types\/post"}],"author":[{"embeddable":true,"href":"https:\/\/www.sastamalankylat.fi\/tapiola\/wp-json\/wp\/v2\/users\/3"}],"replies":[{"embeddable":true,"href":"https:\/\/www.sastamalankylat.fi\/tapiola\/wp-json\/wp\/v2\/comments?post=2365"}],"version-history":[{"count":1,"href":"https:\/\/www.sastamalankylat.fi\/tapiola\/wp-json\/wp\/v2\/posts\/2365\/revisions"}],"predecessor-version":[{"id":2366,"href":"https:\/\/www.sastamalankylat.fi\/tapiola\/wp-json\/wp\/v2\/posts\/2365\/revisions\/2366"}],"wp:attachment":[{"href":"https:\/\/www.sastamalankylat.fi\/tapiola\/wp-json\/wp\/v2\/media?parent=2365"}],"wp:term":[{"taxonomy":"category","embeddable":true,"href":"https:\/\/www.sastamalankylat.fi\/tapiola\/wp-json\/wp\/v2\/categories?post=2365"},{"taxonomy":"post_tag","embeddable":true,"href":"https:\/\/www.sastamalankylat.fi\/tapiola\/wp-json\/wp\/v2\/tags?post=2365"}],"curies":[{"name":"wp","href":"https:\/\/api.w.org\/{rel}","templated":true}]}}