{"id":2363,"date":"2025-07-09T00:41:01","date_gmt":"2025-07-08T21:41:01","guid":{"rendered":"http:\/\/www.sastamalankylat.fi\/tapiola\/?p=2363"},"modified":"2025-07-09T00:47:05","modified_gmt":"2025-07-08T21:47:05","slug":"aloitettiin-heinakuu-valkeakosken-reissulla","status":"publish","type":"post","link":"https:\/\/www.sastamalankylat.fi\/tapiola\/2025\/07\/09\/aloitettiin-heinakuu-valkeakosken-reissulla\/","title":{"rendered":"Aloitettiin hein\u00e4kuu Valkeakosken reissulla"},"content":{"rendered":"<p><a href=\"https:\/\/i0.wp.com\/www.sastamalankylat.fi\/tapiola\/wp-content\/uploads\/sites\/5\/2025\/07\/01.jpg\"><img data-recalc-dims=\"1\" loading=\"lazy\" decoding=\"async\" data-attachment-id=\"2360\" data-permalink=\"https:\/\/www.sastamalankylat.fi\/tapiola\/ikiliikkujat\/attachment\/01\/\" data-orig-file=\"https:\/\/i0.wp.com\/www.sastamalankylat.fi\/tapiola\/wp-content\/uploads\/sites\/5\/2025\/07\/01.jpg?fit=1024%2C576&amp;ssl=1\" data-orig-size=\"1024,576\" data-comments-opened=\"0\" data-image-meta=\"{&quot;aperture&quot;:&quot;0&quot;,&quot;credit&quot;:&quot;&quot;,&quot;camera&quot;:&quot;&quot;,&quot;caption&quot;:&quot;&quot;,&quot;created_timestamp&quot;:&quot;0&quot;,&quot;copyright&quot;:&quot;&quot;,&quot;focal_length&quot;:&quot;0&quot;,&quot;iso&quot;:&quot;0&quot;,&quot;shutter_speed&quot;:&quot;0&quot;,&quot;title&quot;:&quot;&quot;,&quot;orientation&quot;:&quot;0&quot;}\" data-image-title=\"01\" data-image-description=\"\" data-image-caption=\"\" data-large-file=\"https:\/\/i0.wp.com\/www.sastamalankylat.fi\/tapiola\/wp-content\/uploads\/sites\/5\/2025\/07\/01.jpg?fit=625%2C352&amp;ssl=1\" class=\"alignnone size-full wp-image-2360\" src=\"https:\/\/i0.wp.com\/www.sastamalankylat.fi\/tapiola\/wp-content\/uploads\/sites\/5\/2025\/07\/01.jpg?resize=625%2C352\" alt=\"\" width=\"625\" height=\"352\" srcset=\"https:\/\/i0.wp.com\/www.sastamalankylat.fi\/tapiola\/wp-content\/uploads\/sites\/5\/2025\/07\/01.jpg?w=1024&amp;ssl=1 1024w, https:\/\/i0.wp.com\/www.sastamalankylat.fi\/tapiola\/wp-content\/uploads\/sites\/5\/2025\/07\/01.jpg?resize=300%2C169&amp;ssl=1 300w, https:\/\/i0.wp.com\/www.sastamalankylat.fi\/tapiola\/wp-content\/uploads\/sites\/5\/2025\/07\/01.jpg?resize=768%2C432&amp;ssl=1 768w, https:\/\/i0.wp.com\/www.sastamalankylat.fi\/tapiola\/wp-content\/uploads\/sites\/5\/2025\/07\/01.jpg?resize=624%2C351&amp;ssl=1 624w\" sizes=\"auto, (max-width: 625px) 100vw, 625px\" \/><\/a><\/p>\n<div>\n<p><span style=\"font-size: medium;\">Hein\u00e4kuu n\u00e4ytti parhaat puolensa heti ensimm\u00e4isen\u00e4 p\u00e4iv\u00e4n\u00e4\u00e4n, kun Tapiolan vakaa kansa oli p\u00e4\u00e4tt\u00e4nyt l\u00e4hte\u00e4 Vesku-musikaalia katsomaan ja kuulemaan Valkeakoskelle. S\u00e4\u00e4 todellakin oli mit\u00e4 sopivin pienelle kes\u00e4retkelle. Oli aurinkoa ja l\u00e4mmint\u00e4, mutta ei liian kuuma. V\u00e4ki pakkautui lauhamon autoon ja nokka k\u00e4\u00e4nnettiin Tampereen suuntaan. Siin\u00e4 keskikes\u00e4isten maisemien vaihtuessa jakoi Seija liput, jotka jo hyviss\u00e4 ajoin ennakkon oli tilattu.<\/span><\/p>\n<\/div>\n<div><a href=\"https:\/\/youtu.be\/aC2sCuzARtw\" target=\"_blank\" rel=\"noopener\" data-saferedirecturl=\"https:\/\/www.google.com\/url?q=https:\/\/youtu.be\/aC2sCuzARtw&amp;source=gmail&amp;ust=1752057420016000&amp;usg=AOvVaw1D2WTpLzdgi2k19oMohtkR\">https:\/\/youtu.be\/aC2sCuzARtw<\/a><\/div>\n<div><\/div>\n<div>\n<p><span style=\"font-size: medium;\">Kes\u00e4isen maiseman vaihtuessa ikkunoitten ulkopuolella juttu luisti ja Tunnelmat olivat odottavan korkealla. Loppumatkasta otti Seija taas puheenvuoron ja kertoi ohjelmalehtisesta \u00e4lukien mit\u00e4 oli odotettavissa kunhan perille p\u00e4\u00e4st\u00e4isiin. Ja perilleh\u00e4n p\u00e4\u00e4stiin. Porukka jalkautui aurinkoiseen ja l\u00e4mpim\u00e4\u00e4n Apianniemeen l\u00e4htien siirtym\u00e4\u00e4n kohti varsinaista tapahtumapaikkaa. Tyhj\u00e4 katsomo t\u00e4yttyi v\u00e4hitellen ja illan spektaakkeli voi alkaa.<\/span><\/p>\n<\/div>\n<div><\/div>\n<div><a href=\"https:\/\/youtu.be\/SK445bkuQYE\" target=\"_blank\" rel=\"noopener\" data-saferedirecturl=\"https:\/\/www.google.com\/url?q=https:\/\/youtu.be\/SK445bkuQYE&amp;source=gmail&amp;ust=1752057420016000&amp;usg=AOvVaw37lGzecg6Kee9fxd8QzG0S\">https:\/\/youtu.be\/SK445bkuQYE<\/a><\/div>\n<div><\/div>\n<div>\n<p><span style=\"font-size: medium;\">Parituntisen kuluessa saatiin seurailla Veskun kehityst\u00e4 niin urallaan kuin ihmisen\u00e4kin. Uunot sun muut v\u00e4rikk\u00e4\u00e4t roolihahmot vilahtelivat sopivasti musiikillisen tarjonnan lomassa, unohtamatta kuitenkaan sit\u00e4, ett\u00e4 kaiken t\u00e4m\u00e4n takana oli ihminen. Ihminen, jolla oli voimakas tahto kehitty\u00e4 alallaan, mutta joka silti kaipasi sit\u00e4 oikeuttaan olla vain se Vesa. N\u00e4iden vaatimusten v\u00e4lill\u00e4 tasapainoillen meni sitten vuosikymmenten aikana terveyskin ja vain muutama tosiyst\u00e4v\u00e4 j\u00e4i j\u00e4ljelle seuraamaan t\u00e4hden viimeisi\u00e4 vaiheita. Vahvaan imitaatioon perustuva esitys oli varsin pys\u00e4ytt\u00e4v\u00e4 ja ajatuksia her\u00e4tt\u00e4v\u00e4. Varsinkin, kun nuo kuvatut vuosikymmenent ja niitten vaiheet ja tapahtumat ovat tavallaan yhteisi\u00e4. Se oli yksi n\u00e4k\u00f6kanta sen ajan ihmisten viihdek\u00e4sityksest\u00e4. Ja vaikka tuo n\u00e4yttelypuoli olisikin nykyihmiselle jo vierasta ja taaksej\u00e4\u00e4nytt\u00e4, j\u00e4\u00e4v\u00e4t nuo eri runoilijoitten herk\u00e4nkarheasti tulkitut laulut ikivihreuin\u00e4 soimaan.<\/span><\/p>\n<p><a href=\"https:\/\/i0.wp.com\/www.sastamalankylat.fi\/tapiola\/wp-content\/uploads\/sites\/5\/2025\/07\/02.jpg\"><img data-recalc-dims=\"1\" loading=\"lazy\" decoding=\"async\" data-attachment-id=\"2361\" data-permalink=\"https:\/\/www.sastamalankylat.fi\/tapiola\/ikiliikkujat\/attachment\/02\/\" data-orig-file=\"https:\/\/i0.wp.com\/www.sastamalankylat.fi\/tapiola\/wp-content\/uploads\/sites\/5\/2025\/07\/02.jpg?fit=1024%2C576&amp;ssl=1\" data-orig-size=\"1024,576\" data-comments-opened=\"0\" data-image-meta=\"{&quot;aperture&quot;:&quot;0&quot;,&quot;credit&quot;:&quot;&quot;,&quot;camera&quot;:&quot;&quot;,&quot;caption&quot;:&quot;&quot;,&quot;created_timestamp&quot;:&quot;0&quot;,&quot;copyright&quot;:&quot;&quot;,&quot;focal_length&quot;:&quot;0&quot;,&quot;iso&quot;:&quot;0&quot;,&quot;shutter_speed&quot;:&quot;0&quot;,&quot;title&quot;:&quot;&quot;,&quot;orientation&quot;:&quot;0&quot;}\" data-image-title=\"02\" data-image-description=\"\" data-image-caption=\"\" data-large-file=\"https:\/\/i0.wp.com\/www.sastamalankylat.fi\/tapiola\/wp-content\/uploads\/sites\/5\/2025\/07\/02.jpg?fit=625%2C352&amp;ssl=1\" class=\"alignnone size-full wp-image-2361\" src=\"https:\/\/i0.wp.com\/www.sastamalankylat.fi\/tapiola\/wp-content\/uploads\/sites\/5\/2025\/07\/02.jpg?resize=625%2C352\" alt=\"\" width=\"625\" height=\"352\" srcset=\"https:\/\/i0.wp.com\/www.sastamalankylat.fi\/tapiola\/wp-content\/uploads\/sites\/5\/2025\/07\/02.jpg?w=1024&amp;ssl=1 1024w, https:\/\/i0.wp.com\/www.sastamalankylat.fi\/tapiola\/wp-content\/uploads\/sites\/5\/2025\/07\/02.jpg?resize=300%2C169&amp;ssl=1 300w, https:\/\/i0.wp.com\/www.sastamalankylat.fi\/tapiola\/wp-content\/uploads\/sites\/5\/2025\/07\/02.jpg?resize=768%2C432&amp;ssl=1 768w, https:\/\/i0.wp.com\/www.sastamalankylat.fi\/tapiola\/wp-content\/uploads\/sites\/5\/2025\/07\/02.jpg?resize=624%2C351&amp;ssl=1 624w\" sizes=\"auto, (max-width: 625px) 100vw, 625px\" \/><\/a><\/p>\n<div><a href=\"https:\/\/youtu.be\/Y_ZNm0Ebtkw\" target=\"_blank\" rel=\"noopener\" data-saferedirecturl=\"https:\/\/www.google.com\/url?q=https:\/\/youtu.be\/Y_ZNm0Ebtkw&amp;source=gmail&amp;ust=1752057420016000&amp;usg=AOvVaw35B-8_tIKlgt-sffkrn6dK\">https:\/\/youtu.be\/Y_ZNm0Ebtkw<\/a><\/div>\n<div><\/div>\n<div>\n<p><span style=\"font-size: medium;\">Niinp\u00e4 sitten j\u00e4i Apianniemi taakse teattereineen. Suunta oli taas kohti Tapiolaa ja monellekin tuttujen maisemien vaihtuessa iloinen puheensorina t\u00e4ytti auton moni sulatteli viel\u00e4 mieless\u00e4\u00e4n juuri koettua ja siit\u00e4kin keskusteltiin. Kimpanp\u00e4\u00e4n Timo intoutui viel\u00e4 ottamaan puheenvuoron kertoen Leinon Eikan sanoin, mit\u00e4 suomalainen mies ajattelee naisesta. Ilmeisesti kell\u00e4\u00e4n ei ollut t\u00e4h\u00e4n mit\u00e4\u00e4n merkitt\u00e4v\u00e4\u00e4 lis\u00e4tt\u00e4v\u00e4\u00e4, koskapa mit\u00e4\u00e4n kommenttia asiaan liittyen ei tullut.\u00a0<\/span><\/p>\n<p><a href=\"https:\/\/youtu.be\/S5dmahFk0SI\" target=\"_blank\" rel=\"noopener\" data-saferedirecturl=\"https:\/\/www.google.com\/url?q=https:\/\/youtu.be\/S5dmahFk0SI&amp;source=gmail&amp;ust=1752057420016000&amp;usg=AOvVaw30_Rx10iKK75rIzVgd4MkL\">https:\/\/youtu.be\/S5dmahFk0SI<\/a><\/p>\n<\/div>\n<\/div>\n<!-- AddThis Advanced Settings generic via filter on the_content --><!-- AddThis Share Buttons generic via filter on the_content -->","protected":false},"excerpt":{"rendered":"<p>Hein\u00e4kuu n\u00e4ytti parhaat puolensa heti ensimm\u00e4isen\u00e4 p\u00e4iv\u00e4n\u00e4\u00e4n, kun Tapiolan vakaa kansa oli p\u00e4\u00e4tt\u00e4nyt l\u00e4hte\u00e4 Vesku-musikaalia katsomaan ja kuulemaan Valkeakoskelle. S\u00e4\u00e4 todellakin oli mit\u00e4 sopivin pienelle kes\u00e4retkelle. Oli aurinkoa ja l\u00e4mmint\u00e4, mutta ei liian kuuma. V\u00e4ki pakkautui lauhamon autoon ja nokka k\u00e4\u00e4nnettiin Tampereen suuntaan. Siin\u00e4 keskikes\u00e4isten maisemien vaihtuessa jakoi Seija liput, jotka jo hyviss\u00e4 ajoin ennakkon [&hellip;]<!-- AddThis Advanced Settings generic via filter on wp_trim_excerpt --><!-- AddThis Share Buttons generic via filter on wp_trim_excerpt --><\/p>\n","protected":false},"author":3,"featured_media":0,"comment_status":"closed","ping_status":"open","sticky":false,"template":"","format":"standard","meta":{"jetpack_post_was_ever_published":false,"_jetpack_newsletter_access":"","_jetpack_dont_email_post_to_subs":false,"_jetpack_newsletter_tier_id":0,"_jetpack_memberships_contains_paywalled_content":false,"_jetpack_memberships_contains_paid_content":false,"footnotes":"","jetpack_publicize_message":"","jetpack_publicize_feature_enabled":true,"jetpack_social_post_already_shared":true,"jetpack_social_options":{"image_generator_settings":{"template":"highway","default_image_id":0,"font":"","enabled":false},"version":2}},"categories":[1],"tags":[],"class_list":["post-2363","post","type-post","status-publish","format-standard","hentry","category-yleinen"],"aioseo_notices":[],"jetpack_publicize_connections":[],"jetpack_featured_media_url":"","jetpack_likes_enabled":true,"jetpack_sharing_enabled":true,"jetpack_shortlink":"https:\/\/wp.me\/p3DPvf-C7","_links":{"self":[{"href":"https:\/\/www.sastamalankylat.fi\/tapiola\/wp-json\/wp\/v2\/posts\/2363","targetHints":{"allow":["GET"]}}],"collection":[{"href":"https:\/\/www.sastamalankylat.fi\/tapiola\/wp-json\/wp\/v2\/posts"}],"about":[{"href":"https:\/\/www.sastamalankylat.fi\/tapiola\/wp-json\/wp\/v2\/types\/post"}],"author":[{"embeddable":true,"href":"https:\/\/www.sastamalankylat.fi\/tapiola\/wp-json\/wp\/v2\/users\/3"}],"replies":[{"embeddable":true,"href":"https:\/\/www.sastamalankylat.fi\/tapiola\/wp-json\/wp\/v2\/comments?post=2363"}],"version-history":[{"count":2,"href":"https:\/\/www.sastamalankylat.fi\/tapiola\/wp-json\/wp\/v2\/posts\/2363\/revisions"}],"predecessor-version":[{"id":2367,"href":"https:\/\/www.sastamalankylat.fi\/tapiola\/wp-json\/wp\/v2\/posts\/2363\/revisions\/2367"}],"wp:attachment":[{"href":"https:\/\/www.sastamalankylat.fi\/tapiola\/wp-json\/wp\/v2\/media?parent=2363"}],"wp:term":[{"taxonomy":"category","embeddable":true,"href":"https:\/\/www.sastamalankylat.fi\/tapiola\/wp-json\/wp\/v2\/categories?post=2363"},{"taxonomy":"post_tag","embeddable":true,"href":"https:\/\/www.sastamalankylat.fi\/tapiola\/wp-json\/wp\/v2\/tags?post=2363"}],"curies":[{"name":"wp","href":"https:\/\/api.w.org\/{rel}","templated":true}]}}