{"id":2326,"date":"2025-06-28T21:47:03","date_gmt":"2025-06-28T18:47:03","guid":{"rendered":"http:\/\/www.sastamalankylat.fi\/tapiola\/?p=2326"},"modified":"2025-06-28T21:47:03","modified_gmt":"2025-06-28T18:47:03","slug":"kun-tapiolassa-jussia-juhlittiin","status":"publish","type":"post","link":"https:\/\/www.sastamalankylat.fi\/tapiola\/2025\/06\/28\/kun-tapiolassa-jussia-juhlittiin\/","title":{"rendered":"Kun Tapiolassa Jussia juhlittiin"},"content":{"rendered":"<p>Hiukkasen viile\u00e4hk\u00f6, mutta muuten ihan kohtalainen juhannuss\u00e4\u00e4 otti vastaan Laavulle saapuvat tapiolalaiset viime perjantai-iltap\u00e4iv\u00e4n\u00e4. Vaikka taivaalla v\u00e4liiin seilasi hyvinkin tummia pilvi\u00e4, s\u00e4\u00e4styttiin sent\u00e4\u00e4n sateelta. Viile\u00e4 keli ja hiljakseen henk\u00e4ilev\u00e4 tuulenvire pitiv\u00e4t kaikenlaiset inisij\u00e4tkin loitolla. Oli siis mit\u00e4 parhaimmat olosuhteet viett\u00e4\u00e4 rentoa ja rauhallista aattoiltaa yhdess\u00e4.<\/p>\n<p><a href=\"https:\/\/i0.wp.com\/www.sastamalankylat.fi\/tapiola\/wp-content\/uploads\/sites\/5\/2025\/06\/img-7188.jpg\"><img data-recalc-dims=\"1\" loading=\"lazy\" decoding=\"async\" data-attachment-id=\"2329\" data-permalink=\"https:\/\/www.sastamalankylat.fi\/tapiola\/2025\/06\/28\/kun-tapiolassa-jussia-juhlittiin\/img-7188\/\" data-orig-file=\"https:\/\/i0.wp.com\/www.sastamalankylat.fi\/tapiola\/wp-content\/uploads\/sites\/5\/2025\/06\/img-7188.jpg?fit=1895%2C1263&amp;ssl=1\" data-orig-size=\"1895,1263\" data-comments-opened=\"0\" data-image-meta=\"{&quot;aperture&quot;:&quot;0&quot;,&quot;credit&quot;:&quot;Jani Hanhij\\u00e4rvi&quot;,&quot;camera&quot;:&quot;&quot;,&quot;caption&quot;:&quot;&quot;,&quot;created_timestamp&quot;:&quot;1751147081&quot;,&quot;copyright&quot;:&quot;&quot;,&quot;focal_length&quot;:&quot;0&quot;,&quot;iso&quot;:&quot;0&quot;,&quot;shutter_speed&quot;:&quot;0&quot;,&quot;title&quot;:&quot;&quot;,&quot;orientation&quot;:&quot;0&quot;}\" data-image-title=\"IMG_7188\" data-image-description=\"\" data-image-caption=\"\" data-large-file=\"https:\/\/i0.wp.com\/www.sastamalankylat.fi\/tapiola\/wp-content\/uploads\/sites\/5\/2025\/06\/img-7188.jpg?fit=625%2C416&amp;ssl=1\" class=\"alignnone size-large wp-image-2329\" src=\"https:\/\/i0.wp.com\/www.sastamalankylat.fi\/tapiola\/wp-content\/uploads\/sites\/5\/2025\/06\/img-7188.jpg?resize=625%2C416\" alt=\"\" width=\"625\" height=\"416\" srcset=\"https:\/\/i0.wp.com\/www.sastamalankylat.fi\/tapiola\/wp-content\/uploads\/sites\/5\/2025\/06\/img-7188.jpg?resize=1024%2C682&amp;ssl=1 1024w, https:\/\/i0.wp.com\/www.sastamalankylat.fi\/tapiola\/wp-content\/uploads\/sites\/5\/2025\/06\/img-7188.jpg?resize=300%2C200&amp;ssl=1 300w, https:\/\/i0.wp.com\/www.sastamalankylat.fi\/tapiola\/wp-content\/uploads\/sites\/5\/2025\/06\/img-7188.jpg?resize=768%2C512&amp;ssl=1 768w, https:\/\/i0.wp.com\/www.sastamalankylat.fi\/tapiola\/wp-content\/uploads\/sites\/5\/2025\/06\/img-7188.jpg?resize=1536%2C1024&amp;ssl=1 1536w, https:\/\/i0.wp.com\/www.sastamalankylat.fi\/tapiola\/wp-content\/uploads\/sites\/5\/2025\/06\/img-7188.jpg?resize=624%2C416&amp;ssl=1 624w, https:\/\/i0.wp.com\/www.sastamalankylat.fi\/tapiola\/wp-content\/uploads\/sites\/5\/2025\/06\/img-7188.jpg?w=1895&amp;ssl=1 1895w, https:\/\/i0.wp.com\/www.sastamalankylat.fi\/tapiola\/wp-content\/uploads\/sites\/5\/2025\/06\/img-7188.jpg?w=1250 1250w\" sizes=\"auto, (max-width: 625px) 100vw, 625px\" \/><\/a><\/p>\n<p>V\u00e4ke\u00e4 olikin kertynyt melko mukavasti ja jos kelit olivatkin v\u00e4h\u00e4n viile\u00e4t, eiv\u00e4t tunnelmat olleet sinne p\u00e4ink\u00e4\u00e4n. Nuotion ymp\u00e4rill\u00e4, jos sitten hiukan syrjemm\u00e4ll\u00e4kin siit\u00e4 juttu luisti entiseen malliin ja nauru raikui kuten asiaan kuuluikin. Oltiinhan taas kokoonnuttu muutaman viikon j\u00e4lkeen yhteen ja paljon oli sill\u00e4 aikaa maailmalla jos ihan omalla kyl\u00e4ll\u00e4kin tapahtunut kommentoitavaa.<\/p>\n<p><a href=\"https:\/\/i0.wp.com\/www.sastamalankylat.fi\/tapiola\/wp-content\/uploads\/sites\/5\/2025\/06\/img-7176a.jpg\"><img data-recalc-dims=\"1\" loading=\"lazy\" decoding=\"async\" data-attachment-id=\"2328\" data-permalink=\"https:\/\/www.sastamalankylat.fi\/tapiola\/2025\/06\/28\/kun-tapiolassa-jussia-juhlittiin\/img-7176a\/\" data-orig-file=\"https:\/\/i0.wp.com\/www.sastamalankylat.fi\/tapiola\/wp-content\/uploads\/sites\/5\/2025\/06\/img-7176a.jpg?fit=1968%2C1263&amp;ssl=1\" data-orig-size=\"1968,1263\" data-comments-opened=\"0\" data-image-meta=\"{&quot;aperture&quot;:&quot;0&quot;,&quot;credit&quot;:&quot;Jani Hanhij\\u00e4rvi&quot;,&quot;camera&quot;:&quot;&quot;,&quot;caption&quot;:&quot;&quot;,&quot;created_timestamp&quot;:&quot;1751147065&quot;,&quot;copyright&quot;:&quot;&quot;,&quot;focal_length&quot;:&quot;0&quot;,&quot;iso&quot;:&quot;0&quot;,&quot;shutter_speed&quot;:&quot;0&quot;,&quot;title&quot;:&quot;&quot;,&quot;orientation&quot;:&quot;0&quot;}\" data-image-title=\"IMG_7176a\" data-image-description=\"\" data-image-caption=\"\" data-large-file=\"https:\/\/i0.wp.com\/www.sastamalankylat.fi\/tapiola\/wp-content\/uploads\/sites\/5\/2025\/06\/img-7176a.jpg?fit=625%2C401&amp;ssl=1\" class=\"alignnone size-large wp-image-2328\" src=\"https:\/\/i0.wp.com\/www.sastamalankylat.fi\/tapiola\/wp-content\/uploads\/sites\/5\/2025\/06\/img-7176a.jpg?resize=625%2C401\" alt=\"\" width=\"625\" height=\"401\" srcset=\"https:\/\/i0.wp.com\/www.sastamalankylat.fi\/tapiola\/wp-content\/uploads\/sites\/5\/2025\/06\/img-7176a.jpg?resize=1024%2C657&amp;ssl=1 1024w, https:\/\/i0.wp.com\/www.sastamalankylat.fi\/tapiola\/wp-content\/uploads\/sites\/5\/2025\/06\/img-7176a.jpg?resize=300%2C193&amp;ssl=1 300w, https:\/\/i0.wp.com\/www.sastamalankylat.fi\/tapiola\/wp-content\/uploads\/sites\/5\/2025\/06\/img-7176a.jpg?resize=768%2C493&amp;ssl=1 768w, https:\/\/i0.wp.com\/www.sastamalankylat.fi\/tapiola\/wp-content\/uploads\/sites\/5\/2025\/06\/img-7176a.jpg?resize=1536%2C986&amp;ssl=1 1536w, https:\/\/i0.wp.com\/www.sastamalankylat.fi\/tapiola\/wp-content\/uploads\/sites\/5\/2025\/06\/img-7176a.jpg?resize=624%2C400&amp;ssl=1 624w, https:\/\/i0.wp.com\/www.sastamalankylat.fi\/tapiola\/wp-content\/uploads\/sites\/5\/2025\/06\/img-7176a.jpg?w=1968&amp;ssl=1 1968w, https:\/\/i0.wp.com\/www.sastamalankylat.fi\/tapiola\/wp-content\/uploads\/sites\/5\/2025\/06\/img-7176a.jpg?w=1250 1250w, https:\/\/i0.wp.com\/www.sastamalankylat.fi\/tapiola\/wp-content\/uploads\/sites\/5\/2025\/06\/img-7176a.jpg?w=1875 1875w\" sizes=\"auto, (max-width: 625px) 100vw, 625px\" \/><\/a><\/p>\n<p>L\u00e4hes yht\u00e4 rutinoituneen tottuneesti kuin yhdistyksen puheenjohtajan pesti\u00e4, hoiteli Seija tulta, ett\u00e4 paikalle tulleille olisi riitt\u00e4nyt kuumaa nokipannukahvia ja makkaraa. Eik\u00e4 kummastakaan tullutkaan puutetta. Siin\u00e4 ohessa vaihdeltiin kuulumisia ja muisteltiin menneit\u00e4 aikoja ja jo keskuudestamme poistuneita henkil\u00f6it\u00e4.<\/p>\n<p><a href=\"https:\/\/i0.wp.com\/www.sastamalankylat.fi\/tapiola\/wp-content\/uploads\/sites\/5\/2025\/06\/img-7196a.jpg\"><img data-recalc-dims=\"1\" loading=\"lazy\" decoding=\"async\" data-attachment-id=\"2331\" data-permalink=\"https:\/\/www.sastamalankylat.fi\/tapiola\/2025\/06\/28\/kun-tapiolassa-jussia-juhlittiin\/img-7196a\/\" data-orig-file=\"https:\/\/i0.wp.com\/www.sastamalankylat.fi\/tapiola\/wp-content\/uploads\/sites\/5\/2025\/06\/img-7196a.jpg?fit=1896%2C1257&amp;ssl=1\" data-orig-size=\"1896,1257\" data-comments-opened=\"0\" data-image-meta=\"{&quot;aperture&quot;:&quot;0&quot;,&quot;credit&quot;:&quot;Jani Hanhij\\u00e4rvi&quot;,&quot;camera&quot;:&quot;&quot;,&quot;caption&quot;:&quot;&quot;,&quot;created_timestamp&quot;:&quot;1751147104&quot;,&quot;copyright&quot;:&quot;&quot;,&quot;focal_length&quot;:&quot;0&quot;,&quot;iso&quot;:&quot;0&quot;,&quot;shutter_speed&quot;:&quot;0&quot;,&quot;title&quot;:&quot;&quot;,&quot;orientation&quot;:&quot;0&quot;}\" data-image-title=\"IMG_7196a\" data-image-description=\"\" data-image-caption=\"\" data-large-file=\"https:\/\/i0.wp.com\/www.sastamalankylat.fi\/tapiola\/wp-content\/uploads\/sites\/5\/2025\/06\/img-7196a.jpg?fit=625%2C414&amp;ssl=1\" class=\"alignnone size-large wp-image-2331\" src=\"https:\/\/i0.wp.com\/www.sastamalankylat.fi\/tapiola\/wp-content\/uploads\/sites\/5\/2025\/06\/img-7196a.jpg?resize=625%2C414\" alt=\"\" width=\"625\" height=\"414\" srcset=\"https:\/\/i0.wp.com\/www.sastamalankylat.fi\/tapiola\/wp-content\/uploads\/sites\/5\/2025\/06\/img-7196a.jpg?resize=1024%2C679&amp;ssl=1 1024w, https:\/\/i0.wp.com\/www.sastamalankylat.fi\/tapiola\/wp-content\/uploads\/sites\/5\/2025\/06\/img-7196a.jpg?resize=300%2C199&amp;ssl=1 300w, https:\/\/i0.wp.com\/www.sastamalankylat.fi\/tapiola\/wp-content\/uploads\/sites\/5\/2025\/06\/img-7196a.jpg?resize=768%2C509&amp;ssl=1 768w, https:\/\/i0.wp.com\/www.sastamalankylat.fi\/tapiola\/wp-content\/uploads\/sites\/5\/2025\/06\/img-7196a.jpg?resize=1536%2C1018&amp;ssl=1 1536w, https:\/\/i0.wp.com\/www.sastamalankylat.fi\/tapiola\/wp-content\/uploads\/sites\/5\/2025\/06\/img-7196a.jpg?resize=624%2C414&amp;ssl=1 624w, https:\/\/i0.wp.com\/www.sastamalankylat.fi\/tapiola\/wp-content\/uploads\/sites\/5\/2025\/06\/img-7196a.jpg?w=1896&amp;ssl=1 1896w, https:\/\/i0.wp.com\/www.sastamalankylat.fi\/tapiola\/wp-content\/uploads\/sites\/5\/2025\/06\/img-7196a.jpg?w=1250 1250w\" sizes=\"auto, (max-width: 625px) 100vw, 625px\" \/><\/a><\/p>\n<p>Oli my\u00f6s, juttelun ja ilonpidon v\u00e4lill\u00e4 aikaa ja tilaisuus vain pys\u00e4hty\u00e4 katsomaan ja kuulemaan kauniin j\u00e4rvemme kes\u00e4\u00f6ist\u00e4 rauhaa. Alkukes\u00e4n hele\u00e4 vihreys, silloin t\u00e4ll\u00f6in j\u00e4rvelt\u00e4 kantautuvat vesilintujen huutelut ja laineitten laiska loiskinta rantakiviin, mik\u00e4s sen rauhoittavampaa ja rentouttavampaa katseltavaa ja kuunneltavaa.<\/p>\n<p><a href=\"https:\/\/i0.wp.com\/www.sastamalankylat.fi\/tapiola\/wp-content\/uploads\/sites\/5\/2025\/06\/img-7195a.jpg\"><img data-recalc-dims=\"1\" loading=\"lazy\" decoding=\"async\" data-attachment-id=\"2330\" data-permalink=\"https:\/\/www.sastamalankylat.fi\/tapiola\/2025\/06\/28\/kun-tapiolassa-jussia-juhlittiin\/img-7195a\/\" data-orig-file=\"https:\/\/i0.wp.com\/www.sastamalankylat.fi\/tapiola\/wp-content\/uploads\/sites\/5\/2025\/06\/img-7195a.jpg?fit=2020%2C1259&amp;ssl=1\" data-orig-size=\"2020,1259\" data-comments-opened=\"0\" data-image-meta=\"{&quot;aperture&quot;:&quot;0&quot;,&quot;credit&quot;:&quot;Jani Hanhij\\u00e4rvi&quot;,&quot;camera&quot;:&quot;&quot;,&quot;caption&quot;:&quot;&quot;,&quot;created_timestamp&quot;:&quot;1751147050&quot;,&quot;copyright&quot;:&quot;&quot;,&quot;focal_length&quot;:&quot;0&quot;,&quot;iso&quot;:&quot;0&quot;,&quot;shutter_speed&quot;:&quot;0&quot;,&quot;title&quot;:&quot;&quot;,&quot;orientation&quot;:&quot;0&quot;}\" data-image-title=\"IMG_7195a\" data-image-description=\"\" data-image-caption=\"\" data-large-file=\"https:\/\/i0.wp.com\/www.sastamalankylat.fi\/tapiola\/wp-content\/uploads\/sites\/5\/2025\/06\/img-7195a.jpg?fit=625%2C389&amp;ssl=1\" class=\"alignnone size-large wp-image-2330\" src=\"https:\/\/i0.wp.com\/www.sastamalankylat.fi\/tapiola\/wp-content\/uploads\/sites\/5\/2025\/06\/img-7195a.jpg?resize=625%2C389\" alt=\"\" width=\"625\" height=\"389\" srcset=\"https:\/\/i0.wp.com\/www.sastamalankylat.fi\/tapiola\/wp-content\/uploads\/sites\/5\/2025\/06\/img-7195a.jpg?resize=1024%2C638&amp;ssl=1 1024w, https:\/\/i0.wp.com\/www.sastamalankylat.fi\/tapiola\/wp-content\/uploads\/sites\/5\/2025\/06\/img-7195a.jpg?resize=300%2C187&amp;ssl=1 300w, https:\/\/i0.wp.com\/www.sastamalankylat.fi\/tapiola\/wp-content\/uploads\/sites\/5\/2025\/06\/img-7195a.jpg?resize=768%2C479&amp;ssl=1 768w, https:\/\/i0.wp.com\/www.sastamalankylat.fi\/tapiola\/wp-content\/uploads\/sites\/5\/2025\/06\/img-7195a.jpg?resize=1536%2C957&amp;ssl=1 1536w, https:\/\/i0.wp.com\/www.sastamalankylat.fi\/tapiola\/wp-content\/uploads\/sites\/5\/2025\/06\/img-7195a.jpg?resize=624%2C389&amp;ssl=1 624w, https:\/\/i0.wp.com\/www.sastamalankylat.fi\/tapiola\/wp-content\/uploads\/sites\/5\/2025\/06\/img-7195a.jpg?w=2020&amp;ssl=1 2020w, https:\/\/i0.wp.com\/www.sastamalankylat.fi\/tapiola\/wp-content\/uploads\/sites\/5\/2025\/06\/img-7195a.jpg?w=1250 1250w, https:\/\/i0.wp.com\/www.sastamalankylat.fi\/tapiola\/wp-content\/uploads\/sites\/5\/2025\/06\/img-7195a.jpg?w=1875 1875w\" sizes=\"auto, (max-width: 625px) 100vw, 625px\" \/><\/a><\/p>\n<p>N\u00e4in kului verkalleen t\u00e4m\u00e4nkin juhannusaaton iltapuhde mukavassa seurassa kuulumisia vaihdellen ja maailmaa parannellen. Ehk\u00e4p\u00e4 monenkin ajatukset oli Kirsti pukenut sanoiksi my\u00f6hemmin todetessaan, ett\u00e4 ilta oli ollut l\u00e4hes t\u00e4ydellinen, oli mukavaa seuraa, hyv\u00e4 s\u00e4\u00e4 ja nokipannukahvia. Ainoa, mit\u00e4 j\u00e4i kaipaamaan, oli haitarin soitto. En tied\u00e4, josko tuohon asiaan tulevina aikoina saataisiin parannusta, mutta tuohon voisi silti kommentoida ihan kotoisen tyrv\u00e4\u00e4l\u00e4isitt\u00e4in ett\u00e4 ky\u00e4 n\u00e4i o. Vaikka oltiinkin l\u00e4hes y\u00f6tt\u00f6m\u00e4ss\u00e4 y\u00f6ss\u00e4, h\u00e4m\u00e4rtyi ilta sent\u00e4\u00e4n jonkin verran. H\u00e4m\u00e4r\u00e4n v\u00e4hitellen laskeutuessa laskeutui hiljaisen tuulen mukana my\u00f6s entist\u00e4 viile\u00e4mpi henk\u00e4ys. Sen my\u00f6t\u00e4 poistui v\u00e4ki paikalta yksi toisensa j\u00e4lkeen, viimeisten viel\u00e4 j\u00e4\u00e4dess\u00e4 varmistelemaan, ett\u00e4 tuli oli varmasti sammunut.<\/p>\n<p><a href=\"https:\/\/i0.wp.com\/www.sastamalankylat.fi\/tapiola\/wp-content\/uploads\/sites\/5\/2025\/06\/img-71541.jpg\"><img data-recalc-dims=\"1\" loading=\"lazy\" decoding=\"async\" data-attachment-id=\"2327\" data-permalink=\"https:\/\/www.sastamalankylat.fi\/tapiola\/2025\/06\/28\/kun-tapiolassa-jussia-juhlittiin\/img-71541\/\" data-orig-file=\"https:\/\/i0.wp.com\/www.sastamalankylat.fi\/tapiola\/wp-content\/uploads\/sites\/5\/2025\/06\/img-71541.jpg?fit=1891%2C1257&amp;ssl=1\" data-orig-size=\"1891,1257\" data-comments-opened=\"0\" data-image-meta=\"{&quot;aperture&quot;:&quot;0&quot;,&quot;credit&quot;:&quot;Jani Hanhij\\u00e4rvi&quot;,&quot;camera&quot;:&quot;&quot;,&quot;caption&quot;:&quot;&quot;,&quot;created_timestamp&quot;:&quot;1751147035&quot;,&quot;copyright&quot;:&quot;&quot;,&quot;focal_length&quot;:&quot;0&quot;,&quot;iso&quot;:&quot;0&quot;,&quot;shutter_speed&quot;:&quot;0&quot;,&quot;title&quot;:&quot;&quot;,&quot;orientation&quot;:&quot;0&quot;}\" data-image-title=\"IMG_7154(1)\" data-image-description=\"\" data-image-caption=\"\" data-large-file=\"https:\/\/i0.wp.com\/www.sastamalankylat.fi\/tapiola\/wp-content\/uploads\/sites\/5\/2025\/06\/img-71541.jpg?fit=625%2C416&amp;ssl=1\" class=\"alignnone size-large wp-image-2327\" src=\"https:\/\/i0.wp.com\/www.sastamalankylat.fi\/tapiola\/wp-content\/uploads\/sites\/5\/2025\/06\/img-71541.jpg?resize=625%2C416\" alt=\"\" width=\"625\" height=\"416\" srcset=\"https:\/\/i0.wp.com\/www.sastamalankylat.fi\/tapiola\/wp-content\/uploads\/sites\/5\/2025\/06\/img-71541.jpg?resize=1024%2C681&amp;ssl=1 1024w, https:\/\/i0.wp.com\/www.sastamalankylat.fi\/tapiola\/wp-content\/uploads\/sites\/5\/2025\/06\/img-71541.jpg?resize=300%2C199&amp;ssl=1 300w, https:\/\/i0.wp.com\/www.sastamalankylat.fi\/tapiola\/wp-content\/uploads\/sites\/5\/2025\/06\/img-71541.jpg?resize=768%2C511&amp;ssl=1 768w, https:\/\/i0.wp.com\/www.sastamalankylat.fi\/tapiola\/wp-content\/uploads\/sites\/5\/2025\/06\/img-71541.jpg?resize=1536%2C1021&amp;ssl=1 1536w, https:\/\/i0.wp.com\/www.sastamalankylat.fi\/tapiola\/wp-content\/uploads\/sites\/5\/2025\/06\/img-71541.jpg?resize=624%2C415&amp;ssl=1 624w, https:\/\/i0.wp.com\/www.sastamalankylat.fi\/tapiola\/wp-content\/uploads\/sites\/5\/2025\/06\/img-71541.jpg?w=1891&amp;ssl=1 1891w, https:\/\/i0.wp.com\/www.sastamalankylat.fi\/tapiola\/wp-content\/uploads\/sites\/5\/2025\/06\/img-71541.jpg?w=1250 1250w\" sizes=\"auto, (max-width: 625px) 100vw, 625px\" \/><\/a><\/p>\n<!-- AddThis Advanced Settings generic via filter on the_content --><!-- AddThis Share Buttons generic via filter on the_content -->","protected":false},"excerpt":{"rendered":"<p>Hiukkasen viile\u00e4hk\u00f6, mutta muuten ihan kohtalainen juhannuss\u00e4\u00e4 otti vastaan Laavulle saapuvat tapiolalaiset viime perjantai-iltap\u00e4iv\u00e4n\u00e4. Vaikka taivaalla v\u00e4liiin seilasi hyvinkin tummia pilvi\u00e4, s\u00e4\u00e4styttiin sent\u00e4\u00e4n sateelta. Viile\u00e4 keli ja hiljakseen henk\u00e4ilev\u00e4 tuulenvire pitiv\u00e4t kaikenlaiset inisij\u00e4tkin loitolla. Oli siis mit\u00e4 parhaimmat olosuhteet viett\u00e4\u00e4 rentoa ja rauhallista aattoiltaa yhdess\u00e4. V\u00e4ke\u00e4 olikin kertynyt melko mukavasti ja jos kelit olivatkin v\u00e4h\u00e4n [&hellip;]<!-- AddThis Advanced Settings generic via filter on wp_trim_excerpt --><!-- AddThis Share Buttons generic via filter on wp_trim_excerpt --><\/p>\n","protected":false},"author":3,"featured_media":0,"comment_status":"closed","ping_status":"open","sticky":false,"template":"","format":"standard","meta":{"jetpack_post_was_ever_published":false,"_jetpack_newsletter_access":"","_jetpack_dont_email_post_to_subs":false,"_jetpack_newsletter_tier_id":0,"_jetpack_memberships_contains_paywalled_content":false,"_jetpack_memberships_contains_paid_content":false,"footnotes":"","jetpack_publicize_message":"","jetpack_publicize_feature_enabled":true,"jetpack_social_post_already_shared":true,"jetpack_social_options":{"image_generator_settings":{"template":"highway","default_image_id":0,"font":"","enabled":false},"version":2}},"categories":[1],"tags":[],"class_list":["post-2326","post","type-post","status-publish","format-standard","hentry","category-yleinen"],"aioseo_notices":[],"jetpack_publicize_connections":[],"jetpack_featured_media_url":"","jetpack_likes_enabled":true,"jetpack_sharing_enabled":true,"jetpack_shortlink":"https:\/\/wp.me\/p3DPvf-Bw","_links":{"self":[{"href":"https:\/\/www.sastamalankylat.fi\/tapiola\/wp-json\/wp\/v2\/posts\/2326","targetHints":{"allow":["GET"]}}],"collection":[{"href":"https:\/\/www.sastamalankylat.fi\/tapiola\/wp-json\/wp\/v2\/posts"}],"about":[{"href":"https:\/\/www.sastamalankylat.fi\/tapiola\/wp-json\/wp\/v2\/types\/post"}],"author":[{"embeddable":true,"href":"https:\/\/www.sastamalankylat.fi\/tapiola\/wp-json\/wp\/v2\/users\/3"}],"replies":[{"embeddable":true,"href":"https:\/\/www.sastamalankylat.fi\/tapiola\/wp-json\/wp\/v2\/comments?post=2326"}],"version-history":[{"count":1,"href":"https:\/\/www.sastamalankylat.fi\/tapiola\/wp-json\/wp\/v2\/posts\/2326\/revisions"}],"predecessor-version":[{"id":2332,"href":"https:\/\/www.sastamalankylat.fi\/tapiola\/wp-json\/wp\/v2\/posts\/2326\/revisions\/2332"}],"wp:attachment":[{"href":"https:\/\/www.sastamalankylat.fi\/tapiola\/wp-json\/wp\/v2\/media?parent=2326"}],"wp:term":[{"taxonomy":"category","embeddable":true,"href":"https:\/\/www.sastamalankylat.fi\/tapiola\/wp-json\/wp\/v2\/categories?post=2326"},{"taxonomy":"post_tag","embeddable":true,"href":"https:\/\/www.sastamalankylat.fi\/tapiola\/wp-json\/wp\/v2\/tags?post=2326"}],"curies":[{"name":"wp","href":"https:\/\/api.w.org\/{rel}","templated":true}]}}