{"id":2131,"date":"2024-12-17T15:37:12","date_gmt":"2024-12-17T13:37:12","guid":{"rendered":"http:\/\/www.sastamalankylat.fi\/tapiola\/?p=2131"},"modified":"2024-12-17T15:56:38","modified_gmt":"2024-12-17T13:56:38","slug":"puurojuhla-tapiolalaisittain","status":"publish","type":"post","link":"https:\/\/www.sastamalankylat.fi\/tapiola\/2024\/12\/17\/puurojuhla-tapiolalaisittain\/","title":{"rendered":"Puurojuhla Tapiolalaisittain"},"content":{"rendered":"<p><a href=\"https:\/\/i0.wp.com\/www.sastamalankylat.fi\/tapiola\/wp-content\/uploads\/sites\/5\/2024\/12\/20241205-182021a.jpg\"><img data-recalc-dims=\"1\" loading=\"lazy\" decoding=\"async\" data-attachment-id=\"2129\" data-permalink=\"https:\/\/www.sastamalankylat.fi\/tapiola\/ikiliikkujat\/20241205-182021a\/\" data-orig-file=\"https:\/\/i0.wp.com\/www.sastamalankylat.fi\/tapiola\/wp-content\/uploads\/sites\/5\/2024\/12\/20241205-182021a.jpg?fit=1252%2C868&amp;ssl=1\" data-orig-size=\"1252,868\" data-comments-opened=\"0\" data-image-meta=\"{&quot;aperture&quot;:&quot;0&quot;,&quot;credit&quot;:&quot;Jani Hanhij\\u00e4rvi&quot;,&quot;camera&quot;:&quot;&quot;,&quot;caption&quot;:&quot;&quot;,&quot;created_timestamp&quot;:&quot;1734448941&quot;,&quot;copyright&quot;:&quot;&quot;,&quot;focal_length&quot;:&quot;0&quot;,&quot;iso&quot;:&quot;0&quot;,&quot;shutter_speed&quot;:&quot;0&quot;,&quot;title&quot;:&quot;&quot;,&quot;orientation&quot;:&quot;0&quot;}\" data-image-title=\"20241205_182021a\" data-image-description=\"\" data-image-caption=\"\" data-large-file=\"https:\/\/i0.wp.com\/www.sastamalankylat.fi\/tapiola\/wp-content\/uploads\/sites\/5\/2024\/12\/20241205-182021a.jpg?fit=625%2C433&amp;ssl=1\" class=\"alignnone size-large wp-image-2129\" src=\"https:\/\/i0.wp.com\/www.sastamalankylat.fi\/tapiola\/wp-content\/uploads\/sites\/5\/2024\/12\/20241205-182021a.jpg?resize=625%2C433\" alt=\"\" width=\"625\" height=\"433\" srcset=\"https:\/\/i0.wp.com\/www.sastamalankylat.fi\/tapiola\/wp-content\/uploads\/sites\/5\/2024\/12\/20241205-182021a.jpg?resize=1024%2C710&amp;ssl=1 1024w, https:\/\/i0.wp.com\/www.sastamalankylat.fi\/tapiola\/wp-content\/uploads\/sites\/5\/2024\/12\/20241205-182021a.jpg?resize=300%2C208&amp;ssl=1 300w, https:\/\/i0.wp.com\/www.sastamalankylat.fi\/tapiola\/wp-content\/uploads\/sites\/5\/2024\/12\/20241205-182021a.jpg?resize=768%2C532&amp;ssl=1 768w, https:\/\/i0.wp.com\/www.sastamalankylat.fi\/tapiola\/wp-content\/uploads\/sites\/5\/2024\/12\/20241205-182021a.jpg?resize=624%2C433&amp;ssl=1 624w, https:\/\/i0.wp.com\/www.sastamalankylat.fi\/tapiola\/wp-content\/uploads\/sites\/5\/2024\/12\/20241205-182021a.jpg?w=1252&amp;ssl=1 1252w\" sizes=\"auto, (max-width: 625px) 100vw, 625px\" \/><\/a><\/p>\n<div>\n<p>Torstaina viides p\u00e4iv\u00e4 kuluvaa kuuta oli Tapiolan vakaa kansa taas kokoontunut yleiseen ja yht\u00e4l\u00e4iseen, jo perinteiseksi tulleeseen puurojuhlaan seurakunnan leirimajalle. Keli oli niukin naukin pakkasen puolella ja jotakin lumentapaistakin oli maassa sen verran, ettei vallan pimeydess\u00e4 tarvinnut vaeltaa. Niinp\u00e4 porukkaa olikin kokoontunut paikalle melko runsaasti, vaikka laskutaitoiset havainnoivatkin m\u00e4\u00e4r\u00e4n olleen hiukan viime vuotista vastaavaa pienempi. Mit\u00e4p\u00e4 se olisi puurojuhla ilman kunnollista puuropuhetta. Ei mit\u00e4\u00e4n ja niinp\u00e4 Kirsti hoitikin homman kotiin seuraavaan tapaan. <a href=\"https:\/\/youtu.be\/3BYDvFav2A0\" target=\"_blank\" rel=\"noopener\">https:\/\/youtu.be\/3BYDvFav2A0<\/a><\/p>\n<p>Kirstin puheen punainen lanka oli l\u00e4hinn\u00e4 se, miten l\u00e4himm\u00e4isit\u00e4\u00e4n pit\u00e4\u00e4 huolehtia ja siin\u00e4 tulee joskus v\u00e4kisinkin astutuksi ns. harmaalle alueellekin s\u00e4\u00e4nt\u00f6jen ja voimassa olevien k\u00e4yt\u00e4nt\u00f6jen suhteen. Joskus se vain on niin, ett\u00e4 tarkoitus pyhitt\u00e4\u00e4 keinot.T\u00e4m\u00e4n itse kullekin ajattelemisen aihetta antaneen puheen j\u00e4lkeen olikin sitten vuorossa itse puurottelu. Kuten saatiin kuulla, oli t\u00e4n\u00e4kin vuonna jaossa manteleita ihan kaksin kappalein ja puuroa kyll\u00e4 riitt\u00e4isi n\u00e4lk\u00e4isemm\u00e4llekin joukolle. N\u00e4in Seija puoleastaan yllytti kansaa k\u00e4ym\u00e4\u00e4n k\u00e4siksi p\u00f6yd\u00e4n antimiin. <a href=\"https:\/\/youtu.be\/QSFnSccQtbo\" target=\"_blank\" rel=\"noopener\" data-saferedirecturl=\"https:\/\/www.google.com\/url?q=https:\/\/youtu.be\/QSFnSccQtbo&amp;source=gmail&amp;ust=1734521960156000&amp;usg=AOvVaw0H67R2BZHiYfPkFB1IZR8O\">https:\/\/youtu.be\/QSFnSccQtbo<\/a><\/p>\n<p>Kun pahimmasta puuronn\u00e4l\u00e4st\u00e4 oli p\u00e4\u00e4sty, seurasi vapaan sanan aika. Ja kuten t\u00e4k\u00e4l\u00e4isiin tapoihin kuuluu, ei kell\u00e4\u00e4n ollut mit\u00e4\u00e4n enempi\u00e4 sanottavia. Niinp\u00e4 t\u00e4m\u00e4 osuus j\u00e4ikin sitten enempi Seijan huoleksi. Koska oli jo melkein itsen\u00e4isyysp\u00e4iv\u00e4kin, oli Seija sanut mukaan nuoremmankin polven edustajan. Valitettavasti t\u00e4m\u00e4 esitys tuli niin yll\u00e4tt\u00e4en, ett\u00e4 osa siit\u00e4 j\u00e4i taltioimatta, mutta n\u00e4in muistutettiin kohtapuoliin seuraavasta itsen\u00e4isyysp\u00e4iv\u00e4st\u00e4. <a href=\"https:\/\/youtu.be\/7WhtVNA-Ftc\" target=\"_blank\" rel=\"noopener\" data-saferedirecturl=\"https:\/\/www.google.com\/url?q=https:\/\/youtu.be\/7WhtVNA-Ftc&amp;source=gmail&amp;ust=1734521960156000&amp;usg=AOvVaw2gdJ_WyWlqfKBrtbEIkcug\">https:\/\/youtu.be\/7WhtVNA-Ftc<\/a><\/p>\n<p>Sen j\u00e4lkeen visailtiin laulunsanojen tuntemuksesta. Ja kun hyv\u00e4\u00e4n alkuun oli p\u00e4\u00e4sty, n\u00e4ytettiin ihan k\u00e4yt\u00e4nn\u00f6ss\u00e4kin, miten vanhakin nyt nuortuu. Improvisoitu esitys t\u00e4m\u00e4kin. <a href=\"https:\/\/youtu.be\/Wxy8ZtpiD9c\" target=\"_blank\" rel=\"noopener\" data-saferedirecturl=\"https:\/\/www.google.com\/url?q=https:\/\/youtu.be\/Wxy8ZtpiD9c&amp;source=gmail&amp;ust=1734521960156000&amp;usg=AOvVaw2umhVskIp9lGDf_SxT7Rk7\">https:\/\/youtu.be\/Wxy8ZtpiD9c<\/a><\/p>\n<p>Sielt\u00e4 puurosta l\u00f6ytyi kuin l\u00f6ytyikin se manteli. Ja jokainenhan muistaa, mit\u00e4 tuollainen l\u00f6yt\u00f6 jenkkiperinteen mukaan tarkoittaa. T\u00e4\u00e4ll\u00e4 kuitenkin annettiin jenkeille perinteineen pitk\u00e4t lutukat ja sen sijaan mantelin l\u00f6yt\u00e4j\u00e4 piti pienen mantelipuheen. Sattuipa sopivasti, ett\u00e4 se oli juuri puuron keitt\u00e4j\u00e4, joka sen mantelin l\u00f6ysi, joten pikku puhe k\u00e4vi hyvinkin luontevati. T\u00e4h\u00e4n tapaan Kati lopetteli puhettaan mantelista, jos hiukan sen vierest\u00e4kin. <a href=\"https:\/\/youtu.be\/K1XvbNtCTGQ\" target=\"_blank\" rel=\"noopener\" data-saferedirecturl=\"https:\/\/www.google.com\/url?q=https:\/\/youtu.be\/K1XvbNtCTGQ&amp;source=gmail&amp;ust=1734521960156000&amp;usg=AOvVaw1MHogZUYBPHXpxozsYeUfd\">https:\/\/youtu.be\/K1XvbNtCTGQ<\/a><\/p>\n<p>Meill\u00e4h\u00e4n on ollut jo vuosikausia tapana kokoontua hein\u00e4kuun perjantaiehtoisin Vesterpakanm\u00e4elle kyl\u00e4kahvilan merkeiss\u00e4. Vaikka toiminta siell\u00e4 onkin talkooty\u00f6t\u00e4, vaatii se my\u00f6s is\u00e4nt\u00e4v\u00e4elt\u00e4 yht\u00e4 jos toistakin tointa ja huolehtimista. Lis\u00e4ksi menneen\u00e4 kes\u00e4n\u00e4 yhdistys j\u00e4rjesti my\u00f6s Entis\u00f6ij\u00e4n aarteet- tapahtuman, joka toteutettiin M\u00e4ki-Laurilan Jaskan tontilla ja kyseess\u00e4 olivat p\u00e4\u00e4s\u00e4\u00e4nt\u00f6isesti h\u00e4nen entis\u00f6im\u00e4ns\u00e4 koneet ja rakentelemansa laitteet. N\u00e4it\u00e4 kahta tapahtumaa muisteltiin seuraavasti. <a href=\"https:\/\/youtu.be\/DiH51EHon1A\" target=\"_blank\" rel=\"noopener\" data-saferedirecturl=\"https:\/\/www.google.com\/url?q=https:\/\/youtu.be\/DiH51EHon1A&amp;source=gmail&amp;ust=1734521960156000&amp;usg=AOvVaw3v5orJzJL9xOa75a--BdhB\">https:\/\/youtu.be\/DiH51EHon1A<\/a><\/p>\n<p>Ja niinkuin tapana on ollut ja ilmeisesti tulee olemaankin siirryttiin n\u00e4itten ohjelmanumeroitten j\u00e4lkeen yleiseen ja yhteiseen kahvitteluun. Siin\u00e4 t\u00e4m\u00e4 tunnelmallinen ilta sitten vier\u00e4hti kohti loppuaan, kuulumisia vaihdettiin, nautittiin kahvista ja joulutortuista pipareilla h\u00f6ystettyn\u00e4. Taas oli kyl\u00e4n v\u00e4ki koloontunut yhteen. Taas oli saatu viett\u00e4\u00e4 mukavaa iltapuhdetta puuron, kahvin ja hyv\u00e4n seuran merkeiss\u00e4. T\u00e4st\u00e4 oli hyv\u00e4 itse kunkin l\u00e4hte\u00e4 kohti omaa jouluaan ja sen valmisteluja.<\/p>\n<p><em>Mukavaa joulunalusaikaa kaikille, toivottaa Tapiolan Kyl\u00e4yhdistys!<\/em><\/p>\n<\/div>\n<!-- AddThis Advanced Settings generic via filter on the_content --><!-- AddThis Share Buttons generic via filter on the_content -->","protected":false},"excerpt":{"rendered":"<p>Torstaina viides p\u00e4iv\u00e4 kuluvaa kuuta oli Tapiolan vakaa kansa taas kokoontunut yleiseen ja yht\u00e4l\u00e4iseen, jo perinteiseksi tulleeseen puurojuhlaan seurakunnan leirimajalle. Keli oli niukin naukin pakkasen puolella ja jotakin lumentapaistakin oli maassa sen verran, ettei vallan pimeydess\u00e4 tarvinnut vaeltaa. Niinp\u00e4 porukkaa olikin kokoontunut paikalle melko runsaasti, vaikka laskutaitoiset havainnoivatkin m\u00e4\u00e4r\u00e4n olleen hiukan viime vuotista vastaavaa pienempi. [&hellip;]<!-- AddThis Advanced Settings generic via filter on wp_trim_excerpt --><!-- AddThis Share Buttons generic via filter on wp_trim_excerpt --><\/p>\n","protected":false},"author":3,"featured_media":0,"comment_status":"closed","ping_status":"open","sticky":false,"template":"","format":"standard","meta":{"jetpack_post_was_ever_published":false,"_jetpack_newsletter_access":"","_jetpack_dont_email_post_to_subs":false,"_jetpack_newsletter_tier_id":0,"_jetpack_memberships_contains_paywalled_content":false,"_jetpack_memberships_contains_paid_content":false,"footnotes":"","jetpack_publicize_message":"","jetpack_publicize_feature_enabled":true,"jetpack_social_post_already_shared":true,"jetpack_social_options":{"image_generator_settings":{"template":"highway","default_image_id":0,"font":"","enabled":false},"version":2}},"categories":[1],"tags":[],"class_list":["post-2131","post","type-post","status-publish","format-standard","hentry","category-yleinen"],"aioseo_notices":[],"jetpack_publicize_connections":[],"jetpack_featured_media_url":"","jetpack_likes_enabled":true,"jetpack_sharing_enabled":true,"jetpack_shortlink":"https:\/\/wp.me\/p3DPvf-yn","_links":{"self":[{"href":"https:\/\/www.sastamalankylat.fi\/tapiola\/wp-json\/wp\/v2\/posts\/2131","targetHints":{"allow":["GET"]}}],"collection":[{"href":"https:\/\/www.sastamalankylat.fi\/tapiola\/wp-json\/wp\/v2\/posts"}],"about":[{"href":"https:\/\/www.sastamalankylat.fi\/tapiola\/wp-json\/wp\/v2\/types\/post"}],"author":[{"embeddable":true,"href":"https:\/\/www.sastamalankylat.fi\/tapiola\/wp-json\/wp\/v2\/users\/3"}],"replies":[{"embeddable":true,"href":"https:\/\/www.sastamalankylat.fi\/tapiola\/wp-json\/wp\/v2\/comments?post=2131"}],"version-history":[{"count":3,"href":"https:\/\/www.sastamalankylat.fi\/tapiola\/wp-json\/wp\/v2\/posts\/2131\/revisions"}],"predecessor-version":[{"id":2134,"href":"https:\/\/www.sastamalankylat.fi\/tapiola\/wp-json\/wp\/v2\/posts\/2131\/revisions\/2134"}],"wp:attachment":[{"href":"https:\/\/www.sastamalankylat.fi\/tapiola\/wp-json\/wp\/v2\/media?parent=2131"}],"wp:term":[{"taxonomy":"category","embeddable":true,"href":"https:\/\/www.sastamalankylat.fi\/tapiola\/wp-json\/wp\/v2\/categories?post=2131"},{"taxonomy":"post_tag","embeddable":true,"href":"https:\/\/www.sastamalankylat.fi\/tapiola\/wp-json\/wp\/v2\/tags?post=2131"}],"curies":[{"name":"wp","href":"https:\/\/api.w.org\/{rel}","templated":true}]}}