{"id":1905,"date":"2024-07-11T22:13:30","date_gmt":"2024-07-11T19:13:30","guid":{"rendered":"http:\/\/www.sastamalankylat.fi\/tapiola\/?p=1905"},"modified":"2024-07-11T22:13:30","modified_gmt":"2024-07-11T19:13:30","slug":"tuli-ste-aukastua-taas-kylakahvilakausiki","status":"publish","type":"post","link":"https:\/\/www.sastamalankylat.fi\/tapiola\/2024\/07\/11\/tuli-ste-aukastua-taas-kylakahvilakausiki\/","title":{"rendered":"Tuli ste aukastua taas kyl\u00e4kahvilakausiki"},"content":{"rendered":"<p>Pejantaki viires p\u00e4iv\u00e4 hein\u00e4kuuta aukastiin taas stev Vesterpakamm\u00e4jell\u00e4 t\u00e4\u00e4 kyl\u00e4kahvilakausi. Ilmakki oli sevverra ster rauhottunu, ette kenenk\u00e4n tarvinnu kastumistansakkan pell\u00e4\u00e4t\u00e4. Pikkane tuulevvirekki k\u00e4vi v\u00e4lliin sillai, ette noi itikakkan ihas ste kauheestik kimppuu k\u00e4yny. Ninp\u00e4s v\u00e4kkee olikis ste tullu taas paikalle iha mukakavati, tais olla jossain tua seittem\u00e4nkymmenen hujakoilla step parhaimmillaa. Ja ilmal lis\u00e4k\u00e4s oli ste muutenkip puitteet taas viimesep p\u00e4\u00e4lle, oli taas t\u00e4\u00e4 viherpeukaloem\u00e4nt\u00e4 laittannu pihaj ja pikku trekkoolinsa ihas stej juhlakuntoon neki.<\/p>\n<p><a href=\"https:\/\/i0.wp.com\/www.sastamalankylat.fi\/tapiola\/wp-content\/uploads\/sites\/5\/2024\/07\/img-6003a.jpg\"><img data-recalc-dims=\"1\" loading=\"lazy\" decoding=\"async\" data-attachment-id=\"1906\" data-permalink=\"https:\/\/www.sastamalankylat.fi\/tapiola\/2024\/07\/11\/tuli-ste-aukastua-taas-kylakahvilakausiki\/img-6003a\/\" data-orig-file=\"https:\/\/i0.wp.com\/www.sastamalankylat.fi\/tapiola\/wp-content\/uploads\/sites\/5\/2024\/07\/img-6003a.jpg?fit=1459%2C939&amp;ssl=1\" data-orig-size=\"1459,939\" data-comments-opened=\"0\" data-image-meta=\"{&quot;aperture&quot;:&quot;0&quot;,&quot;credit&quot;:&quot;Jani Hanhij\\u00e4rvi&quot;,&quot;camera&quot;:&quot;&quot;,&quot;caption&quot;:&quot;&quot;,&quot;created_timestamp&quot;:&quot;1720735464&quot;,&quot;copyright&quot;:&quot;&quot;,&quot;focal_length&quot;:&quot;0&quot;,&quot;iso&quot;:&quot;0&quot;,&quot;shutter_speed&quot;:&quot;0&quot;,&quot;title&quot;:&quot;&quot;,&quot;orientation&quot;:&quot;0&quot;}\" data-image-title=\"IMG_6003a\" data-image-description=\"\" data-image-caption=\"\" data-large-file=\"https:\/\/i0.wp.com\/www.sastamalankylat.fi\/tapiola\/wp-content\/uploads\/sites\/5\/2024\/07\/img-6003a.jpg?fit=625%2C402&amp;ssl=1\" class=\"alignnone size-large wp-image-1906\" src=\"https:\/\/i0.wp.com\/www.sastamalankylat.fi\/tapiola\/wp-content\/uploads\/sites\/5\/2024\/07\/img-6003a.jpg?resize=625%2C402\" alt=\"\" width=\"625\" height=\"402\" srcset=\"https:\/\/i0.wp.com\/www.sastamalankylat.fi\/tapiola\/wp-content\/uploads\/sites\/5\/2024\/07\/img-6003a.jpg?resize=1024%2C659&amp;ssl=1 1024w, https:\/\/i0.wp.com\/www.sastamalankylat.fi\/tapiola\/wp-content\/uploads\/sites\/5\/2024\/07\/img-6003a.jpg?resize=300%2C193&amp;ssl=1 300w, https:\/\/i0.wp.com\/www.sastamalankylat.fi\/tapiola\/wp-content\/uploads\/sites\/5\/2024\/07\/img-6003a.jpg?resize=768%2C494&amp;ssl=1 768w, https:\/\/i0.wp.com\/www.sastamalankylat.fi\/tapiola\/wp-content\/uploads\/sites\/5\/2024\/07\/img-6003a.jpg?resize=624%2C402&amp;ssl=1 624w, https:\/\/i0.wp.com\/www.sastamalankylat.fi\/tapiola\/wp-content\/uploads\/sites\/5\/2024\/07\/img-6003a.jpg?w=1459&amp;ssl=1 1459w, https:\/\/i0.wp.com\/www.sastamalankylat.fi\/tapiola\/wp-content\/uploads\/sites\/5\/2024\/07\/img-6003a.jpg?w=1250 1250w\" sizes=\"auto, (max-width: 625px) 100vw, 625px\" \/><\/a><\/p>\n<p>Jo Napuljooni aikanansa totes, ett\u00e4 armeija marssii vattallansa, ja nin se vaan tuppaa olemaa, ett\u00e4 t\u00e4\u00e4 kyl\u00e4yhristyskit tekkee samallai. Ja huallosa ahkeroitti t\u00e4ll\u00e4 kerralla makkarakrillin vahtina Isto. Ky\u00e4 si\u00e4lt\u00e4 stem makkara poikineel l\u00e4htiki ehtoopuhretta vi\u00e4tt\u00e4\u00e4n tulleittem mukkaa. Ja siin\u00e4 sopivastik katoksev varjosa oli hyv\u00e4 naapurustenkiv vaihtaa kuulumisia.<\/p>\n<p><a href=\"https:\/\/i0.wp.com\/www.sastamalankylat.fi\/tapiola\/wp-content\/uploads\/sites\/5\/2024\/07\/img-6009a.jpg\"><img data-recalc-dims=\"1\" loading=\"lazy\" decoding=\"async\" data-attachment-id=\"1907\" data-permalink=\"https:\/\/www.sastamalankylat.fi\/tapiola\/2024\/07\/11\/tuli-ste-aukastua-taas-kylakahvilakausiki\/img-6009a\/\" data-orig-file=\"https:\/\/i0.wp.com\/www.sastamalankylat.fi\/tapiola\/wp-content\/uploads\/sites\/5\/2024\/07\/img-6009a.jpg?fit=1419%2C937&amp;ssl=1\" data-orig-size=\"1419,937\" data-comments-opened=\"0\" data-image-meta=\"{&quot;aperture&quot;:&quot;0&quot;,&quot;credit&quot;:&quot;Jani Hanhij\\u00e4rvi&quot;,&quot;camera&quot;:&quot;&quot;,&quot;caption&quot;:&quot;&quot;,&quot;created_timestamp&quot;:&quot;1720735420&quot;,&quot;copyright&quot;:&quot;&quot;,&quot;focal_length&quot;:&quot;0&quot;,&quot;iso&quot;:&quot;0&quot;,&quot;shutter_speed&quot;:&quot;0&quot;,&quot;title&quot;:&quot;&quot;,&quot;orientation&quot;:&quot;0&quot;}\" data-image-title=\"IMG_6009a\" data-image-description=\"\" data-image-caption=\"\" data-large-file=\"https:\/\/i0.wp.com\/www.sastamalankylat.fi\/tapiola\/wp-content\/uploads\/sites\/5\/2024\/07\/img-6009a.jpg?fit=625%2C413&amp;ssl=1\" class=\"alignnone size-large wp-image-1907\" src=\"https:\/\/i0.wp.com\/www.sastamalankylat.fi\/tapiola\/wp-content\/uploads\/sites\/5\/2024\/07\/img-6009a.jpg?resize=625%2C413\" alt=\"\" width=\"625\" height=\"413\" srcset=\"https:\/\/i0.wp.com\/www.sastamalankylat.fi\/tapiola\/wp-content\/uploads\/sites\/5\/2024\/07\/img-6009a.jpg?resize=1024%2C676&amp;ssl=1 1024w, https:\/\/i0.wp.com\/www.sastamalankylat.fi\/tapiola\/wp-content\/uploads\/sites\/5\/2024\/07\/img-6009a.jpg?resize=300%2C198&amp;ssl=1 300w, https:\/\/i0.wp.com\/www.sastamalankylat.fi\/tapiola\/wp-content\/uploads\/sites\/5\/2024\/07\/img-6009a.jpg?resize=768%2C507&amp;ssl=1 768w, https:\/\/i0.wp.com\/www.sastamalankylat.fi\/tapiola\/wp-content\/uploads\/sites\/5\/2024\/07\/img-6009a.jpg?resize=624%2C412&amp;ssl=1 624w, https:\/\/i0.wp.com\/www.sastamalankylat.fi\/tapiola\/wp-content\/uploads\/sites\/5\/2024\/07\/img-6009a.jpg?w=1419&amp;ssl=1 1419w, https:\/\/i0.wp.com\/www.sastamalankylat.fi\/tapiola\/wp-content\/uploads\/sites\/5\/2024\/07\/img-6009a.jpg?w=1250 1250w\" sizes=\"auto, (max-width: 625px) 100vw, 625px\" \/><\/a><\/p>\n<p>Mutta ninkoj jo sanasakis sanotaa, ett\u00e4 ei ihmine el\u00e4 pelk\u00e4st\u00e4\u00e4l leiv\u00e4st\u00e4, eik\u00e4 siis makkarastakan nin oli stet t\u00e4t\u00e4 juama- ja pikkupurtavapualta hoitelemasa Sakari. N\u00e4\u00e4 kaks stej junaili asiat siihem mallii, ette kenenk\u00e4n tarvinnu sen enemp\u00e4\u00e4 n\u00e4lk\u00e4\u00e4 kuj jannokak k\u00e4rsi\u00e4. Ja ihas stek kiitett\u00e4v\u00e4sti n\u00e4ytti kansalle kumpasekkit tarjottavat kelpaava.<\/p>\n<p><a href=\"https:\/\/i0.wp.com\/www.sastamalankylat.fi\/tapiola\/wp-content\/uploads\/sites\/5\/2024\/07\/img-6026.jpg\"><img data-recalc-dims=\"1\" loading=\"lazy\" decoding=\"async\" data-attachment-id=\"1909\" data-permalink=\"https:\/\/www.sastamalankylat.fi\/tapiola\/2024\/07\/11\/tuli-ste-aukastua-taas-kylakahvilakausiki\/img-6026\/\" data-orig-file=\"https:\/\/i0.wp.com\/www.sastamalankylat.fi\/tapiola\/wp-content\/uploads\/sites\/5\/2024\/07\/img-6026.jpg?fit=1416%2C934&amp;ssl=1\" data-orig-size=\"1416,934\" data-comments-opened=\"0\" data-image-meta=\"{&quot;aperture&quot;:&quot;0&quot;,&quot;credit&quot;:&quot;Jani Hanhij\\u00e4rvi&quot;,&quot;camera&quot;:&quot;&quot;,&quot;caption&quot;:&quot;&quot;,&quot;created_timestamp&quot;:&quot;1720735395&quot;,&quot;copyright&quot;:&quot;&quot;,&quot;focal_length&quot;:&quot;0&quot;,&quot;iso&quot;:&quot;0&quot;,&quot;shutter_speed&quot;:&quot;0&quot;,&quot;title&quot;:&quot;&quot;,&quot;orientation&quot;:&quot;0&quot;}\" data-image-title=\"IMG_6026\" data-image-description=\"\" data-image-caption=\"\" data-large-file=\"https:\/\/i0.wp.com\/www.sastamalankylat.fi\/tapiola\/wp-content\/uploads\/sites\/5\/2024\/07\/img-6026.jpg?fit=625%2C412&amp;ssl=1\" class=\"alignnone size-large wp-image-1909\" src=\"https:\/\/i0.wp.com\/www.sastamalankylat.fi\/tapiola\/wp-content\/uploads\/sites\/5\/2024\/07\/img-6026.jpg?resize=625%2C412\" alt=\"\" width=\"625\" height=\"412\" srcset=\"https:\/\/i0.wp.com\/www.sastamalankylat.fi\/tapiola\/wp-content\/uploads\/sites\/5\/2024\/07\/img-6026.jpg?resize=1024%2C675&amp;ssl=1 1024w, https:\/\/i0.wp.com\/www.sastamalankylat.fi\/tapiola\/wp-content\/uploads\/sites\/5\/2024\/07\/img-6026.jpg?resize=300%2C198&amp;ssl=1 300w, https:\/\/i0.wp.com\/www.sastamalankylat.fi\/tapiola\/wp-content\/uploads\/sites\/5\/2024\/07\/img-6026.jpg?resize=768%2C507&amp;ssl=1 768w, https:\/\/i0.wp.com\/www.sastamalankylat.fi\/tapiola\/wp-content\/uploads\/sites\/5\/2024\/07\/img-6026.jpg?resize=624%2C412&amp;ssl=1 624w, https:\/\/i0.wp.com\/www.sastamalankylat.fi\/tapiola\/wp-content\/uploads\/sites\/5\/2024\/07\/img-6026.jpg?w=1416&amp;ssl=1 1416w, https:\/\/i0.wp.com\/www.sastamalankylat.fi\/tapiola\/wp-content\/uploads\/sites\/5\/2024\/07\/img-6026.jpg?w=1250 1250w\" sizes=\"auto, (max-width: 625px) 100vw, 625px\" \/><\/a><\/p>\n<p>Mutta kun nyp puheeks tuli kaikellainem myymine, nin pitt\u00e4\u00e4 my\u00e4s mainita, ett\u00e4 yhristys teetti taas aikasmoisel l\u00e4j\u00e4 noita kyl\u00e4yhristyksel lokolla varustettuja T-paitojaki ja niit\u00e4s stes saa ostaa pualellatostakymmenell\u00e4 eurolla. T\u00e4s\u00e4 ny step paita om p\u00e4\u00e4ssy arvosensa esittelij\u00e4p p\u00e4\u00e4lle. V\u00e4rej\u00e4 tosaanki o ste ussempiaki, mutta t\u00e4s\u00e4 nys stet t\u00e4\u00e4 vihree ninkum malliks.<\/p>\n<p><a href=\"https:\/\/i0.wp.com\/www.sastamalankylat.fi\/tapiola\/wp-content\/uploads\/sites\/5\/2024\/07\/img-6015a.jpg\"><img data-recalc-dims=\"1\" loading=\"lazy\" decoding=\"async\" data-attachment-id=\"1908\" data-permalink=\"https:\/\/www.sastamalankylat.fi\/tapiola\/2024\/07\/11\/tuli-ste-aukastua-taas-kylakahvilakausiki\/img-6015a\/\" data-orig-file=\"https:\/\/i0.wp.com\/www.sastamalankylat.fi\/tapiola\/wp-content\/uploads\/sites\/5\/2024\/07\/img-6015a.jpg?fit=1375%2C939&amp;ssl=1\" data-orig-size=\"1375,939\" data-comments-opened=\"0\" data-image-meta=\"{&quot;aperture&quot;:&quot;0&quot;,&quot;credit&quot;:&quot;Jani Hanhij\\u00e4rvi&quot;,&quot;camera&quot;:&quot;&quot;,&quot;caption&quot;:&quot;&quot;,&quot;created_timestamp&quot;:&quot;1720735434&quot;,&quot;copyright&quot;:&quot;&quot;,&quot;focal_length&quot;:&quot;0&quot;,&quot;iso&quot;:&quot;0&quot;,&quot;shutter_speed&quot;:&quot;0&quot;,&quot;title&quot;:&quot;&quot;,&quot;orientation&quot;:&quot;0&quot;}\" data-image-title=\"IMG_6015a\" data-image-description=\"\" data-image-caption=\"\" data-large-file=\"https:\/\/i0.wp.com\/www.sastamalankylat.fi\/tapiola\/wp-content\/uploads\/sites\/5\/2024\/07\/img-6015a.jpg?fit=625%2C427&amp;ssl=1\" class=\"alignnone size-large wp-image-1908\" src=\"https:\/\/i0.wp.com\/www.sastamalankylat.fi\/tapiola\/wp-content\/uploads\/sites\/5\/2024\/07\/img-6015a.jpg?resize=625%2C427\" alt=\"\" width=\"625\" height=\"427\" srcset=\"https:\/\/i0.wp.com\/www.sastamalankylat.fi\/tapiola\/wp-content\/uploads\/sites\/5\/2024\/07\/img-6015a.jpg?resize=1024%2C699&amp;ssl=1 1024w, https:\/\/i0.wp.com\/www.sastamalankylat.fi\/tapiola\/wp-content\/uploads\/sites\/5\/2024\/07\/img-6015a.jpg?resize=300%2C205&amp;ssl=1 300w, https:\/\/i0.wp.com\/www.sastamalankylat.fi\/tapiola\/wp-content\/uploads\/sites\/5\/2024\/07\/img-6015a.jpg?resize=768%2C524&amp;ssl=1 768w, https:\/\/i0.wp.com\/www.sastamalankylat.fi\/tapiola\/wp-content\/uploads\/sites\/5\/2024\/07\/img-6015a.jpg?resize=624%2C426&amp;ssl=1 624w, https:\/\/i0.wp.com\/www.sastamalankylat.fi\/tapiola\/wp-content\/uploads\/sites\/5\/2024\/07\/img-6015a.jpg?w=1375&amp;ssl=1 1375w, https:\/\/i0.wp.com\/www.sastamalankylat.fi\/tapiola\/wp-content\/uploads\/sites\/5\/2024\/07\/img-6015a.jpg?w=1250 1250w\" sizes=\"auto, (max-width: 625px) 100vw, 625px\" \/><\/a><\/p>\n<p>Mutta ninkuj jossait tua lounaiskolkasa maata o tapana sannoo, \u201dei suul yksi sy\u00e4r, sil puhuttan kans\u201d. T\u00e4n\u00e4 ehtoona t\u00e4nne oli kutsun saanneena saapunnu Kiimaj\u00e4rve yhristyksev v\u00e4kkee viaraaks. Niillolikis stej juttua siitt\u00e4, mill\u00e4lailla sik\u00e4l\u00e4iset hoitaa kyll\u00e4\u00e4ns\u00e4 kaikkie parhaaks. Mikk\u00e4\u00e4j j\u00e4ttiyhristys ei heittill\u00e4k\u00e4n tuntunnu oleva, mutta kaikellaista mukavaa toimintaa si\u00e4l\u00e4kis ste oli keksitty, viimesimp\u00e4n\u00e4 t\u00e4llaset kyl\u00e4k\u00e4velyt, eli oliko se nyn nin, ett\u00e4 periaatteena oli esitell\u00e4 kiimaj\u00e4rvi k\u00e4velle. Ei olenkas steh huano keksint\u00f6 ollukkan.<\/p>\n<p><a href=\"https:\/\/i0.wp.com\/www.sastamalankylat.fi\/tapiola\/wp-content\/uploads\/sites\/5\/2024\/07\/img-6050ajpg.jpg\"><img data-recalc-dims=\"1\" loading=\"lazy\" decoding=\"async\" data-attachment-id=\"1910\" data-permalink=\"https:\/\/www.sastamalankylat.fi\/tapiola\/2024\/07\/11\/tuli-ste-aukastua-taas-kylakahvilakausiki\/img-6050ajpg\/\" data-orig-file=\"https:\/\/i0.wp.com\/www.sastamalankylat.fi\/tapiola\/wp-content\/uploads\/sites\/5\/2024\/07\/img-6050ajpg.jpg?fit=1784%2C942&amp;ssl=1\" data-orig-size=\"1784,942\" data-comments-opened=\"0\" data-image-meta=\"{&quot;aperture&quot;:&quot;0&quot;,&quot;credit&quot;:&quot;Jani Hanhij\\u00e4rvi&quot;,&quot;camera&quot;:&quot;&quot;,&quot;caption&quot;:&quot;&quot;,&quot;created_timestamp&quot;:&quot;1720733001&quot;,&quot;copyright&quot;:&quot;&quot;,&quot;focal_length&quot;:&quot;0&quot;,&quot;iso&quot;:&quot;0&quot;,&quot;shutter_speed&quot;:&quot;0&quot;,&quot;title&quot;:&quot;&quot;,&quot;orientation&quot;:&quot;0&quot;}\" data-image-title=\"IMG_6050ajpg\" data-image-description=\"\" data-image-caption=\"\" data-large-file=\"https:\/\/i0.wp.com\/www.sastamalankylat.fi\/tapiola\/wp-content\/uploads\/sites\/5\/2024\/07\/img-6050ajpg.jpg?fit=625%2C330&amp;ssl=1\" class=\"alignnone size-large wp-image-1910\" src=\"https:\/\/i0.wp.com\/www.sastamalankylat.fi\/tapiola\/wp-content\/uploads\/sites\/5\/2024\/07\/img-6050ajpg.jpg?resize=625%2C330\" alt=\"\" width=\"625\" height=\"330\" srcset=\"https:\/\/i0.wp.com\/www.sastamalankylat.fi\/tapiola\/wp-content\/uploads\/sites\/5\/2024\/07\/img-6050ajpg.jpg?resize=1024%2C541&amp;ssl=1 1024w, https:\/\/i0.wp.com\/www.sastamalankylat.fi\/tapiola\/wp-content\/uploads\/sites\/5\/2024\/07\/img-6050ajpg.jpg?resize=300%2C158&amp;ssl=1 300w, https:\/\/i0.wp.com\/www.sastamalankylat.fi\/tapiola\/wp-content\/uploads\/sites\/5\/2024\/07\/img-6050ajpg.jpg?resize=768%2C406&amp;ssl=1 768w, https:\/\/i0.wp.com\/www.sastamalankylat.fi\/tapiola\/wp-content\/uploads\/sites\/5\/2024\/07\/img-6050ajpg.jpg?resize=1536%2C811&amp;ssl=1 1536w, https:\/\/i0.wp.com\/www.sastamalankylat.fi\/tapiola\/wp-content\/uploads\/sites\/5\/2024\/07\/img-6050ajpg.jpg?resize=624%2C329&amp;ssl=1 624w, https:\/\/i0.wp.com\/www.sastamalankylat.fi\/tapiola\/wp-content\/uploads\/sites\/5\/2024\/07\/img-6050ajpg.jpg?w=1784&amp;ssl=1 1784w, https:\/\/i0.wp.com\/www.sastamalankylat.fi\/tapiola\/wp-content\/uploads\/sites\/5\/2024\/07\/img-6050ajpg.jpg?w=1250 1250w\" sizes=\"auto, (max-width: 625px) 100vw, 625px\" \/><\/a><\/p>\n<p>Ja kut t\u00e4s\u00e4 puhheisii astip p\u00e4\u00e4stiin nin seuraavaks sai puhheevvuaron t\u00e4\u00e4 entine pit\u00e4j\u00e4 kirkkoherra, Nurmej Jari. H\u00e4n stej juttelikp pitk\u00e4j ja mi\u00e4lenkiintose tarina suvustansaj ja siitt\u00e4, mite heist\u00e4 monev vaihee kautta tuli stet tapiolalaisia. Siin\u00e4 esitykses\u00e4 vilahteli nin kirkon kun Kultarannankir rakentajia, kaikellaisista pi\u00e4nempiep pytinkier rakentajista nyp puhumattakan. Monellaiset ja kirjavat vaiheet siin\u00e4 oli tullu eletty\u00e4, v\u00e4lill\u00e4 oli v\u00e4h\u00e4lt\u00e4 ettei henkiki menny, kon alkovat sillo viimesvuassaran toise kymmenel lopulla kapinotteej ja t\u00e4\u00e4 tarinan sankari ei ste ollu semosesta touhusta nin j\u00e4ri innostunnu, oli enempi noi rakennushommat, ku entister rakennuste polttaminem mi\u00e4les\u00e4. Mutta loppujel lopuks se mone sukupolve tarina sittep p\u00e4\u00e4tty t\u00e4nne Tapiola kyl\u00e4l laitamille.<\/p>\n<p><a href=\"https:\/\/i0.wp.com\/www.sastamalankylat.fi\/tapiola\/wp-content\/uploads\/sites\/5\/2024\/07\/img-6057a.jpg\"><img data-recalc-dims=\"1\" loading=\"lazy\" decoding=\"async\" data-attachment-id=\"1911\" data-permalink=\"https:\/\/www.sastamalankylat.fi\/tapiola\/2024\/07\/11\/tuli-ste-aukastua-taas-kylakahvilakausiki\/img-6057a\/\" data-orig-file=\"https:\/\/i0.wp.com\/www.sastamalankylat.fi\/tapiola\/wp-content\/uploads\/sites\/5\/2024\/07\/img-6057a.jpg?fit=1495%2C937&amp;ssl=1\" data-orig-size=\"1495,937\" data-comments-opened=\"0\" data-image-meta=\"{&quot;aperture&quot;:&quot;0&quot;,&quot;credit&quot;:&quot;Jani Hanhij\\u00e4rvi&quot;,&quot;camera&quot;:&quot;&quot;,&quot;caption&quot;:&quot;&quot;,&quot;created_timestamp&quot;:&quot;1720733018&quot;,&quot;copyright&quot;:&quot;&quot;,&quot;focal_length&quot;:&quot;0&quot;,&quot;iso&quot;:&quot;0&quot;,&quot;shutter_speed&quot;:&quot;0&quot;,&quot;title&quot;:&quot;&quot;,&quot;orientation&quot;:&quot;0&quot;}\" data-image-title=\"IMG_6057a\" data-image-description=\"\" data-image-caption=\"\" data-large-file=\"https:\/\/i0.wp.com\/www.sastamalankylat.fi\/tapiola\/wp-content\/uploads\/sites\/5\/2024\/07\/img-6057a.jpg?fit=625%2C392&amp;ssl=1\" class=\"alignnone size-large wp-image-1911\" src=\"https:\/\/i0.wp.com\/www.sastamalankylat.fi\/tapiola\/wp-content\/uploads\/sites\/5\/2024\/07\/img-6057a.jpg?resize=625%2C392\" alt=\"\" width=\"625\" height=\"392\" srcset=\"https:\/\/i0.wp.com\/www.sastamalankylat.fi\/tapiola\/wp-content\/uploads\/sites\/5\/2024\/07\/img-6057a.jpg?resize=1024%2C642&amp;ssl=1 1024w, https:\/\/i0.wp.com\/www.sastamalankylat.fi\/tapiola\/wp-content\/uploads\/sites\/5\/2024\/07\/img-6057a.jpg?resize=300%2C188&amp;ssl=1 300w, https:\/\/i0.wp.com\/www.sastamalankylat.fi\/tapiola\/wp-content\/uploads\/sites\/5\/2024\/07\/img-6057a.jpg?resize=768%2C481&amp;ssl=1 768w, https:\/\/i0.wp.com\/www.sastamalankylat.fi\/tapiola\/wp-content\/uploads\/sites\/5\/2024\/07\/img-6057a.jpg?resize=624%2C391&amp;ssl=1 624w, https:\/\/i0.wp.com\/www.sastamalankylat.fi\/tapiola\/wp-content\/uploads\/sites\/5\/2024\/07\/img-6057a.jpg?w=1495&amp;ssl=1 1495w, https:\/\/i0.wp.com\/www.sastamalankylat.fi\/tapiola\/wp-content\/uploads\/sites\/5\/2024\/07\/img-6057a.jpg?w=1250 1250w\" sizes=\"auto, (max-width: 625px) 100vw, 625px\" \/><\/a><\/p>\n<p>Kes\u00e4senkorree ehtoop\u00e4iv\u00e4 oli saannu kaks t\u00e4n kyl\u00e4v vanhintakil liikkeelle. Tarinaa tuntu riitt\u00e4v\u00e4 heitill\u00e4kis ste pitemm\u00e4ks ruppeemaks. Siin\u00e4 ste istu sen p\u00f6yr\u00e4v vi\u00e4res\u00e4 l\u00e4hemm\u00e4ks kaks vuasisattaa el\u00e4m\u00e4nkokemusta.<\/p>\n<p><a href=\"https:\/\/i0.wp.com\/www.sastamalankylat.fi\/tapiola\/wp-content\/uploads\/sites\/5\/2024\/07\/img-6058a.jpg\"><img data-recalc-dims=\"1\" loading=\"lazy\" decoding=\"async\" data-attachment-id=\"1912\" data-permalink=\"https:\/\/www.sastamalankylat.fi\/tapiola\/2024\/07\/11\/tuli-ste-aukastua-taas-kylakahvilakausiki\/img-6058a\/\" data-orig-file=\"https:\/\/i0.wp.com\/www.sastamalankylat.fi\/tapiola\/wp-content\/uploads\/sites\/5\/2024\/07\/img-6058a.jpg?fit=1247%2C929&amp;ssl=1\" data-orig-size=\"1247,929\" data-comments-opened=\"0\" data-image-meta=\"{&quot;aperture&quot;:&quot;0&quot;,&quot;credit&quot;:&quot;Jani Hanhij\\u00e4rvi&quot;,&quot;camera&quot;:&quot;&quot;,&quot;caption&quot;:&quot;&quot;,&quot;created_timestamp&quot;:&quot;0&quot;,&quot;copyright&quot;:&quot;&quot;,&quot;focal_length&quot;:&quot;0&quot;,&quot;iso&quot;:&quot;0&quot;,&quot;shutter_speed&quot;:&quot;0&quot;,&quot;title&quot;:&quot;&quot;,&quot;orientation&quot;:&quot;0&quot;}\" data-image-title=\"IMG_6058a\" data-image-description=\"\" data-image-caption=\"\" data-large-file=\"https:\/\/i0.wp.com\/www.sastamalankylat.fi\/tapiola\/wp-content\/uploads\/sites\/5\/2024\/07\/img-6058a.jpg?fit=625%2C466&amp;ssl=1\" class=\"alignnone size-large wp-image-1912\" src=\"https:\/\/i0.wp.com\/www.sastamalankylat.fi\/tapiola\/wp-content\/uploads\/sites\/5\/2024\/07\/img-6058a.jpg?resize=625%2C466\" alt=\"\" width=\"625\" height=\"466\" srcset=\"https:\/\/i0.wp.com\/www.sastamalankylat.fi\/tapiola\/wp-content\/uploads\/sites\/5\/2024\/07\/img-6058a.jpg?resize=1024%2C763&amp;ssl=1 1024w, https:\/\/i0.wp.com\/www.sastamalankylat.fi\/tapiola\/wp-content\/uploads\/sites\/5\/2024\/07\/img-6058a.jpg?resize=300%2C223&amp;ssl=1 300w, https:\/\/i0.wp.com\/www.sastamalankylat.fi\/tapiola\/wp-content\/uploads\/sites\/5\/2024\/07\/img-6058a.jpg?resize=768%2C572&amp;ssl=1 768w, https:\/\/i0.wp.com\/www.sastamalankylat.fi\/tapiola\/wp-content\/uploads\/sites\/5\/2024\/07\/img-6058a.jpg?resize=624%2C465&amp;ssl=1 624w, https:\/\/i0.wp.com\/www.sastamalankylat.fi\/tapiola\/wp-content\/uploads\/sites\/5\/2024\/07\/img-6058a.jpg?w=1247&amp;ssl=1 1247w\" sizes=\"auto, (max-width: 625px) 100vw, 625px\" \/><\/a><\/p>\n<p>Virallisemmap puheensa j\u00e4lkee oli jarilla vi\u00e4l\u00e4 paljom muutaks puhuttavvaa kyl\u00e4v vanhemmav v\u00e4je kans. Palio siin\u00e4 muistoja ja mi\u00e4lipitteit\u00e4 tuli vaihrettua ehtoom mittaa.<\/p>\n<p><a href=\"https:\/\/i0.wp.com\/www.sastamalankylat.fi\/tapiola\/wp-content\/uploads\/sites\/5\/2024\/07\/img-6066a.jpg\"><img data-recalc-dims=\"1\" loading=\"lazy\" decoding=\"async\" data-attachment-id=\"1913\" data-permalink=\"https:\/\/www.sastamalankylat.fi\/tapiola\/2024\/07\/11\/tuli-ste-aukastua-taas-kylakahvilakausiki\/img-6066a\/\" data-orig-file=\"https:\/\/i0.wp.com\/www.sastamalankylat.fi\/tapiola\/wp-content\/uploads\/sites\/5\/2024\/07\/img-6066a.jpg?fit=1382%2C943&amp;ssl=1\" data-orig-size=\"1382,943\" data-comments-opened=\"0\" data-image-meta=\"{&quot;aperture&quot;:&quot;0&quot;,&quot;credit&quot;:&quot;Jani Hanhij\\u00e4rvi&quot;,&quot;camera&quot;:&quot;&quot;,&quot;caption&quot;:&quot;&quot;,&quot;created_timestamp&quot;:&quot;1720735353&quot;,&quot;copyright&quot;:&quot;&quot;,&quot;focal_length&quot;:&quot;0&quot;,&quot;iso&quot;:&quot;0&quot;,&quot;shutter_speed&quot;:&quot;0&quot;,&quot;title&quot;:&quot;&quot;,&quot;orientation&quot;:&quot;0&quot;}\" data-image-title=\"IMG_6066a\" data-image-description=\"\" data-image-caption=\"\" data-large-file=\"https:\/\/i0.wp.com\/www.sastamalankylat.fi\/tapiola\/wp-content\/uploads\/sites\/5\/2024\/07\/img-6066a.jpg?fit=625%2C427&amp;ssl=1\" class=\"alignnone size-large wp-image-1913\" src=\"https:\/\/i0.wp.com\/www.sastamalankylat.fi\/tapiola\/wp-content\/uploads\/sites\/5\/2024\/07\/img-6066a.jpg?resize=625%2C427\" alt=\"\" width=\"625\" height=\"427\" srcset=\"https:\/\/i0.wp.com\/www.sastamalankylat.fi\/tapiola\/wp-content\/uploads\/sites\/5\/2024\/07\/img-6066a.jpg?resize=1024%2C699&amp;ssl=1 1024w, https:\/\/i0.wp.com\/www.sastamalankylat.fi\/tapiola\/wp-content\/uploads\/sites\/5\/2024\/07\/img-6066a.jpg?resize=300%2C205&amp;ssl=1 300w, https:\/\/i0.wp.com\/www.sastamalankylat.fi\/tapiola\/wp-content\/uploads\/sites\/5\/2024\/07\/img-6066a.jpg?resize=768%2C524&amp;ssl=1 768w, https:\/\/i0.wp.com\/www.sastamalankylat.fi\/tapiola\/wp-content\/uploads\/sites\/5\/2024\/07\/img-6066a.jpg?resize=624%2C426&amp;ssl=1 624w, https:\/\/i0.wp.com\/www.sastamalankylat.fi\/tapiola\/wp-content\/uploads\/sites\/5\/2024\/07\/img-6066a.jpg?w=1382&amp;ssl=1 1382w, https:\/\/i0.wp.com\/www.sastamalankylat.fi\/tapiola\/wp-content\/uploads\/sites\/5\/2024\/07\/img-6066a.jpg?w=1250 1250w\" sizes=\"auto, (max-width: 625px) 100vw, 625px\" \/><\/a><a href=\"https:\/\/i0.wp.com\/www.sastamalankylat.fi\/tapiola\/wp-content\/uploads\/sites\/5\/2024\/07\/img-6067a.jpg\"><img data-recalc-dims=\"1\" loading=\"lazy\" decoding=\"async\" data-attachment-id=\"1914\" data-permalink=\"https:\/\/www.sastamalankylat.fi\/tapiola\/2024\/07\/11\/tuli-ste-aukastua-taas-kylakahvilakausiki\/img-6067a\/\" data-orig-file=\"https:\/\/i0.wp.com\/www.sastamalankylat.fi\/tapiola\/wp-content\/uploads\/sites\/5\/2024\/07\/img-6067a.jpg?fit=1295%2C938&amp;ssl=1\" data-orig-size=\"1295,938\" data-comments-opened=\"0\" data-image-meta=\"{&quot;aperture&quot;:&quot;0&quot;,&quot;credit&quot;:&quot;Jani Hanhij\\u00e4rvi&quot;,&quot;camera&quot;:&quot;&quot;,&quot;caption&quot;:&quot;&quot;,&quot;created_timestamp&quot;:&quot;1720732986&quot;,&quot;copyright&quot;:&quot;&quot;,&quot;focal_length&quot;:&quot;0&quot;,&quot;iso&quot;:&quot;0&quot;,&quot;shutter_speed&quot;:&quot;0&quot;,&quot;title&quot;:&quot;&quot;,&quot;orientation&quot;:&quot;0&quot;}\" data-image-title=\"IMG_6067a\" data-image-description=\"\" data-image-caption=\"\" data-large-file=\"https:\/\/i0.wp.com\/www.sastamalankylat.fi\/tapiola\/wp-content\/uploads\/sites\/5\/2024\/07\/img-6067a.jpg?fit=625%2C453&amp;ssl=1\" class=\"alignnone size-large wp-image-1914\" src=\"https:\/\/i0.wp.com\/www.sastamalankylat.fi\/tapiola\/wp-content\/uploads\/sites\/5\/2024\/07\/img-6067a.jpg?resize=625%2C453\" alt=\"\" width=\"625\" height=\"453\" srcset=\"https:\/\/i0.wp.com\/www.sastamalankylat.fi\/tapiola\/wp-content\/uploads\/sites\/5\/2024\/07\/img-6067a.jpg?resize=1024%2C742&amp;ssl=1 1024w, https:\/\/i0.wp.com\/www.sastamalankylat.fi\/tapiola\/wp-content\/uploads\/sites\/5\/2024\/07\/img-6067a.jpg?resize=300%2C217&amp;ssl=1 300w, https:\/\/i0.wp.com\/www.sastamalankylat.fi\/tapiola\/wp-content\/uploads\/sites\/5\/2024\/07\/img-6067a.jpg?resize=768%2C556&amp;ssl=1 768w, https:\/\/i0.wp.com\/www.sastamalankylat.fi\/tapiola\/wp-content\/uploads\/sites\/5\/2024\/07\/img-6067a.jpg?resize=624%2C452&amp;ssl=1 624w, https:\/\/i0.wp.com\/www.sastamalankylat.fi\/tapiola\/wp-content\/uploads\/sites\/5\/2024\/07\/img-6067a.jpg?w=1295&amp;ssl=1 1295w\" sizes=\"auto, (max-width: 625px) 100vw, 625px\" \/><\/a><\/p>\n<p>Sill\u00e4 lailla st\u00e4 taas saatii aukastuks t\u00e4nsuvinek kyl\u00e4kahvilakausi joka jatkuu stej joka pejantakiehtoo hein\u00e4uun ajjaan. Pankaas stek kaikki tutut ja tuntemattomammatkip poikete kul liikkeell\u00e4 otte t\u00e4\u00e4l\u00e4p\u00e4i sopivaa aikaa. T\u00e4\u00e4lt\u00e4 st\u00e4 stel l\u00f6ytyy juttuseuraa ja muutaki ajjaankulua, mitem millonki.<\/p>\n<!-- AddThis Advanced Settings generic via filter on the_content --><!-- AddThis Share Buttons generic via filter on the_content -->","protected":false},"excerpt":{"rendered":"<p>Pejantaki viires p\u00e4iv\u00e4 hein\u00e4kuuta aukastiin taas stev Vesterpakamm\u00e4jell\u00e4 t\u00e4\u00e4 kyl\u00e4kahvilakausi. Ilmakki oli sevverra ster rauhottunu, ette kenenk\u00e4n tarvinnu kastumistansakkan pell\u00e4\u00e4t\u00e4. Pikkane tuulevvirekki k\u00e4vi v\u00e4lliin sillai, ette noi itikakkan ihas ste kauheestik kimppuu k\u00e4yny. Ninp\u00e4s v\u00e4kkee olikis ste tullu taas paikalle iha mukakavati, tais olla jossain tua seittem\u00e4nkymmenen hujakoilla step parhaimmillaa. Ja ilmal lis\u00e4k\u00e4s oli ste [&hellip;]<!-- AddThis Advanced Settings generic via filter on wp_trim_excerpt --><!-- AddThis Share Buttons generic via filter on wp_trim_excerpt --><\/p>\n","protected":false},"author":3,"featured_media":0,"comment_status":"closed","ping_status":"open","sticky":false,"template":"","format":"standard","meta":{"jetpack_post_was_ever_published":false,"_jetpack_newsletter_access":"","_jetpack_dont_email_post_to_subs":false,"_jetpack_newsletter_tier_id":0,"_jetpack_memberships_contains_paywalled_content":false,"_jetpack_memberships_contains_paid_content":false,"footnotes":"","jetpack_publicize_message":"","jetpack_publicize_feature_enabled":true,"jetpack_social_post_already_shared":true,"jetpack_social_options":{"image_generator_settings":{"template":"highway","default_image_id":0,"font":"","enabled":false},"version":2}},"categories":[1],"tags":[],"class_list":["post-1905","post","type-post","status-publish","format-standard","hentry","category-yleinen"],"aioseo_notices":[],"jetpack_publicize_connections":[],"jetpack_featured_media_url":"","jetpack_likes_enabled":true,"jetpack_sharing_enabled":true,"jetpack_shortlink":"https:\/\/wp.me\/p3DPvf-uJ","_links":{"self":[{"href":"https:\/\/www.sastamalankylat.fi\/tapiola\/wp-json\/wp\/v2\/posts\/1905","targetHints":{"allow":["GET"]}}],"collection":[{"href":"https:\/\/www.sastamalankylat.fi\/tapiola\/wp-json\/wp\/v2\/posts"}],"about":[{"href":"https:\/\/www.sastamalankylat.fi\/tapiola\/wp-json\/wp\/v2\/types\/post"}],"author":[{"embeddable":true,"href":"https:\/\/www.sastamalankylat.fi\/tapiola\/wp-json\/wp\/v2\/users\/3"}],"replies":[{"embeddable":true,"href":"https:\/\/www.sastamalankylat.fi\/tapiola\/wp-json\/wp\/v2\/comments?post=1905"}],"version-history":[{"count":1,"href":"https:\/\/www.sastamalankylat.fi\/tapiola\/wp-json\/wp\/v2\/posts\/1905\/revisions"}],"predecessor-version":[{"id":1918,"href":"https:\/\/www.sastamalankylat.fi\/tapiola\/wp-json\/wp\/v2\/posts\/1905\/revisions\/1918"}],"wp:attachment":[{"href":"https:\/\/www.sastamalankylat.fi\/tapiola\/wp-json\/wp\/v2\/media?parent=1905"}],"wp:term":[{"taxonomy":"category","embeddable":true,"href":"https:\/\/www.sastamalankylat.fi\/tapiola\/wp-json\/wp\/v2\/categories?post=1905"},{"taxonomy":"post_tag","embeddable":true,"href":"https:\/\/www.sastamalankylat.fi\/tapiola\/wp-json\/wp\/v2\/tags?post=1905"}],"curies":[{"name":"wp","href":"https:\/\/api.w.org\/{rel}","templated":true}]}}