{"id":1687,"date":"2023-11-27T23:01:57","date_gmt":"2023-11-27T21:01:57","guid":{"rendered":"http:\/\/www.sastamalankylat.fi\/tapiola\/?p=1687"},"modified":"2023-11-27T23:01:57","modified_gmt":"2023-11-27T21:01:57","slug":"yks-kerta-ei-o-kertaakan-kaks-kertaa-on-tapa-ja-kolme-kertaa-se-onkis-stej-jo-perinne","status":"publish","type":"post","link":"https:\/\/www.sastamalankylat.fi\/tapiola\/2023\/11\/27\/yks-kerta-ei-o-kertaakan-kaks-kertaa-on-tapa-ja-kolme-kertaa-se-onkis-stej-jo-perinne\/","title":{"rendered":"Yks kerta ei o kertaakan, kaks kertaa on tapa. Ja kolme kertaa, se onkis stej jo perinne"},"content":{"rendered":"<p>T\u00e4m\u00e4n vanhan s\u00e4\u00e4nn\u00f6n mukaan voidaan siis puhua jo perinteiseksi tulleesta Tapiolankyl\u00e4n yhteisest\u00e4 joulunajan avauksesta ja jouluvalojen virallisesta sytytyksest\u00e4. Jo kolmannen kerran valaisee loppusyksyist\u00e4 pimeytt\u00e4 Harjunp\u00e4\u00e4n Iston pihalla j\u00f6k\u00f6tt\u00e4v\u00e4 kuusi, joka valaistuna hakee vertaansa n\u00e4ytt\u00e4vyydess\u00e4\u00e4n. L\u00e4hes t\u00e4ysin\u00e4inen kuunmollika loistaa selke\u00e4lt\u00e4 taivaalta saaden hangen sinert\u00e4m\u00e4\u00e4n. Tuulikin on unohtunut jonnekin kuin seurailemaan sivusta, ett\u00e4 mit\u00e4s siell\u00e4 nyt oikein on meneill\u00e4\u00e4n. V\u00e4hitellen alkaa kyl\u00e4l\u00e4isi\u00e4 kokoontua paikalle. Pakkanen nipistelee poskia ja nen\u00e4np\u00e4it\u00e4, mutta se tuskin riitt\u00e4\u00e4 kenenk\u00e4\u00e4 tunnelmia pilaamaan. Ollaanhan taas kokoonnuttu yhteisen joulunavauksen merkeiss\u00e4. Lumi narahtelle askelten alla paikallaolevien liikkuessa pit\u00e4\u00e4kseen itsens\u00e4 l\u00e4mpimin\u00e4 ja rento puheensorina t\u00e4ytt\u00e4\u00e4 pihapiirin. Taas kerran syttyy marraskuisen pimeyden ja usvan keskelle valo ik\u00e4\u00e4nkuin enteen\u00e4 siit\u00e4, ett\u00e4 kohta alkaa pimeyskin v\u00e4hitellen vaihtua pitenev\u00e4\u00e4n p\u00e4iv\u00e4\u00e4n.<\/p>\n<p><a href=\"https:\/\/i0.wp.com\/www.sastamalankylat.fi\/tapiola\/wp-content\/uploads\/sites\/5\/2023\/11\/img-5396a.jpg\"><img data-recalc-dims=\"1\" loading=\"lazy\" decoding=\"async\" data-attachment-id=\"1683\" data-permalink=\"https:\/\/www.sastamalankylat.fi\/tapiola\/ikiliikkujat\/img-5396a\/\" data-orig-file=\"https:\/\/i0.wp.com\/www.sastamalankylat.fi\/tapiola\/wp-content\/uploads\/sites\/5\/2023\/11\/img-5396a.jpg?fit=1460%2C977&amp;ssl=1\" data-orig-size=\"1460,977\" data-comments-opened=\"0\" data-image-meta=\"{&quot;aperture&quot;:&quot;0&quot;,&quot;credit&quot;:&quot;Jani Hanhij\\u00e4rvi&quot;,&quot;camera&quot;:&quot;&quot;,&quot;caption&quot;:&quot;&quot;,&quot;created_timestamp&quot;:&quot;1701125454&quot;,&quot;copyright&quot;:&quot;&quot;,&quot;focal_length&quot;:&quot;0&quot;,&quot;iso&quot;:&quot;0&quot;,&quot;shutter_speed&quot;:&quot;0&quot;,&quot;title&quot;:&quot;&quot;,&quot;orientation&quot;:&quot;0&quot;}\" data-image-title=\"IMG_5396a\" data-image-description=\"\" data-image-caption=\"\" data-large-file=\"https:\/\/i0.wp.com\/www.sastamalankylat.fi\/tapiola\/wp-content\/uploads\/sites\/5\/2023\/11\/img-5396a.jpg?fit=625%2C418&amp;ssl=1\" class=\"alignnone size-large wp-image-1683\" src=\"https:\/\/i0.wp.com\/www.sastamalankylat.fi\/tapiola\/wp-content\/uploads\/sites\/5\/2023\/11\/img-5396a.jpg?resize=625%2C418\" alt=\"\" width=\"625\" height=\"418\" srcset=\"https:\/\/i0.wp.com\/www.sastamalankylat.fi\/tapiola\/wp-content\/uploads\/sites\/5\/2023\/11\/img-5396a.jpg?resize=1024%2C685&amp;ssl=1 1024w, https:\/\/i0.wp.com\/www.sastamalankylat.fi\/tapiola\/wp-content\/uploads\/sites\/5\/2023\/11\/img-5396a.jpg?resize=300%2C201&amp;ssl=1 300w, https:\/\/i0.wp.com\/www.sastamalankylat.fi\/tapiola\/wp-content\/uploads\/sites\/5\/2023\/11\/img-5396a.jpg?resize=768%2C514&amp;ssl=1 768w, https:\/\/i0.wp.com\/www.sastamalankylat.fi\/tapiola\/wp-content\/uploads\/sites\/5\/2023\/11\/img-5396a.jpg?resize=624%2C418&amp;ssl=1 624w, https:\/\/i0.wp.com\/www.sastamalankylat.fi\/tapiola\/wp-content\/uploads\/sites\/5\/2023\/11\/img-5396a.jpg?w=1460&amp;ssl=1 1460w, https:\/\/i0.wp.com\/www.sastamalankylat.fi\/tapiola\/wp-content\/uploads\/sites\/5\/2023\/11\/img-5396a.jpg?w=1250 1250w\" sizes=\"auto, (max-width: 625px) 100vw, 625px\" \/><\/a><\/p>\n<p>Viikolla satanut lumi antaa oman jouluisen lis\u00e4ns\u00e4 t\u00e4h\u00e4n kuutamoiseen pakkasiltaan. Paikalla olevat \u201dvaahtosammuttimen mittaiset\u201d l\u00f6yt\u00e4v\u00e4tkin hetimiten ns. yhteisen s\u00e4velen ja lumi vain p\u00f6lly\u00e4\u00e4 heid\u00e4n ottaessaan ilon irti kuusen ymp\u00e4rist\u00f6n varjopaikoista ja tienpenkan suomista mahdollisuuksista m\u00e4enlaskuun. Aikuisemmat ottavat hiukan hillitymmin, gl\u00f6gimuki h\u00f6yry\u00e4\u00e4 k\u00e4dess\u00e4 jos toisessakin, mutta juttu luistaa v\u00e4hint\u00e4\u00e4nkin yht\u00e4 liukkaasti kuin lasten haalarit tienpenkan kinoksessa. Siin\u00e4 jossakin, gl\u00f6gin ja piparien v\u00e4lill\u00e4 ehdit\u00e4\u00e4n kokoontumaan kuusen juurelle yhteiskuvaan.<\/p>\n<p><a href=\"https:\/\/i0.wp.com\/www.sastamalankylat.fi\/tapiola\/wp-content\/uploads\/sites\/5\/2023\/11\/img-5414a.jpg\"><img data-recalc-dims=\"1\" loading=\"lazy\" decoding=\"async\" data-attachment-id=\"1685\" data-permalink=\"https:\/\/www.sastamalankylat.fi\/tapiola\/ikiliikkujat\/img-5414a\/\" data-orig-file=\"https:\/\/i0.wp.com\/www.sastamalankylat.fi\/tapiola\/wp-content\/uploads\/sites\/5\/2023\/11\/img-5414a.jpg?fit=1538%2C973&amp;ssl=1\" data-orig-size=\"1538,973\" data-comments-opened=\"0\" data-image-meta=\"{&quot;aperture&quot;:&quot;0&quot;,&quot;credit&quot;:&quot;Jani Hanhij\\u00e4rvi&quot;,&quot;camera&quot;:&quot;&quot;,&quot;caption&quot;:&quot;&quot;,&quot;created_timestamp&quot;:&quot;1701125480&quot;,&quot;copyright&quot;:&quot;&quot;,&quot;focal_length&quot;:&quot;0&quot;,&quot;iso&quot;:&quot;0&quot;,&quot;shutter_speed&quot;:&quot;0&quot;,&quot;title&quot;:&quot;&quot;,&quot;orientation&quot;:&quot;0&quot;}\" data-image-title=\"IMG_5414a\" data-image-description=\"\" data-image-caption=\"\" data-large-file=\"https:\/\/i0.wp.com\/www.sastamalankylat.fi\/tapiola\/wp-content\/uploads\/sites\/5\/2023\/11\/img-5414a.jpg?fit=625%2C396&amp;ssl=1\" class=\"alignnone size-large wp-image-1685\" src=\"https:\/\/i0.wp.com\/www.sastamalankylat.fi\/tapiola\/wp-content\/uploads\/sites\/5\/2023\/11\/img-5414a.jpg?resize=625%2C396\" alt=\"\" width=\"625\" height=\"396\" srcset=\"https:\/\/i0.wp.com\/www.sastamalankylat.fi\/tapiola\/wp-content\/uploads\/sites\/5\/2023\/11\/img-5414a.jpg?resize=1024%2C648&amp;ssl=1 1024w, https:\/\/i0.wp.com\/www.sastamalankylat.fi\/tapiola\/wp-content\/uploads\/sites\/5\/2023\/11\/img-5414a.jpg?resize=300%2C190&amp;ssl=1 300w, https:\/\/i0.wp.com\/www.sastamalankylat.fi\/tapiola\/wp-content\/uploads\/sites\/5\/2023\/11\/img-5414a.jpg?resize=768%2C486&amp;ssl=1 768w, https:\/\/i0.wp.com\/www.sastamalankylat.fi\/tapiola\/wp-content\/uploads\/sites\/5\/2023\/11\/img-5414a.jpg?resize=1536%2C972&amp;ssl=1 1536w, https:\/\/i0.wp.com\/www.sastamalankylat.fi\/tapiola\/wp-content\/uploads\/sites\/5\/2023\/11\/img-5414a.jpg?resize=624%2C395&amp;ssl=1 624w, https:\/\/i0.wp.com\/www.sastamalankylat.fi\/tapiola\/wp-content\/uploads\/sites\/5\/2023\/11\/img-5414a.jpg?w=1538&amp;ssl=1 1538w, https:\/\/i0.wp.com\/www.sastamalankylat.fi\/tapiola\/wp-content\/uploads\/sites\/5\/2023\/11\/img-5414a.jpg?w=1250 1250w\" sizes=\"auto, (max-width: 625px) 100vw, 625px\" \/><\/a><\/p>\n<p>On kuitenkin muistettava, ett\u00e4 t\u00e4m\u00e4kin kyl\u00e4n yhteinen, jo perinteeksi muodostunut tapahtuma vaatii tekij\u00e4ns\u00e4. Kuka keksi, ett\u00e4 kyl\u00e4ll\u00e4 pit\u00e4\u00e4 olla oma, muista erottuva joulupuu, kuka hankki valot ja kuka ne ripusti paikoilleen? Idean is\u00e4n\u00e4 voidaan pit\u00e4\u00e4 Isto Harjunp\u00e4\u00e4t\u00e4, joka jo jokusen vuoden ajan oli tuumaillut, ett\u00e4 tuossapa olisi pihan syrj\u00e4ss\u00e4 sopiva kuusi kyl\u00e4n yhteiseksi joulunajan maanmerkiksi. Kokonaan oma tarinansa olisi se, miten he sitten yhdess\u00e4 M\u00e4ki-Laurilan Sakarin ja Ollin kanssa toteuttivat ajatuksen kyl\u00e4l\u00e4isten ja kaikkien ohikulkijoitten iloksi ja pime\u00e4n ajan piristykseksi.<\/p>\n<p><a href=\"https:\/\/i0.wp.com\/www.sastamalankylat.fi\/tapiola\/wp-content\/uploads\/sites\/5\/2023\/11\/img-5408a.jpg\"><img data-recalc-dims=\"1\" loading=\"lazy\" decoding=\"async\" data-attachment-id=\"1684\" data-permalink=\"https:\/\/www.sastamalankylat.fi\/tapiola\/ikiliikkujat\/img-5408a\/\" data-orig-file=\"https:\/\/i0.wp.com\/www.sastamalankylat.fi\/tapiola\/wp-content\/uploads\/sites\/5\/2023\/11\/img-5408a.jpg?fit=1473%2C977&amp;ssl=1\" data-orig-size=\"1473,977\" data-comments-opened=\"0\" data-image-meta=\"{&quot;aperture&quot;:&quot;0&quot;,&quot;credit&quot;:&quot;Jani Hanhij\\u00e4rvi&quot;,&quot;camera&quot;:&quot;&quot;,&quot;caption&quot;:&quot;&quot;,&quot;created_timestamp&quot;:&quot;1701125466&quot;,&quot;copyright&quot;:&quot;&quot;,&quot;focal_length&quot;:&quot;0&quot;,&quot;iso&quot;:&quot;0&quot;,&quot;shutter_speed&quot;:&quot;0&quot;,&quot;title&quot;:&quot;&quot;,&quot;orientation&quot;:&quot;0&quot;}\" data-image-title=\"IMG_5408a\" data-image-description=\"\" data-image-caption=\"\" data-large-file=\"https:\/\/i0.wp.com\/www.sastamalankylat.fi\/tapiola\/wp-content\/uploads\/sites\/5\/2023\/11\/img-5408a.jpg?fit=625%2C414&amp;ssl=1\" class=\"alignnone size-large wp-image-1684\" src=\"https:\/\/i0.wp.com\/www.sastamalankylat.fi\/tapiola\/wp-content\/uploads\/sites\/5\/2023\/11\/img-5408a.jpg?resize=625%2C414\" alt=\"\" width=\"625\" height=\"414\" srcset=\"https:\/\/i0.wp.com\/www.sastamalankylat.fi\/tapiola\/wp-content\/uploads\/sites\/5\/2023\/11\/img-5408a.jpg?resize=1024%2C679&amp;ssl=1 1024w, https:\/\/i0.wp.com\/www.sastamalankylat.fi\/tapiola\/wp-content\/uploads\/sites\/5\/2023\/11\/img-5408a.jpg?resize=300%2C199&amp;ssl=1 300w, https:\/\/i0.wp.com\/www.sastamalankylat.fi\/tapiola\/wp-content\/uploads\/sites\/5\/2023\/11\/img-5408a.jpg?resize=768%2C509&amp;ssl=1 768w, https:\/\/i0.wp.com\/www.sastamalankylat.fi\/tapiola\/wp-content\/uploads\/sites\/5\/2023\/11\/img-5408a.jpg?resize=624%2C414&amp;ssl=1 624w, https:\/\/i0.wp.com\/www.sastamalankylat.fi\/tapiola\/wp-content\/uploads\/sites\/5\/2023\/11\/img-5408a.jpg?w=1473&amp;ssl=1 1473w, https:\/\/i0.wp.com\/www.sastamalankylat.fi\/tapiola\/wp-content\/uploads\/sites\/5\/2023\/11\/img-5408a.jpg?w=1250 1250w\" sizes=\"auto, (max-width: 625px) 100vw, 625px\" \/><\/a><\/p>\n<p>Kolme tekij\u00e4miest\u00e4, Sakari M\u00e4ki-Laurila, Isto Harjunp\u00e4\u00e4 ja Olli M\u00e4ki-Laurila saatiin houkutelluksi kuusen juurelle hetimiten valojen sytytty\u00e4.<\/p>\n<p><em>VK<\/em><\/p>\n<!-- AddThis Advanced Settings generic via filter on the_content --><!-- AddThis Share Buttons generic via filter on the_content -->","protected":false},"excerpt":{"rendered":"<p>T\u00e4m\u00e4n vanhan s\u00e4\u00e4nn\u00f6n mukaan voidaan siis puhua jo perinteiseksi tulleesta Tapiolankyl\u00e4n yhteisest\u00e4 joulunajan avauksesta ja jouluvalojen virallisesta sytytyksest\u00e4. Jo kolmannen kerran valaisee loppusyksyist\u00e4 pimeytt\u00e4 Harjunp\u00e4\u00e4n Iston pihalla j\u00f6k\u00f6tt\u00e4v\u00e4 kuusi, joka valaistuna hakee vertaansa n\u00e4ytt\u00e4vyydess\u00e4\u00e4n. L\u00e4hes t\u00e4ysin\u00e4inen kuunmollika loistaa selke\u00e4lt\u00e4 taivaalta saaden hangen sinert\u00e4m\u00e4\u00e4n. Tuulikin on unohtunut jonnekin kuin seurailemaan sivusta, ett\u00e4 mit\u00e4s siell\u00e4 nyt oikein [&hellip;]<!-- AddThis Advanced Settings generic via filter on wp_trim_excerpt --><!-- AddThis Share Buttons generic via filter on wp_trim_excerpt --><\/p>\n","protected":false},"author":3,"featured_media":0,"comment_status":"closed","ping_status":"open","sticky":false,"template":"","format":"standard","meta":{"jetpack_post_was_ever_published":false,"_jetpack_newsletter_access":"","_jetpack_dont_email_post_to_subs":false,"_jetpack_newsletter_tier_id":0,"_jetpack_memberships_contains_paywalled_content":false,"_jetpack_memberships_contains_paid_content":false,"footnotes":"","jetpack_publicize_message":"","jetpack_publicize_feature_enabled":true,"jetpack_social_post_already_shared":true,"jetpack_social_options":{"image_generator_settings":{"template":"highway","default_image_id":0,"font":"","enabled":false},"version":2}},"categories":[1],"tags":[],"class_list":["post-1687","post","type-post","status-publish","format-standard","hentry","category-yleinen"],"aioseo_notices":[],"jetpack_publicize_connections":[],"jetpack_featured_media_url":"","jetpack_likes_enabled":true,"jetpack_sharing_enabled":true,"jetpack_shortlink":"https:\/\/wp.me\/p3DPvf-rd","_links":{"self":[{"href":"https:\/\/www.sastamalankylat.fi\/tapiola\/wp-json\/wp\/v2\/posts\/1687","targetHints":{"allow":["GET"]}}],"collection":[{"href":"https:\/\/www.sastamalankylat.fi\/tapiola\/wp-json\/wp\/v2\/posts"}],"about":[{"href":"https:\/\/www.sastamalankylat.fi\/tapiola\/wp-json\/wp\/v2\/types\/post"}],"author":[{"embeddable":true,"href":"https:\/\/www.sastamalankylat.fi\/tapiola\/wp-json\/wp\/v2\/users\/3"}],"replies":[{"embeddable":true,"href":"https:\/\/www.sastamalankylat.fi\/tapiola\/wp-json\/wp\/v2\/comments?post=1687"}],"version-history":[{"count":1,"href":"https:\/\/www.sastamalankylat.fi\/tapiola\/wp-json\/wp\/v2\/posts\/1687\/revisions"}],"predecessor-version":[{"id":1688,"href":"https:\/\/www.sastamalankylat.fi\/tapiola\/wp-json\/wp\/v2\/posts\/1687\/revisions\/1688"}],"wp:attachment":[{"href":"https:\/\/www.sastamalankylat.fi\/tapiola\/wp-json\/wp\/v2\/media?parent=1687"}],"wp:term":[{"taxonomy":"category","embeddable":true,"href":"https:\/\/www.sastamalankylat.fi\/tapiola\/wp-json\/wp\/v2\/categories?post=1687"},{"taxonomy":"post_tag","embeddable":true,"href":"https:\/\/www.sastamalankylat.fi\/tapiola\/wp-json\/wp\/v2\/tags?post=1687"}],"curies":[{"name":"wp","href":"https:\/\/api.w.org\/{rel}","templated":true}]}}