{"id":1503,"date":"2023-08-10T22:01:10","date_gmt":"2023-08-10T19:01:10","guid":{"rendered":"http:\/\/www.sastamalankylat.fi\/tapiola\/?p=1503"},"modified":"2023-08-10T22:01:10","modified_gmt":"2023-08-10T19:01:10","slug":"ku-kauaj-jyristaa-nin-vihronviimen-sattaa","status":"publish","type":"post","link":"https:\/\/www.sastamalankylat.fi\/tapiola\/2023\/08\/10\/ku-kauaj-jyristaa-nin-vihronviimen-sattaa\/","title":{"rendered":"&#8221;Ku kauaj jyrist\u00e4\u00e4, nin vihronviimen sattaa&#8221;"},"content":{"rendered":"<p>T\u00e4\u00e4 vanha ja puhkikulunnu juttu tuli mi\u00e4leen viime perjantakin Kyl\u00e4kahvilasa. Kahvila oli aukis stev viimest\u00e4 kertaa t\u00e4n\u00e4 kes\u00e4n\u00e4. Mutta se juttu menis stes sillai, ett\u00e4 aikanaa, minem muista, mill\u00e4 vuasisaralla taikka -kymmenell\u00e4, muttei ste iha l\u00e4hiaikoina kumminka, M\u00e4nnist\u00f6m muari yritti juutia poikiansa kuttupaimeneej ja pojjat eikum makas vaa s\u00e4nkys\u00e4 ja naureskeli muarim motkotukselle. Nis sillom muarilta meni ninsanotusti kuppi nurij ja h\u00e4n ottija paiskas \u00e4mp\u00e4rillisev vett\u00e4 poikiem p\u00e4\u00e4lle. Pojjaat vaan tuumas, ett\u00e4 ku kauaj jyrist\u00e4\u00e4, nin vihronviimen sattaa. Nin st\u00e4 k\u00e4vi t\u00e4n hein\u00e4kuunki aikanna, l\u00e4hes joka kerta oli jonkinsorttinne satteenuhka p\u00e4\u00e4ll\u00e4, mutta aina se sent\u00e4s ki\u00e4rsi, paitti t\u00e4ll\u00e4 viimes kerralla stet tuli sit\u00e4 vett\u00e4ki.<\/p>\n<p><a href=\"https:\/\/i0.wp.com\/www.sastamalankylat.fi\/tapiola\/wp-content\/uploads\/sites\/5\/2023\/08\/img-4943.jpg\"><img data-recalc-dims=\"1\" loading=\"lazy\" decoding=\"async\" data-attachment-id=\"1508\" data-permalink=\"https:\/\/www.sastamalankylat.fi\/tapiola\/2023\/08\/10\/ku-kauaj-jyristaa-nin-vihronviimen-sattaa\/img-4943\/\" data-orig-file=\"https:\/\/i0.wp.com\/www.sastamalankylat.fi\/tapiola\/wp-content\/uploads\/sites\/5\/2023\/08\/img-4943.jpg?fit=1475%2C980&amp;ssl=1\" data-orig-size=\"1475,980\" data-comments-opened=\"0\" data-image-meta=\"{&quot;aperture&quot;:&quot;0&quot;,&quot;credit&quot;:&quot;Jani Hanhij\\u00e4rvi&quot;,&quot;camera&quot;:&quot;&quot;,&quot;caption&quot;:&quot;&quot;,&quot;created_timestamp&quot;:&quot;1691704494&quot;,&quot;copyright&quot;:&quot;&quot;,&quot;focal_length&quot;:&quot;0&quot;,&quot;iso&quot;:&quot;0&quot;,&quot;shutter_speed&quot;:&quot;0&quot;,&quot;title&quot;:&quot;&quot;,&quot;orientation&quot;:&quot;0&quot;}\" data-image-title=\"IMG_4943\" data-image-description=\"\" data-image-caption=\"\" data-large-file=\"https:\/\/i0.wp.com\/www.sastamalankylat.fi\/tapiola\/wp-content\/uploads\/sites\/5\/2023\/08\/img-4943.jpg?fit=625%2C415&amp;ssl=1\" class=\"alignnone size-large wp-image-1508\" src=\"https:\/\/i0.wp.com\/www.sastamalankylat.fi\/tapiola\/wp-content\/uploads\/sites\/5\/2023\/08\/img-4943.jpg?resize=625%2C415\" alt=\"\" width=\"625\" height=\"415\" srcset=\"https:\/\/i0.wp.com\/www.sastamalankylat.fi\/tapiola\/wp-content\/uploads\/sites\/5\/2023\/08\/img-4943.jpg?resize=1024%2C680&amp;ssl=1 1024w, https:\/\/i0.wp.com\/www.sastamalankylat.fi\/tapiola\/wp-content\/uploads\/sites\/5\/2023\/08\/img-4943.jpg?resize=300%2C199&amp;ssl=1 300w, https:\/\/i0.wp.com\/www.sastamalankylat.fi\/tapiola\/wp-content\/uploads\/sites\/5\/2023\/08\/img-4943.jpg?resize=768%2C510&amp;ssl=1 768w, https:\/\/i0.wp.com\/www.sastamalankylat.fi\/tapiola\/wp-content\/uploads\/sites\/5\/2023\/08\/img-4943.jpg?resize=624%2C415&amp;ssl=1 624w, https:\/\/i0.wp.com\/www.sastamalankylat.fi\/tapiola\/wp-content\/uploads\/sites\/5\/2023\/08\/img-4943.jpg?w=1475&amp;ssl=1 1475w, https:\/\/i0.wp.com\/www.sastamalankylat.fi\/tapiola\/wp-content\/uploads\/sites\/5\/2023\/08\/img-4943.jpg?w=1250 1250w\" sizes=\"auto, (max-width: 625px) 100vw, 625px\" \/><\/a><\/p>\n<p>Muute oli porukkaa liikkeell\u00e4 taas ihas stek kiitett\u00e4v\u00e4stiv vaikkei kaikki viittinny sen satteen vuaks ihas stel loppuu asti ollakkan. Tais tulla enn\u00e4tys ylleis\u00f6m m\u00e4\u00e4r\u00e4s\u00e4. Ja ilahruttavaa ti\u00e4tystikki oli taas se, ett\u00e4 nuaria kyl\u00e4l\u00e4isi\u00e4 ja perheit\u00e4 oli huamattava palio.<\/p>\n<p><a href=\"https:\/\/i0.wp.com\/www.sastamalankylat.fi\/tapiola\/wp-content\/uploads\/sites\/5\/2023\/08\/img-4931.jpg\"><img data-recalc-dims=\"1\" loading=\"lazy\" decoding=\"async\" data-attachment-id=\"1507\" data-permalink=\"https:\/\/www.sastamalankylat.fi\/tapiola\/2023\/08\/10\/ku-kauaj-jyristaa-nin-vihronviimen-sattaa\/img-4931\/\" data-orig-file=\"https:\/\/i0.wp.com\/www.sastamalankylat.fi\/tapiola\/wp-content\/uploads\/sites\/5\/2023\/08\/img-4931.jpg?fit=1479%2C980&amp;ssl=1\" data-orig-size=\"1479,980\" data-comments-opened=\"0\" data-image-meta=\"{&quot;aperture&quot;:&quot;0&quot;,&quot;credit&quot;:&quot;Jani Hanhij\\u00e4rvi&quot;,&quot;camera&quot;:&quot;&quot;,&quot;caption&quot;:&quot;&quot;,&quot;created_timestamp&quot;:&quot;1691704476&quot;,&quot;copyright&quot;:&quot;&quot;,&quot;focal_length&quot;:&quot;0&quot;,&quot;iso&quot;:&quot;0&quot;,&quot;shutter_speed&quot;:&quot;0&quot;,&quot;title&quot;:&quot;&quot;,&quot;orientation&quot;:&quot;0&quot;}\" data-image-title=\"IMG_4931\" data-image-description=\"\" data-image-caption=\"\" data-large-file=\"https:\/\/i0.wp.com\/www.sastamalankylat.fi\/tapiola\/wp-content\/uploads\/sites\/5\/2023\/08\/img-4931.jpg?fit=625%2C414&amp;ssl=1\" class=\"alignnone size-large wp-image-1507\" src=\"https:\/\/i0.wp.com\/www.sastamalankylat.fi\/tapiola\/wp-content\/uploads\/sites\/5\/2023\/08\/img-4931.jpg?resize=625%2C414\" alt=\"\" width=\"625\" height=\"414\" srcset=\"https:\/\/i0.wp.com\/www.sastamalankylat.fi\/tapiola\/wp-content\/uploads\/sites\/5\/2023\/08\/img-4931.jpg?resize=1024%2C679&amp;ssl=1 1024w, https:\/\/i0.wp.com\/www.sastamalankylat.fi\/tapiola\/wp-content\/uploads\/sites\/5\/2023\/08\/img-4931.jpg?resize=300%2C199&amp;ssl=1 300w, https:\/\/i0.wp.com\/www.sastamalankylat.fi\/tapiola\/wp-content\/uploads\/sites\/5\/2023\/08\/img-4931.jpg?resize=768%2C509&amp;ssl=1 768w, https:\/\/i0.wp.com\/www.sastamalankylat.fi\/tapiola\/wp-content\/uploads\/sites\/5\/2023\/08\/img-4931.jpg?resize=624%2C413&amp;ssl=1 624w, https:\/\/i0.wp.com\/www.sastamalankylat.fi\/tapiola\/wp-content\/uploads\/sites\/5\/2023\/08\/img-4931.jpg?w=1479&amp;ssl=1 1479w, https:\/\/i0.wp.com\/www.sastamalankylat.fi\/tapiola\/wp-content\/uploads\/sites\/5\/2023\/08\/img-4931.jpg?w=1250 1250w\" sizes=\"auto, (max-width: 625px) 100vw, 625px\" \/><\/a><\/p>\n<p>T\u00e4n ehtoopuhteev viarailijana oli Lantulam porukkaa. Sik\u00e4l\u00e4inek kyl\u00e4p\u00e4\u00e4llikk\u00f6 puhu hiukas sten niittet touhuista ja eritotes ste just valmistumasa olevasta vaellusreitist\u00f6st\u00e4. Pitt\u00e4\u00e4p\u00e4 joskus k\u00e4yr\u00e4t testaamasa sit\u00e4ki.<\/p>\n<p><a href=\"https:\/\/i0.wp.com\/www.sastamalankylat.fi\/tapiola\/wp-content\/uploads\/sites\/5\/2023\/08\/img-4952.jpg\"><img data-recalc-dims=\"1\" loading=\"lazy\" decoding=\"async\" data-attachment-id=\"1509\" data-permalink=\"https:\/\/www.sastamalankylat.fi\/tapiola\/2023\/08\/10\/ku-kauaj-jyristaa-nin-vihronviimen-sattaa\/img-4952\/\" data-orig-file=\"https:\/\/i0.wp.com\/www.sastamalankylat.fi\/tapiola\/wp-content\/uploads\/sites\/5\/2023\/08\/img-4952.jpg?fit=1474%2C985&amp;ssl=1\" data-orig-size=\"1474,985\" data-comments-opened=\"0\" data-image-meta=\"{&quot;aperture&quot;:&quot;0&quot;,&quot;credit&quot;:&quot;Jani Hanhij\\u00e4rvi&quot;,&quot;camera&quot;:&quot;&quot;,&quot;caption&quot;:&quot;&quot;,&quot;created_timestamp&quot;:&quot;1691704513&quot;,&quot;copyright&quot;:&quot;&quot;,&quot;focal_length&quot;:&quot;0&quot;,&quot;iso&quot;:&quot;0&quot;,&quot;shutter_speed&quot;:&quot;0&quot;,&quot;title&quot;:&quot;&quot;,&quot;orientation&quot;:&quot;0&quot;}\" data-image-title=\"IMG_4952\" data-image-description=\"\" data-image-caption=\"\" data-large-file=\"https:\/\/i0.wp.com\/www.sastamalankylat.fi\/tapiola\/wp-content\/uploads\/sites\/5\/2023\/08\/img-4952.jpg?fit=625%2C417&amp;ssl=1\" class=\"alignnone size-large wp-image-1509\" src=\"https:\/\/i0.wp.com\/www.sastamalankylat.fi\/tapiola\/wp-content\/uploads\/sites\/5\/2023\/08\/img-4952.jpg?resize=625%2C417\" alt=\"\" width=\"625\" height=\"417\" srcset=\"https:\/\/i0.wp.com\/www.sastamalankylat.fi\/tapiola\/wp-content\/uploads\/sites\/5\/2023\/08\/img-4952.jpg?resize=1024%2C684&amp;ssl=1 1024w, https:\/\/i0.wp.com\/www.sastamalankylat.fi\/tapiola\/wp-content\/uploads\/sites\/5\/2023\/08\/img-4952.jpg?resize=300%2C200&amp;ssl=1 300w, https:\/\/i0.wp.com\/www.sastamalankylat.fi\/tapiola\/wp-content\/uploads\/sites\/5\/2023\/08\/img-4952.jpg?resize=768%2C513&amp;ssl=1 768w, https:\/\/i0.wp.com\/www.sastamalankylat.fi\/tapiola\/wp-content\/uploads\/sites\/5\/2023\/08\/img-4952.jpg?resize=624%2C417&amp;ssl=1 624w, https:\/\/i0.wp.com\/www.sastamalankylat.fi\/tapiola\/wp-content\/uploads\/sites\/5\/2023\/08\/img-4952.jpg?w=1474&amp;ssl=1 1474w, https:\/\/i0.wp.com\/www.sastamalankylat.fi\/tapiola\/wp-content\/uploads\/sites\/5\/2023\/08\/img-4952.jpg?w=1250 1250w\" sizes=\"auto, (max-width: 625px) 100vw, 625px\" \/><\/a><\/p>\n<p>Harmittavastit t\u00e4\u00e4 sare alko steh heti t\u00e4n puhheem p\u00e4\u00e4lle, eik\u00e4 se oikeen osannu kunnolla loppuaikanna loppuakkan. Kuv v\u00e4ki alko satteen vuaks pikkuhiljaa v\u00e4het\u00e4, jouruttii ehtoon kohokohta, voileip\u00e4kakun arvontakis stes suarittaa hiukan etuajjaasa ja ahristuksesa katokse alla, jote allekirjottanneelta se meni valla huamaamati. Satteesee oli kyll\u00e4 varrauruttu sillai, ett\u00e4 krilli- ja letunpaistoporukka oli v\u00e4s\u00e4nny ittellens\u00e4 oman katoksej, josa oli hyv\u00e4 jatkaa juhlakansam muanitusta vaikka vett\u00e4 roippaskik ku&#8230; ni ti\u00e4r\u00e4tte kyll\u00e4. Katos oli stes sevverra reirun kokone, ett\u00e4 osa porukasta p\u00e4\u00e4si sen suajaas saretta pitt\u00e4\u00e4. Ja entinek krillikatos palvelis stev valla sattensuajana.<\/p>\n<p><a href=\"https:\/\/i0.wp.com\/www.sastamalankylat.fi\/tapiola\/wp-content\/uploads\/sites\/5\/2023\/08\/img-4925.jpg\"><img data-recalc-dims=\"1\" loading=\"lazy\" decoding=\"async\" data-attachment-id=\"1506\" data-permalink=\"https:\/\/www.sastamalankylat.fi\/tapiola\/2023\/08\/10\/ku-kauaj-jyristaa-nin-vihronviimen-sattaa\/img-4925\/\" data-orig-file=\"https:\/\/i0.wp.com\/www.sastamalankylat.fi\/tapiola\/wp-content\/uploads\/sites\/5\/2023\/08\/img-4925.jpg?fit=1470%2C977&amp;ssl=1\" data-orig-size=\"1470,977\" data-comments-opened=\"0\" data-image-meta=\"{&quot;aperture&quot;:&quot;0&quot;,&quot;credit&quot;:&quot;Jani Hanhij\\u00e4rvi&quot;,&quot;camera&quot;:&quot;&quot;,&quot;caption&quot;:&quot;&quot;,&quot;created_timestamp&quot;:&quot;1691704453&quot;,&quot;copyright&quot;:&quot;&quot;,&quot;focal_length&quot;:&quot;0&quot;,&quot;iso&quot;:&quot;0&quot;,&quot;shutter_speed&quot;:&quot;0&quot;,&quot;title&quot;:&quot;&quot;,&quot;orientation&quot;:&quot;0&quot;}\" data-image-title=\"IMG_4925\" data-image-description=\"\" data-image-caption=\"\" data-large-file=\"https:\/\/i0.wp.com\/www.sastamalankylat.fi\/tapiola\/wp-content\/uploads\/sites\/5\/2023\/08\/img-4925.jpg?fit=625%2C416&amp;ssl=1\" class=\"alignnone size-large wp-image-1506\" src=\"https:\/\/i0.wp.com\/www.sastamalankylat.fi\/tapiola\/wp-content\/uploads\/sites\/5\/2023\/08\/img-4925.jpg?resize=625%2C416\" alt=\"\" width=\"625\" height=\"416\" srcset=\"https:\/\/i0.wp.com\/www.sastamalankylat.fi\/tapiola\/wp-content\/uploads\/sites\/5\/2023\/08\/img-4925.jpg?resize=1024%2C681&amp;ssl=1 1024w, https:\/\/i0.wp.com\/www.sastamalankylat.fi\/tapiola\/wp-content\/uploads\/sites\/5\/2023\/08\/img-4925.jpg?resize=300%2C199&amp;ssl=1 300w, https:\/\/i0.wp.com\/www.sastamalankylat.fi\/tapiola\/wp-content\/uploads\/sites\/5\/2023\/08\/img-4925.jpg?resize=768%2C510&amp;ssl=1 768w, https:\/\/i0.wp.com\/www.sastamalankylat.fi\/tapiola\/wp-content\/uploads\/sites\/5\/2023\/08\/img-4925.jpg?resize=624%2C415&amp;ssl=1 624w, https:\/\/i0.wp.com\/www.sastamalankylat.fi\/tapiola\/wp-content\/uploads\/sites\/5\/2023\/08\/img-4925.jpg?w=1470&amp;ssl=1 1470w, https:\/\/i0.wp.com\/www.sastamalankylat.fi\/tapiola\/wp-content\/uploads\/sites\/5\/2023\/08\/img-4925.jpg?w=1250 1250w\" sizes=\"auto, (max-width: 625px) 100vw, 625px\" \/><\/a><\/p>\n<p>Hiukkases semmone alavirreinet tunnelma j\u00e4i t\u00e4st\u00e4 viimesest\u00e4 ehtoosta, mutta eihas se aurinkokan aina voip paistaa. Taas kerra o kiitokset annettava t\u00e4llep pi\u00e4nellem mutta sit\u00e4kis sitkosemmallej ja toimeliaammallet talkooporukalle, joka taaskit t\u00e4n\u00e4 kes\u00e4n\u00e4 puski n\u00e4\u00e4 perjantakiehtoisek kyl\u00e4kahvilatillaisuurep pystyyj ja hualehti, ett\u00e4 kaikki pellaa ja t\u00e4nnet tulleet ihmiset viihtys paikalla mahrollisimmah hyvi. Taas t\u00e4n\u00e4kiv vuanna t\u00e4\u00e4 porukka n\u00e4ytti, ettei \u201dik\u00e4 vika o, patti vika o\u201d, sill\u00e4 t\u00e4\u00e4 talkooporukka ei ok kyl\u00e4vv\u00e4est\u00e4 nuaremmasta p\u00e4\u00e4st\u00e4. Ja ti\u00e4tystikki suurimmat kiitokset kuuluu vi\u00e4l\u00e4 is\u00e4nt\u00e4v\u00e4jelle, Vesterpaka Kirstille ja Himperki Hannulle, jokka antaa vuaresta toiseep pihapiirins\u00e4 kyl\u00e4l\u00e4istek k\u00e4ytt\u00f6\u00f6.<\/p>\n<p><a href=\"https:\/\/i0.wp.com\/www.sastamalankylat.fi\/tapiola\/wp-content\/uploads\/sites\/5\/2023\/08\/img-4830a.jpg\"><img data-recalc-dims=\"1\" loading=\"lazy\" decoding=\"async\" data-attachment-id=\"1505\" data-permalink=\"https:\/\/www.sastamalankylat.fi\/tapiola\/2023\/08\/10\/ku-kauaj-jyristaa-nin-vihronviimen-sattaa\/img-4830a\/\" data-orig-file=\"https:\/\/i0.wp.com\/www.sastamalankylat.fi\/tapiola\/wp-content\/uploads\/sites\/5\/2023\/08\/img-4830a.jpg?fit=1460%2C974&amp;ssl=1\" data-orig-size=\"1460,974\" data-comments-opened=\"0\" data-image-meta=\"{&quot;aperture&quot;:&quot;0&quot;,&quot;credit&quot;:&quot;Jani Hanhij\\u00e4rvi&quot;,&quot;camera&quot;:&quot;&quot;,&quot;caption&quot;:&quot;&quot;,&quot;created_timestamp&quot;:&quot;1691703296&quot;,&quot;copyright&quot;:&quot;&quot;,&quot;focal_length&quot;:&quot;0&quot;,&quot;iso&quot;:&quot;0&quot;,&quot;shutter_speed&quot;:&quot;0&quot;,&quot;title&quot;:&quot;&quot;,&quot;orientation&quot;:&quot;0&quot;}\" data-image-title=\"IMG_4830a\" data-image-description=\"\" data-image-caption=\"\" data-large-file=\"https:\/\/i0.wp.com\/www.sastamalankylat.fi\/tapiola\/wp-content\/uploads\/sites\/5\/2023\/08\/img-4830a.jpg?fit=625%2C417&amp;ssl=1\" class=\"alignnone size-large wp-image-1505\" src=\"https:\/\/i0.wp.com\/www.sastamalankylat.fi\/tapiola\/wp-content\/uploads\/sites\/5\/2023\/08\/img-4830a.jpg?resize=625%2C417\" alt=\"\" width=\"625\" height=\"417\" srcset=\"https:\/\/i0.wp.com\/www.sastamalankylat.fi\/tapiola\/wp-content\/uploads\/sites\/5\/2023\/08\/img-4830a.jpg?resize=1024%2C683&amp;ssl=1 1024w, https:\/\/i0.wp.com\/www.sastamalankylat.fi\/tapiola\/wp-content\/uploads\/sites\/5\/2023\/08\/img-4830a.jpg?resize=300%2C200&amp;ssl=1 300w, https:\/\/i0.wp.com\/www.sastamalankylat.fi\/tapiola\/wp-content\/uploads\/sites\/5\/2023\/08\/img-4830a.jpg?resize=768%2C512&amp;ssl=1 768w, https:\/\/i0.wp.com\/www.sastamalankylat.fi\/tapiola\/wp-content\/uploads\/sites\/5\/2023\/08\/img-4830a.jpg?resize=624%2C416&amp;ssl=1 624w, https:\/\/i0.wp.com\/www.sastamalankylat.fi\/tapiola\/wp-content\/uploads\/sites\/5\/2023\/08\/img-4830a.jpg?w=1460&amp;ssl=1 1460w, https:\/\/i0.wp.com\/www.sastamalankylat.fi\/tapiola\/wp-content\/uploads\/sites\/5\/2023\/08\/img-4830a.jpg?w=1250 1250w\" sizes=\"auto, (max-width: 625px) 100vw, 625px\" \/><\/a><\/p>\n<p>T\u00e4mm\u00f6sis\u00e4 tunnelmisa lopeteltiit t\u00e4n kes\u00e4 kyl\u00e4kahvilatoiminta. Ens vuanna stet taas uuret kuviot ja uuret kujjeet. Mutta varmaa on se kuiteski, ett\u00e4 n\u00e4\u00e4 kaks kuuluu my\u00e4s enskes\u00e4n hein\u00e4kuisii perjantakiehtoisii.<\/p>\n<p><em>VK<\/em><\/p>\n<p><a href=\"https:\/\/i0.wp.com\/www.sastamalankylat.fi\/tapiola\/wp-content\/uploads\/sites\/5\/2023\/08\/img-4953a.jpg\"><img data-recalc-dims=\"1\" loading=\"lazy\" decoding=\"async\" data-attachment-id=\"1510\" data-permalink=\"https:\/\/www.sastamalankylat.fi\/tapiola\/2023\/08\/10\/ku-kauaj-jyristaa-nin-vihronviimen-sattaa\/img-4953a\/\" data-orig-file=\"https:\/\/i0.wp.com\/www.sastamalankylat.fi\/tapiola\/wp-content\/uploads\/sites\/5\/2023\/08\/img-4953a.jpg?fit=1380%2C976&amp;ssl=1\" data-orig-size=\"1380,976\" data-comments-opened=\"0\" data-image-meta=\"{&quot;aperture&quot;:&quot;0&quot;,&quot;credit&quot;:&quot;Jani Hanhij\\u00e4rvi&quot;,&quot;camera&quot;:&quot;&quot;,&quot;caption&quot;:&quot;&quot;,&quot;created_timestamp&quot;:&quot;1691704534&quot;,&quot;copyright&quot;:&quot;&quot;,&quot;focal_length&quot;:&quot;0&quot;,&quot;iso&quot;:&quot;0&quot;,&quot;shutter_speed&quot;:&quot;0&quot;,&quot;title&quot;:&quot;&quot;,&quot;orientation&quot;:&quot;0&quot;}\" data-image-title=\"IMG_4953a\" data-image-description=\"\" data-image-caption=\"\" data-large-file=\"https:\/\/i0.wp.com\/www.sastamalankylat.fi\/tapiola\/wp-content\/uploads\/sites\/5\/2023\/08\/img-4953a.jpg?fit=625%2C442&amp;ssl=1\" class=\"alignnone size-large wp-image-1510\" src=\"https:\/\/i0.wp.com\/www.sastamalankylat.fi\/tapiola\/wp-content\/uploads\/sites\/5\/2023\/08\/img-4953a.jpg?resize=625%2C442\" alt=\"\" width=\"625\" height=\"442\" srcset=\"https:\/\/i0.wp.com\/www.sastamalankylat.fi\/tapiola\/wp-content\/uploads\/sites\/5\/2023\/08\/img-4953a.jpg?resize=1024%2C724&amp;ssl=1 1024w, https:\/\/i0.wp.com\/www.sastamalankylat.fi\/tapiola\/wp-content\/uploads\/sites\/5\/2023\/08\/img-4953a.jpg?resize=300%2C212&amp;ssl=1 300w, https:\/\/i0.wp.com\/www.sastamalankylat.fi\/tapiola\/wp-content\/uploads\/sites\/5\/2023\/08\/img-4953a.jpg?resize=768%2C543&amp;ssl=1 768w, https:\/\/i0.wp.com\/www.sastamalankylat.fi\/tapiola\/wp-content\/uploads\/sites\/5\/2023\/08\/img-4953a.jpg?resize=624%2C441&amp;ssl=1 624w, https:\/\/i0.wp.com\/www.sastamalankylat.fi\/tapiola\/wp-content\/uploads\/sites\/5\/2023\/08\/img-4953a.jpg?w=1380&amp;ssl=1 1380w, https:\/\/i0.wp.com\/www.sastamalankylat.fi\/tapiola\/wp-content\/uploads\/sites\/5\/2023\/08\/img-4953a.jpg?w=1250 1250w\" sizes=\"auto, (max-width: 625px) 100vw, 625px\" \/><\/a><\/p>\n<!-- AddThis Advanced Settings generic via filter on the_content --><!-- AddThis Share Buttons generic via filter on the_content -->","protected":false},"excerpt":{"rendered":"<p>T\u00e4\u00e4 vanha ja puhkikulunnu juttu tuli mi\u00e4leen viime perjantakin Kyl\u00e4kahvilasa. Kahvila oli aukis stev viimest\u00e4 kertaa t\u00e4n\u00e4 kes\u00e4n\u00e4. Mutta se juttu menis stes sillai, ett\u00e4 aikanaa, minem muista, mill\u00e4 vuasisaralla taikka -kymmenell\u00e4, muttei ste iha l\u00e4hiaikoina kumminka, M\u00e4nnist\u00f6m muari yritti juutia poikiansa kuttupaimeneej ja pojjat eikum makas vaa s\u00e4nkys\u00e4 ja naureskeli muarim motkotukselle. Nis sillom [&hellip;]<!-- AddThis Advanced Settings generic via filter on wp_trim_excerpt --><!-- AddThis Share Buttons generic via filter on wp_trim_excerpt --><\/p>\n","protected":false},"author":3,"featured_media":0,"comment_status":"closed","ping_status":"open","sticky":false,"template":"","format":"standard","meta":{"jetpack_post_was_ever_published":false,"_jetpack_newsletter_access":"","_jetpack_dont_email_post_to_subs":false,"_jetpack_newsletter_tier_id":0,"_jetpack_memberships_contains_paywalled_content":false,"_jetpack_memberships_contains_paid_content":false,"footnotes":"","jetpack_publicize_message":"","jetpack_publicize_feature_enabled":true,"jetpack_social_post_already_shared":true,"jetpack_social_options":{"image_generator_settings":{"template":"highway","default_image_id":0,"font":"","enabled":false},"version":2}},"categories":[1],"tags":[],"class_list":["post-1503","post","type-post","status-publish","format-standard","hentry","category-yleinen"],"aioseo_notices":[],"jetpack_publicize_connections":[],"jetpack_featured_media_url":"","jetpack_likes_enabled":true,"jetpack_sharing_enabled":true,"jetpack_shortlink":"https:\/\/wp.me\/p3DPvf-of","_links":{"self":[{"href":"https:\/\/www.sastamalankylat.fi\/tapiola\/wp-json\/wp\/v2\/posts\/1503","targetHints":{"allow":["GET"]}}],"collection":[{"href":"https:\/\/www.sastamalankylat.fi\/tapiola\/wp-json\/wp\/v2\/posts"}],"about":[{"href":"https:\/\/www.sastamalankylat.fi\/tapiola\/wp-json\/wp\/v2\/types\/post"}],"author":[{"embeddable":true,"href":"https:\/\/www.sastamalankylat.fi\/tapiola\/wp-json\/wp\/v2\/users\/3"}],"replies":[{"embeddable":true,"href":"https:\/\/www.sastamalankylat.fi\/tapiola\/wp-json\/wp\/v2\/comments?post=1503"}],"version-history":[{"count":2,"href":"https:\/\/www.sastamalankylat.fi\/tapiola\/wp-json\/wp\/v2\/posts\/1503\/revisions"}],"predecessor-version":[{"id":1514,"href":"https:\/\/www.sastamalankylat.fi\/tapiola\/wp-json\/wp\/v2\/posts\/1503\/revisions\/1514"}],"wp:attachment":[{"href":"https:\/\/www.sastamalankylat.fi\/tapiola\/wp-json\/wp\/v2\/media?parent=1503"}],"wp:term":[{"taxonomy":"category","embeddable":true,"href":"https:\/\/www.sastamalankylat.fi\/tapiola\/wp-json\/wp\/v2\/categories?post=1503"},{"taxonomy":"post_tag","embeddable":true,"href":"https:\/\/www.sastamalankylat.fi\/tapiola\/wp-json\/wp\/v2\/tags?post=1503"}],"curies":[{"name":"wp","href":"https:\/\/api.w.org\/{rel}","templated":true}]}}