{"id":1485,"date":"2023-07-26T22:37:53","date_gmt":"2023-07-26T19:37:53","guid":{"rendered":"http:\/\/www.sastamalankylat.fi\/tapiola\/?p=1485"},"modified":"2023-07-26T22:37:53","modified_gmt":"2023-07-26T19:37:53","slug":"lauluehtoo-vestrpakammaella","status":"publish","type":"post","link":"https:\/\/www.sastamalankylat.fi\/tapiola\/2023\/07\/26\/lauluehtoo-vestrpakammaella\/","title":{"rendered":"Lauluehtoo Vestrpakamm\u00e4ell\u00e4"},"content":{"rendered":"<p>P\u00e4iv\u00e4mmittaa kyl\u00e4m p\u00e4\u00e4ll\u00e4 ki\u00e4rrelleet ja toisimpaikon hiukka vett\u00e4kit tipautelleet pilvet oli v\u00e4istynny v\u00e4h\u00e4 pualemmas, ku kyl\u00e4l\u00e4iset ja palio muutakik kansaa alko kokkoontummaan vi\u00e4tt\u00e4\u00e4n perjantakiehtoota mussiiki, kahveen, makkaraj ja muun pikkupurtavam merkeis\u00e4.Mit\u00e4s solis hein\u00e4kuu ja ehtoopuhre ilmah haitarin kes\u00e4ehtoiseem maisemaa, ihankus siihek kuuluvana hiljaksee kajahtelevaa \u00e4\u00e4nt\u00e4? Ei stem mitt\u00e4\u00e4. T\u00e4\u00e4 juttu on stem my\u00e4s Tapiolasa huamattu ja yks niist\u00e4 hein\u00e4kuisista perjantakiehtoista onkis step pyhitetty mainitulle instrumentille ja stet ti\u00e4tystikkis siihellittyv\u00e4lle yhteislaululle.Viime perjantakiehtoo olis stet t\u00e4llane.<\/p>\n<p><a href=\"https:\/\/i0.wp.com\/www.sastamalankylat.fi\/tapiola\/wp-content\/uploads\/sites\/5\/2023\/07\/img-4817.jpg\"><img data-recalc-dims=\"1\" loading=\"lazy\" decoding=\"async\" data-attachment-id=\"1486\" data-permalink=\"https:\/\/www.sastamalankylat.fi\/tapiola\/2023\/07\/26\/lauluehtoo-vestrpakammaella\/img-4817\/\" data-orig-file=\"https:\/\/i0.wp.com\/www.sastamalankylat.fi\/tapiola\/wp-content\/uploads\/sites\/5\/2023\/07\/img-4817.jpg?fit=1481%2C983&amp;ssl=1\" data-orig-size=\"1481,983\" data-comments-opened=\"0\" data-image-meta=\"{&quot;aperture&quot;:&quot;0&quot;,&quot;credit&quot;:&quot;Jani Hanhij\\u00e4rvi&quot;,&quot;camera&quot;:&quot;&quot;,&quot;caption&quot;:&quot;&quot;,&quot;created_timestamp&quot;:&quot;1690410159&quot;,&quot;copyright&quot;:&quot;&quot;,&quot;focal_length&quot;:&quot;0&quot;,&quot;iso&quot;:&quot;0&quot;,&quot;shutter_speed&quot;:&quot;0&quot;,&quot;title&quot;:&quot;&quot;,&quot;orientation&quot;:&quot;0&quot;}\" data-image-title=\"IMG_4817\" data-image-description=\"\" data-image-caption=\"\" data-large-file=\"https:\/\/i0.wp.com\/www.sastamalankylat.fi\/tapiola\/wp-content\/uploads\/sites\/5\/2023\/07\/img-4817.jpg?fit=625%2C415&amp;ssl=1\" class=\"alignnone size-large wp-image-1486\" src=\"https:\/\/i0.wp.com\/www.sastamalankylat.fi\/tapiola\/wp-content\/uploads\/sites\/5\/2023\/07\/img-4817.jpg?resize=625%2C415\" alt=\"\" width=\"625\" height=\"415\" srcset=\"https:\/\/i0.wp.com\/www.sastamalankylat.fi\/tapiola\/wp-content\/uploads\/sites\/5\/2023\/07\/img-4817.jpg?resize=1024%2C680&amp;ssl=1 1024w, https:\/\/i0.wp.com\/www.sastamalankylat.fi\/tapiola\/wp-content\/uploads\/sites\/5\/2023\/07\/img-4817.jpg?resize=300%2C199&amp;ssl=1 300w, https:\/\/i0.wp.com\/www.sastamalankylat.fi\/tapiola\/wp-content\/uploads\/sites\/5\/2023\/07\/img-4817.jpg?resize=768%2C510&amp;ssl=1 768w, https:\/\/i0.wp.com\/www.sastamalankylat.fi\/tapiola\/wp-content\/uploads\/sites\/5\/2023\/07\/img-4817.jpg?resize=624%2C414&amp;ssl=1 624w, https:\/\/i0.wp.com\/www.sastamalankylat.fi\/tapiola\/wp-content\/uploads\/sites\/5\/2023\/07\/img-4817.jpg?w=1481&amp;ssl=1 1481w, https:\/\/i0.wp.com\/www.sastamalankylat.fi\/tapiola\/wp-content\/uploads\/sites\/5\/2023\/07\/img-4817.jpg?w=1250 1250w\" sizes=\"auto, (max-width: 625px) 100vw, 625px\" \/><\/a><\/p>\n<p>Ninkus stel luanno omina \u00e4\u00e4nin\u00e4 sulautu nin hilpeet ku haikeetkis s\u00e4velet ymp\u00e4r\u00f6iv\u00e4\u00e4m maisemaa ylleis\u00f6 ottaesa ossaa pelimannim musisointii. Tuskimpa ne h\u00e4irittiv\u00e4t kovinkan palio t\u00e4nk\u00e4n pikkum\u00f6ki asukkeja, p\u00e4ivvasto, kai si\u00e4l\u00e4kis step pistettiij jalaalla korreestik ku kerranki oli luanikasta mussiikkia kuultavisa.<\/p>\n<p><a href=\"https:\/\/i0.wp.com\/www.sastamalankylat.fi\/tapiola\/wp-content\/uploads\/sites\/5\/2023\/07\/img-4827.jpg\"><img data-recalc-dims=\"1\" loading=\"lazy\" decoding=\"async\" data-attachment-id=\"1487\" data-permalink=\"https:\/\/www.sastamalankylat.fi\/tapiola\/2023\/07\/26\/lauluehtoo-vestrpakammaella\/img-4827\/\" data-orig-file=\"https:\/\/i0.wp.com\/www.sastamalankylat.fi\/tapiola\/wp-content\/uploads\/sites\/5\/2023\/07\/img-4827.jpg?fit=1478%2C984&amp;ssl=1\" data-orig-size=\"1478,984\" data-comments-opened=\"0\" data-image-meta=\"{&quot;aperture&quot;:&quot;0&quot;,&quot;credit&quot;:&quot;Jani Hanhij\\u00e4rvi&quot;,&quot;camera&quot;:&quot;&quot;,&quot;caption&quot;:&quot;&quot;,&quot;created_timestamp&quot;:&quot;1690410195&quot;,&quot;copyright&quot;:&quot;&quot;,&quot;focal_length&quot;:&quot;0&quot;,&quot;iso&quot;:&quot;0&quot;,&quot;shutter_speed&quot;:&quot;0&quot;,&quot;title&quot;:&quot;&quot;,&quot;orientation&quot;:&quot;0&quot;}\" data-image-title=\"IMG_4827\" data-image-description=\"\" data-image-caption=\"\" data-large-file=\"https:\/\/i0.wp.com\/www.sastamalankylat.fi\/tapiola\/wp-content\/uploads\/sites\/5\/2023\/07\/img-4827.jpg?fit=625%2C416&amp;ssl=1\" class=\"alignnone size-large wp-image-1487\" src=\"https:\/\/i0.wp.com\/www.sastamalankylat.fi\/tapiola\/wp-content\/uploads\/sites\/5\/2023\/07\/img-4827.jpg?resize=625%2C416\" alt=\"\" width=\"625\" height=\"416\" srcset=\"https:\/\/i0.wp.com\/www.sastamalankylat.fi\/tapiola\/wp-content\/uploads\/sites\/5\/2023\/07\/img-4827.jpg?resize=1024%2C682&amp;ssl=1 1024w, https:\/\/i0.wp.com\/www.sastamalankylat.fi\/tapiola\/wp-content\/uploads\/sites\/5\/2023\/07\/img-4827.jpg?resize=300%2C200&amp;ssl=1 300w, https:\/\/i0.wp.com\/www.sastamalankylat.fi\/tapiola\/wp-content\/uploads\/sites\/5\/2023\/07\/img-4827.jpg?resize=768%2C511&amp;ssl=1 768w, https:\/\/i0.wp.com\/www.sastamalankylat.fi\/tapiola\/wp-content\/uploads\/sites\/5\/2023\/07\/img-4827.jpg?resize=624%2C415&amp;ssl=1 624w, https:\/\/i0.wp.com\/www.sastamalankylat.fi\/tapiola\/wp-content\/uploads\/sites\/5\/2023\/07\/img-4827.jpg?w=1478&amp;ssl=1 1478w, https:\/\/i0.wp.com\/www.sastamalankylat.fi\/tapiola\/wp-content\/uploads\/sites\/5\/2023\/07\/img-4827.jpg?w=1250 1250w\" sizes=\"auto, (max-width: 625px) 100vw, 625px\" \/><\/a><\/p>\n<p>T\u00e4ll\u00e4 kertaa oli Hannu j\u00e4tt\u00e4nny viaraitte aineellistet tarpeittet tyyrytt\u00e4mise Sepo hualeks ja kyll\u00e4 siin\u00e4 yks mi\u00e4s saikis steh h\u00e4\u00e4r\u00e4t\u00e4 ahkerasti. V\u00e4kkee oli ku helluntai epistolasa ja kaikilla oli n\u00e4lk\u00e4, toisilla isompi ja toisilla stet taas pi\u00e4nempi. Mutta hyvi n\u00e4ky porukkaa sill\u00e4 krilinkulmalla pihaa py\u00e4riskelev\u00e4.<\/p>\n<p><a href=\"https:\/\/i0.wp.com\/www.sastamalankylat.fi\/tapiola\/wp-content\/uploads\/sites\/5\/2023\/07\/img-4828.jpg\"><img data-recalc-dims=\"1\" loading=\"lazy\" decoding=\"async\" data-attachment-id=\"1488\" data-permalink=\"https:\/\/www.sastamalankylat.fi\/tapiola\/2023\/07\/26\/lauluehtoo-vestrpakammaella\/img-4828\/\" data-orig-file=\"https:\/\/i0.wp.com\/www.sastamalankylat.fi\/tapiola\/wp-content\/uploads\/sites\/5\/2023\/07\/img-4828.jpg?fit=1483%2C984&amp;ssl=1\" data-orig-size=\"1483,984\" data-comments-opened=\"0\" data-image-meta=\"{&quot;aperture&quot;:&quot;0&quot;,&quot;credit&quot;:&quot;Jani Hanhij\\u00e4rvi&quot;,&quot;camera&quot;:&quot;&quot;,&quot;caption&quot;:&quot;&quot;,&quot;created_timestamp&quot;:&quot;1690410217&quot;,&quot;copyright&quot;:&quot;&quot;,&quot;focal_length&quot;:&quot;0&quot;,&quot;iso&quot;:&quot;0&quot;,&quot;shutter_speed&quot;:&quot;0&quot;,&quot;title&quot;:&quot;&quot;,&quot;orientation&quot;:&quot;0&quot;}\" data-image-title=\"IMG_4828\" data-image-description=\"\" data-image-caption=\"\" data-large-file=\"https:\/\/i0.wp.com\/www.sastamalankylat.fi\/tapiola\/wp-content\/uploads\/sites\/5\/2023\/07\/img-4828.jpg?fit=625%2C414&amp;ssl=1\" class=\"alignnone size-large wp-image-1488\" src=\"https:\/\/i0.wp.com\/www.sastamalankylat.fi\/tapiola\/wp-content\/uploads\/sites\/5\/2023\/07\/img-4828.jpg?resize=625%2C414\" alt=\"\" width=\"625\" height=\"414\" srcset=\"https:\/\/i0.wp.com\/www.sastamalankylat.fi\/tapiola\/wp-content\/uploads\/sites\/5\/2023\/07\/img-4828.jpg?resize=1024%2C679&amp;ssl=1 1024w, https:\/\/i0.wp.com\/www.sastamalankylat.fi\/tapiola\/wp-content\/uploads\/sites\/5\/2023\/07\/img-4828.jpg?resize=300%2C199&amp;ssl=1 300w, https:\/\/i0.wp.com\/www.sastamalankylat.fi\/tapiola\/wp-content\/uploads\/sites\/5\/2023\/07\/img-4828.jpg?resize=768%2C510&amp;ssl=1 768w, https:\/\/i0.wp.com\/www.sastamalankylat.fi\/tapiola\/wp-content\/uploads\/sites\/5\/2023\/07\/img-4828.jpg?resize=624%2C414&amp;ssl=1 624w, https:\/\/i0.wp.com\/www.sastamalankylat.fi\/tapiola\/wp-content\/uploads\/sites\/5\/2023\/07\/img-4828.jpg?w=1483&amp;ssl=1 1483w, https:\/\/i0.wp.com\/www.sastamalankylat.fi\/tapiola\/wp-content\/uploads\/sites\/5\/2023\/07\/img-4828.jpg?w=1250 1250w\" sizes=\"auto, (max-width: 625px) 100vw, 625px\" \/><\/a><\/p>\n<p>Jos st\u00e4 piti Sepolla hoppua nin ei p\u00e4\u00e4ssy toi Kirstik\u00e4v vallal laakereillansal lepp\u00e4\u00e4. Nimiek kerruu viaraskirjaaj ja arpojem myynti piti t\u00e4n ikinuare yhristysveteraani kovinki kiireisen\u00e4 koko ehtoon ajjaan. Sai siin\u00e4 sukkuloiram m\u00e4kee pitkij ja poiki ennenkuj jokkaise nimet oli kirjoisa ja kaikki halukkaat saanu ostettua arpoja tarpeensam mukkaa.<\/p>\n<p><a href=\"https:\/\/i0.wp.com\/www.sastamalankylat.fi\/tapiola\/wp-content\/uploads\/sites\/5\/2023\/07\/img-4830.jpg\"><img data-recalc-dims=\"1\" loading=\"lazy\" decoding=\"async\" data-attachment-id=\"1489\" data-permalink=\"https:\/\/www.sastamalankylat.fi\/tapiola\/2023\/07\/26\/lauluehtoo-vestrpakammaella\/img-4830\/\" data-orig-file=\"https:\/\/i0.wp.com\/www.sastamalankylat.fi\/tapiola\/wp-content\/uploads\/sites\/5\/2023\/07\/img-4830.jpg?fit=1479%2C982&amp;ssl=1\" data-orig-size=\"1479,982\" data-comments-opened=\"0\" data-image-meta=\"{&quot;aperture&quot;:&quot;0&quot;,&quot;credit&quot;:&quot;Jani Hanhij\\u00e4rvi&quot;,&quot;camera&quot;:&quot;&quot;,&quot;caption&quot;:&quot;&quot;,&quot;created_timestamp&quot;:&quot;1690410234&quot;,&quot;copyright&quot;:&quot;&quot;,&quot;focal_length&quot;:&quot;0&quot;,&quot;iso&quot;:&quot;0&quot;,&quot;shutter_speed&quot;:&quot;0&quot;,&quot;title&quot;:&quot;&quot;,&quot;orientation&quot;:&quot;0&quot;}\" data-image-title=\"IMG_4830\" data-image-description=\"\" data-image-caption=\"\" data-large-file=\"https:\/\/i0.wp.com\/www.sastamalankylat.fi\/tapiola\/wp-content\/uploads\/sites\/5\/2023\/07\/img-4830.jpg?fit=625%2C415&amp;ssl=1\" class=\"alignnone size-large wp-image-1489\" src=\"https:\/\/i0.wp.com\/www.sastamalankylat.fi\/tapiola\/wp-content\/uploads\/sites\/5\/2023\/07\/img-4830.jpg?resize=625%2C415\" alt=\"\" width=\"625\" height=\"415\" srcset=\"https:\/\/i0.wp.com\/www.sastamalankylat.fi\/tapiola\/wp-content\/uploads\/sites\/5\/2023\/07\/img-4830.jpg?resize=1024%2C680&amp;ssl=1 1024w, https:\/\/i0.wp.com\/www.sastamalankylat.fi\/tapiola\/wp-content\/uploads\/sites\/5\/2023\/07\/img-4830.jpg?resize=300%2C199&amp;ssl=1 300w, https:\/\/i0.wp.com\/www.sastamalankylat.fi\/tapiola\/wp-content\/uploads\/sites\/5\/2023\/07\/img-4830.jpg?resize=768%2C510&amp;ssl=1 768w, https:\/\/i0.wp.com\/www.sastamalankylat.fi\/tapiola\/wp-content\/uploads\/sites\/5\/2023\/07\/img-4830.jpg?resize=624%2C414&amp;ssl=1 624w, https:\/\/i0.wp.com\/www.sastamalankylat.fi\/tapiola\/wp-content\/uploads\/sites\/5\/2023\/07\/img-4830.jpg?w=1479&amp;ssl=1 1479w, https:\/\/i0.wp.com\/www.sastamalankylat.fi\/tapiola\/wp-content\/uploads\/sites\/5\/2023\/07\/img-4830.jpg?w=1250 1250w\" sizes=\"auto, (max-width: 625px) 100vw, 625px\" \/><\/a><\/p>\n<p>Kus stem musikantti piti pi\u00e4ne henk\u00e4hrystauo, oli ehtoon viaraan, T\u00e4ll\u00e4 kertaa Illon kyl\u00e4p\u00e4llik\u00f6v vuaro avata sananen arkkunsa. H\u00e4nelloli kerrottavana, mite Illosa toimii monta yhristyst\u00e4 p\u00e4\u00e4llekk\u00e4i. Om mett\u00e4stysseuraa, VPK:ta, VPK:N naisia, Jytin\u00e4\u00e4, kyl\u00e4yhristyst\u00e4 ja mit\u00e4kaikkee muuta vi\u00e4 onkan, mutta stekkip piisaa porukkaa jokkaiseer riantoos ste iha riitt\u00e4v\u00e4sti. Ett\u00e4 sellasta si\u00e4l\u00e4p\u00e4i. Siin\u00e4 samalla petattii hiuka st\u00e4 jo jonki aikaa ste alkanutta yhteisty\u00e4t\u00e4 n\u00e4ittek kahrek kyl\u00e4v v\u00e4lill\u00e4. Ainakij jokust tanssit o piretty yhteisvoimij ja taitaa olla jottaim muutaki.<\/p>\n<p><a href=\"https:\/\/i0.wp.com\/www.sastamalankylat.fi\/tapiola\/wp-content\/uploads\/sites\/5\/2023\/07\/img-4842.jpg\"><img data-recalc-dims=\"1\" loading=\"lazy\" decoding=\"async\" data-attachment-id=\"1490\" data-permalink=\"https:\/\/www.sastamalankylat.fi\/tapiola\/2023\/07\/26\/lauluehtoo-vestrpakammaella\/img-4842\/\" data-orig-file=\"https:\/\/i0.wp.com\/www.sastamalankylat.fi\/tapiola\/wp-content\/uploads\/sites\/5\/2023\/07\/img-4842.jpg?fit=1483%2C984&amp;ssl=1\" data-orig-size=\"1483,984\" data-comments-opened=\"0\" data-image-meta=\"{&quot;aperture&quot;:&quot;0&quot;,&quot;credit&quot;:&quot;Jani Hanhij\\u00e4rvi&quot;,&quot;camera&quot;:&quot;&quot;,&quot;caption&quot;:&quot;&quot;,&quot;created_timestamp&quot;:&quot;1690410251&quot;,&quot;copyright&quot;:&quot;&quot;,&quot;focal_length&quot;:&quot;0&quot;,&quot;iso&quot;:&quot;0&quot;,&quot;shutter_speed&quot;:&quot;0&quot;,&quot;title&quot;:&quot;&quot;,&quot;orientation&quot;:&quot;0&quot;}\" data-image-title=\"IMG_4842\" data-image-description=\"\" data-image-caption=\"\" data-large-file=\"https:\/\/i0.wp.com\/www.sastamalankylat.fi\/tapiola\/wp-content\/uploads\/sites\/5\/2023\/07\/img-4842.jpg?fit=625%2C414&amp;ssl=1\" class=\"alignnone size-large wp-image-1490\" src=\"https:\/\/i0.wp.com\/www.sastamalankylat.fi\/tapiola\/wp-content\/uploads\/sites\/5\/2023\/07\/img-4842.jpg?resize=625%2C414\" alt=\"\" width=\"625\" height=\"414\" srcset=\"https:\/\/i0.wp.com\/www.sastamalankylat.fi\/tapiola\/wp-content\/uploads\/sites\/5\/2023\/07\/img-4842.jpg?resize=1024%2C679&amp;ssl=1 1024w, https:\/\/i0.wp.com\/www.sastamalankylat.fi\/tapiola\/wp-content\/uploads\/sites\/5\/2023\/07\/img-4842.jpg?resize=300%2C199&amp;ssl=1 300w, https:\/\/i0.wp.com\/www.sastamalankylat.fi\/tapiola\/wp-content\/uploads\/sites\/5\/2023\/07\/img-4842.jpg?resize=768%2C510&amp;ssl=1 768w, https:\/\/i0.wp.com\/www.sastamalankylat.fi\/tapiola\/wp-content\/uploads\/sites\/5\/2023\/07\/img-4842.jpg?resize=624%2C414&amp;ssl=1 624w, https:\/\/i0.wp.com\/www.sastamalankylat.fi\/tapiola\/wp-content\/uploads\/sites\/5\/2023\/07\/img-4842.jpg?w=1483&amp;ssl=1 1483w, https:\/\/i0.wp.com\/www.sastamalankylat.fi\/tapiola\/wp-content\/uploads\/sites\/5\/2023\/07\/img-4842.jpg?w=1250 1250w\" sizes=\"auto, (max-width: 625px) 100vw, 625px\" \/><\/a><\/p>\n<p>Illosta oli paikalla palio muutakip porukkaa, joku oli p\u00e4\u00e4ssyp perille stv v\u00e4h\u00e4sev vanhemmalakik kulkupelill\u00e4.<\/p>\n<p><a href=\"https:\/\/i0.wp.com\/www.sastamalankylat.fi\/tapiola\/wp-content\/uploads\/sites\/5\/2023\/07\/img-4860.jpg\"><img data-recalc-dims=\"1\" loading=\"lazy\" decoding=\"async\" data-attachment-id=\"1492\" data-permalink=\"https:\/\/www.sastamalankylat.fi\/tapiola\/2023\/07\/26\/lauluehtoo-vestrpakammaella\/img-4860\/\" data-orig-file=\"https:\/\/i0.wp.com\/www.sastamalankylat.fi\/tapiola\/wp-content\/uploads\/sites\/5\/2023\/07\/img-4860.jpg?fit=1485%2C988&amp;ssl=1\" data-orig-size=\"1485,988\" data-comments-opened=\"0\" data-image-meta=\"{&quot;aperture&quot;:&quot;0&quot;,&quot;credit&quot;:&quot;Jani Hanhij\\u00e4rvi&quot;,&quot;camera&quot;:&quot;&quot;,&quot;caption&quot;:&quot;&quot;,&quot;created_timestamp&quot;:&quot;1690410284&quot;,&quot;copyright&quot;:&quot;&quot;,&quot;focal_length&quot;:&quot;0&quot;,&quot;iso&quot;:&quot;0&quot;,&quot;shutter_speed&quot;:&quot;0&quot;,&quot;title&quot;:&quot;&quot;,&quot;orientation&quot;:&quot;0&quot;}\" data-image-title=\"IMG_4860\" data-image-description=\"\" data-image-caption=\"\" data-large-file=\"https:\/\/i0.wp.com\/www.sastamalankylat.fi\/tapiola\/wp-content\/uploads\/sites\/5\/2023\/07\/img-4860.jpg?fit=625%2C416&amp;ssl=1\" class=\"alignnone size-large wp-image-1492\" src=\"https:\/\/i0.wp.com\/www.sastamalankylat.fi\/tapiola\/wp-content\/uploads\/sites\/5\/2023\/07\/img-4860.jpg?resize=625%2C416\" alt=\"\" width=\"625\" height=\"416\" srcset=\"https:\/\/i0.wp.com\/www.sastamalankylat.fi\/tapiola\/wp-content\/uploads\/sites\/5\/2023\/07\/img-4860.jpg?resize=1024%2C681&amp;ssl=1 1024w, https:\/\/i0.wp.com\/www.sastamalankylat.fi\/tapiola\/wp-content\/uploads\/sites\/5\/2023\/07\/img-4860.jpg?resize=300%2C200&amp;ssl=1 300w, https:\/\/i0.wp.com\/www.sastamalankylat.fi\/tapiola\/wp-content\/uploads\/sites\/5\/2023\/07\/img-4860.jpg?resize=768%2C511&amp;ssl=1 768w, https:\/\/i0.wp.com\/www.sastamalankylat.fi\/tapiola\/wp-content\/uploads\/sites\/5\/2023\/07\/img-4860.jpg?resize=624%2C415&amp;ssl=1 624w, https:\/\/i0.wp.com\/www.sastamalankylat.fi\/tapiola\/wp-content\/uploads\/sites\/5\/2023\/07\/img-4860.jpg?w=1485&amp;ssl=1 1485w, https:\/\/i0.wp.com\/www.sastamalankylat.fi\/tapiola\/wp-content\/uploads\/sites\/5\/2023\/07\/img-4860.jpg?w=1250 1250w\" sizes=\"auto, (max-width: 625px) 100vw, 625px\" \/><\/a><\/p>\n<p>Nyh\u00e4n st\u00e4 o semmone puute kyl\u00e4ll\u00e4, ett\u00e4 meitilt\u00e4 puuttuu stev vallas stes semmonej joka kyll\u00e4\u00e4 kuuluva henkil\u00f6 ku virallinek kyl\u00e4hullu. Eik\u00e4 allekkirjottannu o semmose nimmeemisest\u00e4 taikka valittemisesta mitt\u00e4\u00e4 kuullukka. Siks kaij joku olik, ihavaa st\u00e4 puutetta eres v\u00e4h\u00e4l li\u00e4vent\u00e4\u00e4ksee vet\u00e4ny p\u00e4\u00e4h\u00e4ns\u00e4p p\u00f6lj\u00e4 hatu. No, tuskimpa t\u00e4\u00e4 kaveri sent\u00e4\u00e4s sem p\u00f6ljempi oli ku muutka, noi keskim\u00e4\u00e4ri.<\/p>\n<p><a href=\"https:\/\/i0.wp.com\/www.sastamalankylat.fi\/tapiola\/wp-content\/uploads\/sites\/5\/2023\/07\/img-4846a.jpg\"><img data-recalc-dims=\"1\" loading=\"lazy\" decoding=\"async\" data-attachment-id=\"1491\" data-permalink=\"https:\/\/www.sastamalankylat.fi\/tapiola\/2023\/07\/26\/lauluehtoo-vestrpakammaella\/img-4846a\/\" data-orig-file=\"https:\/\/i0.wp.com\/www.sastamalankylat.fi\/tapiola\/wp-content\/uploads\/sites\/5\/2023\/07\/img-4846a.jpg?fit=1260%2C882&amp;ssl=1\" data-orig-size=\"1260,882\" data-comments-opened=\"0\" data-image-meta=\"{&quot;aperture&quot;:&quot;0&quot;,&quot;credit&quot;:&quot;Jani Hanhij\\u00e4rvi&quot;,&quot;camera&quot;:&quot;&quot;,&quot;caption&quot;:&quot;&quot;,&quot;created_timestamp&quot;:&quot;1690410269&quot;,&quot;copyright&quot;:&quot;&quot;,&quot;focal_length&quot;:&quot;0&quot;,&quot;iso&quot;:&quot;0&quot;,&quot;shutter_speed&quot;:&quot;0&quot;,&quot;title&quot;:&quot;&quot;,&quot;orientation&quot;:&quot;0&quot;}\" data-image-title=\"IMG_4846a\" data-image-description=\"\" data-image-caption=\"\" data-large-file=\"https:\/\/i0.wp.com\/www.sastamalankylat.fi\/tapiola\/wp-content\/uploads\/sites\/5\/2023\/07\/img-4846a.jpg?fit=625%2C438&amp;ssl=1\" class=\"alignnone size-large wp-image-1491\" src=\"https:\/\/i0.wp.com\/www.sastamalankylat.fi\/tapiola\/wp-content\/uploads\/sites\/5\/2023\/07\/img-4846a.jpg?resize=625%2C438\" alt=\"\" width=\"625\" height=\"438\" srcset=\"https:\/\/i0.wp.com\/www.sastamalankylat.fi\/tapiola\/wp-content\/uploads\/sites\/5\/2023\/07\/img-4846a.jpg?resize=1024%2C717&amp;ssl=1 1024w, https:\/\/i0.wp.com\/www.sastamalankylat.fi\/tapiola\/wp-content\/uploads\/sites\/5\/2023\/07\/img-4846a.jpg?resize=300%2C210&amp;ssl=1 300w, https:\/\/i0.wp.com\/www.sastamalankylat.fi\/tapiola\/wp-content\/uploads\/sites\/5\/2023\/07\/img-4846a.jpg?resize=768%2C538&amp;ssl=1 768w, https:\/\/i0.wp.com\/www.sastamalankylat.fi\/tapiola\/wp-content\/uploads\/sites\/5\/2023\/07\/img-4846a.jpg?resize=624%2C437&amp;ssl=1 624w, https:\/\/i0.wp.com\/www.sastamalankylat.fi\/tapiola\/wp-content\/uploads\/sites\/5\/2023\/07\/img-4846a.jpg?w=1260&amp;ssl=1 1260w\" sizes=\"auto, (max-width: 625px) 100vw, 625px\" \/><\/a><\/p>\n<p>Siin\u00e4 stem mussikij ja muuh hulina innottamana rupes Seija muistelleej jottaiv vanhaa omituista tanssia ja ett\u00e4 mik\u00e4 sen nimi ste olis ollu. Kunnei sleittelyist\u00e4 ollus suurempaa apua, komensi Seija Iston avuksensa n\u00e4ytt\u00e4\u00e4 oikees stek k\u00e4yt\u00e4nn\u00f6s\u00e4, millai se meni. Ja menih\u00e4s se, joku tosta esityksest\u00e4 stes sevverra p\u00e4\u00e4si kuuselle, ett\u00e4 porukka p\u00e4\u00e4tti yksmi\u00e4lisesti, ett\u00e4 se oli konka. Se tanssi nimitt\u00e4i.<\/p>\n<p><a href=\"https:\/\/i0.wp.com\/www.sastamalankylat.fi\/tapiola\/wp-content\/uploads\/sites\/5\/2023\/07\/img-4862.jpg\"><img data-recalc-dims=\"1\" loading=\"lazy\" decoding=\"async\" data-attachment-id=\"1493\" data-permalink=\"https:\/\/www.sastamalankylat.fi\/tapiola\/2023\/07\/26\/lauluehtoo-vestrpakammaella\/img-4862\/\" data-orig-file=\"https:\/\/i0.wp.com\/www.sastamalankylat.fi\/tapiola\/wp-content\/uploads\/sites\/5\/2023\/07\/img-4862.jpg?fit=1481%2C984&amp;ssl=1\" data-orig-size=\"1481,984\" data-comments-opened=\"0\" data-image-meta=\"{&quot;aperture&quot;:&quot;0&quot;,&quot;credit&quot;:&quot;Jani Hanhij\\u00e4rvi&quot;,&quot;camera&quot;:&quot;&quot;,&quot;caption&quot;:&quot;&quot;,&quot;created_timestamp&quot;:&quot;1690410304&quot;,&quot;copyright&quot;:&quot;&quot;,&quot;focal_length&quot;:&quot;0&quot;,&quot;iso&quot;:&quot;0&quot;,&quot;shutter_speed&quot;:&quot;0&quot;,&quot;title&quot;:&quot;&quot;,&quot;orientation&quot;:&quot;0&quot;}\" data-image-title=\"IMG_4862\" data-image-description=\"\" data-image-caption=\"\" data-large-file=\"https:\/\/i0.wp.com\/www.sastamalankylat.fi\/tapiola\/wp-content\/uploads\/sites\/5\/2023\/07\/img-4862.jpg?fit=625%2C415&amp;ssl=1\" class=\"alignnone size-large wp-image-1493\" src=\"https:\/\/i0.wp.com\/www.sastamalankylat.fi\/tapiola\/wp-content\/uploads\/sites\/5\/2023\/07\/img-4862.jpg?resize=625%2C415\" alt=\"\" width=\"625\" height=\"415\" srcset=\"https:\/\/i0.wp.com\/www.sastamalankylat.fi\/tapiola\/wp-content\/uploads\/sites\/5\/2023\/07\/img-4862.jpg?resize=1024%2C680&amp;ssl=1 1024w, https:\/\/i0.wp.com\/www.sastamalankylat.fi\/tapiola\/wp-content\/uploads\/sites\/5\/2023\/07\/img-4862.jpg?resize=300%2C199&amp;ssl=1 300w, https:\/\/i0.wp.com\/www.sastamalankylat.fi\/tapiola\/wp-content\/uploads\/sites\/5\/2023\/07\/img-4862.jpg?resize=768%2C510&amp;ssl=1 768w, https:\/\/i0.wp.com\/www.sastamalankylat.fi\/tapiola\/wp-content\/uploads\/sites\/5\/2023\/07\/img-4862.jpg?resize=624%2C415&amp;ssl=1 624w, https:\/\/i0.wp.com\/www.sastamalankylat.fi\/tapiola\/wp-content\/uploads\/sites\/5\/2023\/07\/img-4862.jpg?w=1481&amp;ssl=1 1481w, https:\/\/i0.wp.com\/www.sastamalankylat.fi\/tapiola\/wp-content\/uploads\/sites\/5\/2023\/07\/img-4862.jpg?w=1250 1250w\" sizes=\"auto, (max-width: 625px) 100vw, 625px\" \/><\/a><\/p>\n<p>Mutta ninkut tua aijemmi oli juttua, myytiij ja ostettii arpoja t\u00e4n\u00e4ki ehtoona kiitett\u00e4v\u00e4ll\u00e4 ahkeruurella. Ehtoom p\u00e4\u00e4tteeks stes suaritettii arvonta ja pistettii voitot niille, joille ne tuurim mukkaa kuuluki. Onnettareks l\u00f6yty yks nuarison erustaja ja h\u00e4nh\u00e4s ste nostelikil lappusia ihas ste ik\u00e4ns\u00e4 erellytt\u00e4m\u00e4ll\u00e4 innolla. Anneli pitelee looraa ja seija kailottaa, mit\u00e4 on tulosa ja kelle. N\u00e4is se sujjuu yhteisty\u00e4 t\u00e4ll\u00e4 kyl\u00e4ll\u00e4.<\/p>\n<p><a href=\"https:\/\/i0.wp.com\/www.sastamalankylat.fi\/tapiola\/wp-content\/uploads\/sites\/5\/2023\/07\/img-4873.jpg\"><img data-recalc-dims=\"1\" loading=\"lazy\" decoding=\"async\" data-attachment-id=\"1494\" data-permalink=\"https:\/\/www.sastamalankylat.fi\/tapiola\/2023\/07\/26\/lauluehtoo-vestrpakammaella\/img-4873\/\" data-orig-file=\"https:\/\/i0.wp.com\/www.sastamalankylat.fi\/tapiola\/wp-content\/uploads\/sites\/5\/2023\/07\/img-4873.jpg?fit=1479%2C988&amp;ssl=1\" data-orig-size=\"1479,988\" data-comments-opened=\"0\" data-image-meta=\"{&quot;aperture&quot;:&quot;0&quot;,&quot;credit&quot;:&quot;Jani Hanhij\\u00e4rvi&quot;,&quot;camera&quot;:&quot;&quot;,&quot;caption&quot;:&quot;&quot;,&quot;created_timestamp&quot;:&quot;1690410327&quot;,&quot;copyright&quot;:&quot;&quot;,&quot;focal_length&quot;:&quot;0&quot;,&quot;iso&quot;:&quot;0&quot;,&quot;shutter_speed&quot;:&quot;0&quot;,&quot;title&quot;:&quot;&quot;,&quot;orientation&quot;:&quot;0&quot;}\" data-image-title=\"IMG_4873\" data-image-description=\"\" data-image-caption=\"\" data-large-file=\"https:\/\/i0.wp.com\/www.sastamalankylat.fi\/tapiola\/wp-content\/uploads\/sites\/5\/2023\/07\/img-4873.jpg?fit=625%2C417&amp;ssl=1\" class=\"alignnone size-large wp-image-1494\" src=\"https:\/\/i0.wp.com\/www.sastamalankylat.fi\/tapiola\/wp-content\/uploads\/sites\/5\/2023\/07\/img-4873.jpg?resize=625%2C417\" alt=\"\" width=\"625\" height=\"417\" srcset=\"https:\/\/i0.wp.com\/www.sastamalankylat.fi\/tapiola\/wp-content\/uploads\/sites\/5\/2023\/07\/img-4873.jpg?resize=1024%2C684&amp;ssl=1 1024w, https:\/\/i0.wp.com\/www.sastamalankylat.fi\/tapiola\/wp-content\/uploads\/sites\/5\/2023\/07\/img-4873.jpg?resize=300%2C200&amp;ssl=1 300w, https:\/\/i0.wp.com\/www.sastamalankylat.fi\/tapiola\/wp-content\/uploads\/sites\/5\/2023\/07\/img-4873.jpg?resize=768%2C513&amp;ssl=1 768w, https:\/\/i0.wp.com\/www.sastamalankylat.fi\/tapiola\/wp-content\/uploads\/sites\/5\/2023\/07\/img-4873.jpg?resize=624%2C417&amp;ssl=1 624w, https:\/\/i0.wp.com\/www.sastamalankylat.fi\/tapiola\/wp-content\/uploads\/sites\/5\/2023\/07\/img-4873.jpg?w=1479&amp;ssl=1 1479w, https:\/\/i0.wp.com\/www.sastamalankylat.fi\/tapiola\/wp-content\/uploads\/sites\/5\/2023\/07\/img-4873.jpg?w=1250 1250w\" sizes=\"auto, (max-width: 625px) 100vw, 625px\" \/><\/a><\/p>\n<p>N\u00e4is st\u00e4 saatii t\u00e4m\u00e4kip perjantakiehtoopuali kulluul loppuunsa. Eik\u00e4 eres k\u00e4ynyn ninku niis\u00e4 entisis\u00e4 maahanpanijaisisa, mis\u00e4 korput loppu, mutta virsi\u00e4 piisas. T\u00e4\u00e4l\u00e4 tais loppua laulut, mutta jottait tarjottavvaa vi\u00e4l\u00e4 j\u00e4i. Jokatapauksesa saatiit taas kerra kokoontua yksii, laulaa ne, jokka sit\u00e4 halus ja muut viihty\u00e4 muutev vaa, kukit tapojensaj ja mi\u00e4ltymyksiens\u00e4m mukkaa.<\/p>\n<p>VK<\/p>\n<!-- AddThis Advanced Settings generic via filter on the_content --><!-- AddThis Share Buttons generic via filter on the_content -->","protected":false},"excerpt":{"rendered":"<p>P\u00e4iv\u00e4mmittaa kyl\u00e4m p\u00e4\u00e4ll\u00e4 ki\u00e4rrelleet ja toisimpaikon hiukka vett\u00e4kit tipautelleet pilvet oli v\u00e4istynny v\u00e4h\u00e4 pualemmas, ku kyl\u00e4l\u00e4iset ja palio muutakik kansaa alko kokkoontummaan vi\u00e4tt\u00e4\u00e4n perjantakiehtoota mussiiki, kahveen, makkaraj ja muun pikkupurtavam merkeis\u00e4.Mit\u00e4s solis hein\u00e4kuu ja ehtoopuhre ilmah haitarin kes\u00e4ehtoiseem maisemaa, ihankus siihek kuuluvana hiljaksee kajahtelevaa \u00e4\u00e4nt\u00e4? Ei stem mitt\u00e4\u00e4. T\u00e4\u00e4 juttu on stem my\u00e4s Tapiolasa huamattu [&hellip;]<!-- AddThis Advanced Settings generic via filter on wp_trim_excerpt --><!-- AddThis Share Buttons generic via filter on wp_trim_excerpt --><\/p>\n","protected":false},"author":3,"featured_media":0,"comment_status":"closed","ping_status":"open","sticky":false,"template":"","format":"standard","meta":{"jetpack_post_was_ever_published":false,"_jetpack_newsletter_access":"","_jetpack_dont_email_post_to_subs":false,"_jetpack_newsletter_tier_id":0,"_jetpack_memberships_contains_paywalled_content":false,"_jetpack_memberships_contains_paid_content":false,"footnotes":"","jetpack_publicize_message":"","jetpack_publicize_feature_enabled":true,"jetpack_social_post_already_shared":true,"jetpack_social_options":{"image_generator_settings":{"template":"highway","default_image_id":0,"font":"","enabled":false},"version":2}},"categories":[1],"tags":[],"class_list":["post-1485","post","type-post","status-publish","format-standard","hentry","category-yleinen"],"aioseo_notices":[],"jetpack_publicize_connections":[],"jetpack_featured_media_url":"","jetpack_likes_enabled":true,"jetpack_sharing_enabled":true,"jetpack_shortlink":"https:\/\/wp.me\/p3DPvf-nX","_links":{"self":[{"href":"https:\/\/www.sastamalankylat.fi\/tapiola\/wp-json\/wp\/v2\/posts\/1485","targetHints":{"allow":["GET"]}}],"collection":[{"href":"https:\/\/www.sastamalankylat.fi\/tapiola\/wp-json\/wp\/v2\/posts"}],"about":[{"href":"https:\/\/www.sastamalankylat.fi\/tapiola\/wp-json\/wp\/v2\/types\/post"}],"author":[{"embeddable":true,"href":"https:\/\/www.sastamalankylat.fi\/tapiola\/wp-json\/wp\/v2\/users\/3"}],"replies":[{"embeddable":true,"href":"https:\/\/www.sastamalankylat.fi\/tapiola\/wp-json\/wp\/v2\/comments?post=1485"}],"version-history":[{"count":1,"href":"https:\/\/www.sastamalankylat.fi\/tapiola\/wp-json\/wp\/v2\/posts\/1485\/revisions"}],"predecessor-version":[{"id":1495,"href":"https:\/\/www.sastamalankylat.fi\/tapiola\/wp-json\/wp\/v2\/posts\/1485\/revisions\/1495"}],"wp:attachment":[{"href":"https:\/\/www.sastamalankylat.fi\/tapiola\/wp-json\/wp\/v2\/media?parent=1485"}],"wp:term":[{"taxonomy":"category","embeddable":true,"href":"https:\/\/www.sastamalankylat.fi\/tapiola\/wp-json\/wp\/v2\/categories?post=1485"},{"taxonomy":"post_tag","embeddable":true,"href":"https:\/\/www.sastamalankylat.fi\/tapiola\/wp-json\/wp\/v2\/tags?post=1485"}],"curies":[{"name":"wp","href":"https:\/\/api.w.org\/{rel}","templated":true}]}}