{"id":1467,"date":"2023-07-20T17:58:59","date_gmt":"2023-07-20T14:58:59","guid":{"rendered":"http:\/\/www.sastamalankylat.fi\/tapiola\/?p=1467"},"modified":"2023-07-20T18:00:16","modified_gmt":"2023-07-20T15:00:16","slug":"no-mikas-ernomanev-varkki-sta-taa-ste-on","status":"publish","type":"post","link":"https:\/\/www.sastamalankylat.fi\/tapiola\/2023\/07\/20\/no-mikas-ernomanev-varkki-sta-taa-ste-on\/","title":{"rendered":"No mik\u00e4s ernomanev v\u00e4rkki st\u00e4 t\u00e4\u00e4 ste on"},"content":{"rendered":"<p>Perjantaki, nelj\u00e4stoista hein\u00e4kuuta oli stet toine kyl\u00e4n yhteinek kahvee-ehtoo. V\u00e4kkee olikik kerr\u00e4\u00e4ntynny tavallista runsaammin, kun n\u00e4ht\u00e4v\u00e4ks ja vunteerattavaks oli taas tuatu jos jonkissorttista vanhaa kalua ja kampetta. Kyll\u00e4 st\u00e4 olikiv vaa taas saatu monemmoista outoo ja vi\u00e4l\u00e4 hiukka ourompaakik kampetta ihmetelt\u00e4v\u00e4ks ja r\u00e4kn\u00e4tt\u00e4v\u00e4ks. Vaikka kyssees\u00e4 piti oleman kilpailu, pirettiip p\u00f6yr\u00e4n ymp\u00e4rill\u00e4 iha ste avvointa praatia siitt\u00e4, mit\u00e4 mill\u00e4kik kamppeella oli tehtyj ja mik\u00e4 se olis mahtannu olla nimelt\u00e4ns\u00e4.<\/p>\n<p><a href=\"https:\/\/i0.wp.com\/www.sastamalankylat.fi\/tapiola\/wp-content\/uploads\/sites\/5\/2023\/07\/img-4735.jpg\"><img data-recalc-dims=\"1\" loading=\"lazy\" decoding=\"async\" data-attachment-id=\"1468\" data-permalink=\"https:\/\/www.sastamalankylat.fi\/tapiola\/2023\/07\/20\/no-mikas-ernomanev-varkki-sta-taa-ste-on\/img-4735\/\" data-orig-file=\"https:\/\/i0.wp.com\/www.sastamalankylat.fi\/tapiola\/wp-content\/uploads\/sites\/5\/2023\/07\/img-4735.jpg?fit=1470%2C983&amp;ssl=1\" data-orig-size=\"1470,983\" data-comments-opened=\"0\" data-image-meta=\"{&quot;aperture&quot;:&quot;0&quot;,&quot;credit&quot;:&quot;Jani Hanhij\\u00e4rvi&quot;,&quot;camera&quot;:&quot;&quot;,&quot;caption&quot;:&quot;&quot;,&quot;created_timestamp&quot;:&quot;1689871791&quot;,&quot;copyright&quot;:&quot;&quot;,&quot;focal_length&quot;:&quot;0&quot;,&quot;iso&quot;:&quot;0&quot;,&quot;shutter_speed&quot;:&quot;0&quot;,&quot;title&quot;:&quot;&quot;,&quot;orientation&quot;:&quot;0&quot;}\" data-image-title=\"IMG_4735\" data-image-description=\"\" data-image-caption=\"\" data-large-file=\"https:\/\/i0.wp.com\/www.sastamalankylat.fi\/tapiola\/wp-content\/uploads\/sites\/5\/2023\/07\/img-4735.jpg?fit=625%2C418&amp;ssl=1\" class=\"alignnone size-full wp-image-1468\" src=\"https:\/\/i0.wp.com\/www.sastamalankylat.fi\/tapiola\/wp-content\/uploads\/sites\/5\/2023\/07\/img-4735.jpg?resize=625%2C418\" alt=\"\" width=\"625\" height=\"418\" srcset=\"https:\/\/i0.wp.com\/www.sastamalankylat.fi\/tapiola\/wp-content\/uploads\/sites\/5\/2023\/07\/img-4735.jpg?w=1470&amp;ssl=1 1470w, https:\/\/i0.wp.com\/www.sastamalankylat.fi\/tapiola\/wp-content\/uploads\/sites\/5\/2023\/07\/img-4735.jpg?resize=300%2C201&amp;ssl=1 300w, https:\/\/i0.wp.com\/www.sastamalankylat.fi\/tapiola\/wp-content\/uploads\/sites\/5\/2023\/07\/img-4735.jpg?resize=1024%2C685&amp;ssl=1 1024w, https:\/\/i0.wp.com\/www.sastamalankylat.fi\/tapiola\/wp-content\/uploads\/sites\/5\/2023\/07\/img-4735.jpg?resize=768%2C514&amp;ssl=1 768w, https:\/\/i0.wp.com\/www.sastamalankylat.fi\/tapiola\/wp-content\/uploads\/sites\/5\/2023\/07\/img-4735.jpg?resize=624%2C417&amp;ssl=1 624w, https:\/\/i0.wp.com\/www.sastamalankylat.fi\/tapiola\/wp-content\/uploads\/sites\/5\/2023\/07\/img-4735.jpg?w=1250 1250w\" sizes=\"auto, (max-width: 625px) 100vw, 625px\" \/><\/a> <a href=\"https:\/\/i0.wp.com\/www.sastamalankylat.fi\/tapiola\/wp-content\/uploads\/sites\/5\/2023\/07\/img-4736.jpg\"><img data-recalc-dims=\"1\" loading=\"lazy\" decoding=\"async\" data-attachment-id=\"1469\" data-permalink=\"https:\/\/www.sastamalankylat.fi\/tapiola\/2023\/07\/20\/no-mikas-ernomanev-varkki-sta-taa-ste-on\/img-4736\/\" data-orig-file=\"https:\/\/i0.wp.com\/www.sastamalankylat.fi\/tapiola\/wp-content\/uploads\/sites\/5\/2023\/07\/img-4736.jpg?fit=1480%2C981&amp;ssl=1\" data-orig-size=\"1480,981\" data-comments-opened=\"0\" data-image-meta=\"{&quot;aperture&quot;:&quot;0&quot;,&quot;credit&quot;:&quot;Jani Hanhij\\u00e4rvi&quot;,&quot;camera&quot;:&quot;&quot;,&quot;caption&quot;:&quot;&quot;,&quot;created_timestamp&quot;:&quot;1689871768&quot;,&quot;copyright&quot;:&quot;&quot;,&quot;focal_length&quot;:&quot;0&quot;,&quot;iso&quot;:&quot;0&quot;,&quot;shutter_speed&quot;:&quot;0&quot;,&quot;title&quot;:&quot;&quot;,&quot;orientation&quot;:&quot;0&quot;}\" data-image-title=\"IMG_4736\" data-image-description=\"\" data-image-caption=\"\" data-large-file=\"https:\/\/i0.wp.com\/www.sastamalankylat.fi\/tapiola\/wp-content\/uploads\/sites\/5\/2023\/07\/img-4736.jpg?fit=625%2C414&amp;ssl=1\" class=\"alignnone size-large wp-image-1469\" src=\"https:\/\/i0.wp.com\/www.sastamalankylat.fi\/tapiola\/wp-content\/uploads\/sites\/5\/2023\/07\/img-4736.jpg?resize=625%2C414\" alt=\"\" width=\"625\" height=\"414\" srcset=\"https:\/\/i0.wp.com\/www.sastamalankylat.fi\/tapiola\/wp-content\/uploads\/sites\/5\/2023\/07\/img-4736.jpg?resize=1024%2C679&amp;ssl=1 1024w, https:\/\/i0.wp.com\/www.sastamalankylat.fi\/tapiola\/wp-content\/uploads\/sites\/5\/2023\/07\/img-4736.jpg?resize=300%2C199&amp;ssl=1 300w, https:\/\/i0.wp.com\/www.sastamalankylat.fi\/tapiola\/wp-content\/uploads\/sites\/5\/2023\/07\/img-4736.jpg?resize=768%2C509&amp;ssl=1 768w, https:\/\/i0.wp.com\/www.sastamalankylat.fi\/tapiola\/wp-content\/uploads\/sites\/5\/2023\/07\/img-4736.jpg?resize=624%2C414&amp;ssl=1 624w, https:\/\/i0.wp.com\/www.sastamalankylat.fi\/tapiola\/wp-content\/uploads\/sites\/5\/2023\/07\/img-4736.jpg?w=1480&amp;ssl=1 1480w, https:\/\/i0.wp.com\/www.sastamalankylat.fi\/tapiola\/wp-content\/uploads\/sites\/5\/2023\/07\/img-4736.jpg?w=1250 1250w\" sizes=\"auto, (max-width: 625px) 100vw, 625px\" \/><\/a><\/p>\n<p>Sammaan aikaan ku v\u00e4ki vunteeras niit\u00e4 kamppeita, jatku ehtoon ohjelma sillai, ett\u00e4 t\u00e4n kerran viarailijat, jokka oli jostain kaukaselta Rekikoskelta, mahtoks olla iha ste Hiuttistem pualelta, esitteli ste onman yhristyksens\u00e4 toimintaa. Si\u00e4l\u00e4 kuulu olevan meininki semmottisesa reirasa, ett\u00e4 nuarta v\u00e4kkee oli kyl\u00e4ll\u00e4 palionkij ja liss\u00e4 v\u00e4rk\u00e4ttii stekku muilta kiiruilta jourettii. Niett\u00e4 hyv\u00e4s\u00e4 oornikisa kuulu olevaks Rekikoskelaiste asiat.<\/p>\n<p><a href=\"https:\/\/i0.wp.com\/www.sastamalankylat.fi\/tapiola\/wp-content\/uploads\/sites\/5\/2023\/07\/img-4750.jpg\"><img data-recalc-dims=\"1\" loading=\"lazy\" decoding=\"async\" data-attachment-id=\"1470\" data-permalink=\"https:\/\/www.sastamalankylat.fi\/tapiola\/2023\/07\/20\/no-mikas-ernomanev-varkki-sta-taa-ste-on\/img-4750\/\" data-orig-file=\"https:\/\/i0.wp.com\/www.sastamalankylat.fi\/tapiola\/wp-content\/uploads\/sites\/5\/2023\/07\/img-4750.jpg?fit=1479%2C981&amp;ssl=1\" data-orig-size=\"1479,981\" data-comments-opened=\"0\" data-image-meta=\"{&quot;aperture&quot;:&quot;0&quot;,&quot;credit&quot;:&quot;Jani Hanhij\\u00e4rvi&quot;,&quot;camera&quot;:&quot;&quot;,&quot;caption&quot;:&quot;&quot;,&quot;created_timestamp&quot;:&quot;1689871754&quot;,&quot;copyright&quot;:&quot;&quot;,&quot;focal_length&quot;:&quot;0&quot;,&quot;iso&quot;:&quot;0&quot;,&quot;shutter_speed&quot;:&quot;0&quot;,&quot;title&quot;:&quot;&quot;,&quot;orientation&quot;:&quot;0&quot;}\" data-image-title=\"IMG_4750\" data-image-description=\"\" data-image-caption=\"\" data-large-file=\"https:\/\/i0.wp.com\/www.sastamalankylat.fi\/tapiola\/wp-content\/uploads\/sites\/5\/2023\/07\/img-4750.jpg?fit=625%2C414&amp;ssl=1\" class=\"alignnone size-large wp-image-1470\" src=\"https:\/\/i0.wp.com\/www.sastamalankylat.fi\/tapiola\/wp-content\/uploads\/sites\/5\/2023\/07\/img-4750.jpg?resize=625%2C414\" alt=\"\" width=\"625\" height=\"414\" srcset=\"https:\/\/i0.wp.com\/www.sastamalankylat.fi\/tapiola\/wp-content\/uploads\/sites\/5\/2023\/07\/img-4750.jpg?resize=1024%2C679&amp;ssl=1 1024w, https:\/\/i0.wp.com\/www.sastamalankylat.fi\/tapiola\/wp-content\/uploads\/sites\/5\/2023\/07\/img-4750.jpg?resize=300%2C199&amp;ssl=1 300w, https:\/\/i0.wp.com\/www.sastamalankylat.fi\/tapiola\/wp-content\/uploads\/sites\/5\/2023\/07\/img-4750.jpg?resize=768%2C509&amp;ssl=1 768w, https:\/\/i0.wp.com\/www.sastamalankylat.fi\/tapiola\/wp-content\/uploads\/sites\/5\/2023\/07\/img-4750.jpg?resize=624%2C414&amp;ssl=1 624w, https:\/\/i0.wp.com\/www.sastamalankylat.fi\/tapiola\/wp-content\/uploads\/sites\/5\/2023\/07\/img-4750.jpg?w=1479&amp;ssl=1 1479w, https:\/\/i0.wp.com\/www.sastamalankylat.fi\/tapiola\/wp-content\/uploads\/sites\/5\/2023\/07\/img-4750.jpg?w=1250 1250w\" sizes=\"auto, (max-width: 625px) 100vw, 625px\" \/><\/a><\/p>\n<p>Rekikoskelaistej j\u00e4lkee p\u00e4\u00e4stettiis ste \u00e4\u00e4neen t\u00e4\u00e4 ehtoov varsinainet t\u00e4hti, kaupunkihallituksep pitk\u00e4aikanep puhheejohtaja ja Sylv\u00e4n koulur rehtori, Anderssonnij Jari.<\/p>\n<p><a href=\"https:\/\/i0.wp.com\/www.sastamalankylat.fi\/tapiola\/wp-content\/uploads\/sites\/5\/2023\/07\/img-4772.jpg\"><img data-recalc-dims=\"1\" loading=\"lazy\" decoding=\"async\" data-attachment-id=\"1473\" data-permalink=\"https:\/\/www.sastamalankylat.fi\/tapiola\/2023\/07\/20\/no-mikas-ernomanev-varkki-sta-taa-ste-on\/img-4772\/\" data-orig-file=\"https:\/\/i0.wp.com\/www.sastamalankylat.fi\/tapiola\/wp-content\/uploads\/sites\/5\/2023\/07\/img-4772.jpg?fit=1476%2C983&amp;ssl=1\" data-orig-size=\"1476,983\" data-comments-opened=\"0\" data-image-meta=\"{&quot;aperture&quot;:&quot;0&quot;,&quot;credit&quot;:&quot;Jani Hanhij\\u00e4rvi&quot;,&quot;camera&quot;:&quot;&quot;,&quot;caption&quot;:&quot;&quot;,&quot;created_timestamp&quot;:&quot;1689871713&quot;,&quot;copyright&quot;:&quot;&quot;,&quot;focal_length&quot;:&quot;0&quot;,&quot;iso&quot;:&quot;0&quot;,&quot;shutter_speed&quot;:&quot;0&quot;,&quot;title&quot;:&quot;&quot;,&quot;orientation&quot;:&quot;0&quot;}\" data-image-title=\"IMG_4772\" data-image-description=\"\" data-image-caption=\"\" data-large-file=\"https:\/\/i0.wp.com\/www.sastamalankylat.fi\/tapiola\/wp-content\/uploads\/sites\/5\/2023\/07\/img-4772.jpg?fit=625%2C416&amp;ssl=1\" class=\"alignnone size-large wp-image-1473\" src=\"https:\/\/i0.wp.com\/www.sastamalankylat.fi\/tapiola\/wp-content\/uploads\/sites\/5\/2023\/07\/img-4772.jpg?resize=625%2C416\" alt=\"\" width=\"625\" height=\"416\" srcset=\"https:\/\/i0.wp.com\/www.sastamalankylat.fi\/tapiola\/wp-content\/uploads\/sites\/5\/2023\/07\/img-4772.jpg?resize=1024%2C682&amp;ssl=1 1024w, https:\/\/i0.wp.com\/www.sastamalankylat.fi\/tapiola\/wp-content\/uploads\/sites\/5\/2023\/07\/img-4772.jpg?resize=300%2C200&amp;ssl=1 300w, https:\/\/i0.wp.com\/www.sastamalankylat.fi\/tapiola\/wp-content\/uploads\/sites\/5\/2023\/07\/img-4772.jpg?resize=768%2C511&amp;ssl=1 768w, https:\/\/i0.wp.com\/www.sastamalankylat.fi\/tapiola\/wp-content\/uploads\/sites\/5\/2023\/07\/img-4772.jpg?resize=624%2C416&amp;ssl=1 624w, https:\/\/i0.wp.com\/www.sastamalankylat.fi\/tapiola\/wp-content\/uploads\/sites\/5\/2023\/07\/img-4772.jpg?w=1476&amp;ssl=1 1476w, https:\/\/i0.wp.com\/www.sastamalankylat.fi\/tapiola\/wp-content\/uploads\/sites\/5\/2023\/07\/img-4772.jpg?w=1250 1250w\" sizes=\"auto, (max-width: 625px) 100vw, 625px\" \/><\/a><\/p>\n<p>H\u00e4llolikiv vasta oikeem luanikkaat jutut, mutta kyll\u00e4 si\u00e4lt\u00e4 ste oikeetaki asiaa tuli. L\u00e4ht\u00f6si h\u00e4n oli Tapiolankyl\u00e4n laitamilta, Houhaj\u00e4rven rannoilta. Niett\u00e4 kyll\u00e4 h\u00e4n juurensa ti\u00e4si ja tunnusti, mik\u00e4 kuulu step puhheesaki sillai mi\u00e4lytt\u00e4v\u00e4ll\u00e4 tavalla. Tosin pliitas h\u00e4n v\u00e4h\u00e4 tyrv\u00e4\u00e4l\u00e4isi\u00e4 siit\u00e4, ett\u00e4 t\u00e4\u00e4l\u00e4 ollaan nin per\u00e4ti nekatiivisia kaikkeen uuteen, vaikka vanhaankan ei oltas tytyv\u00e4isi\u00e4. Mutta ninkun nin moni muuki ennen h\u00e4nt\u00e4, h\u00e4nki korosti kovastis sit\u00e4, ett\u00e4 vaikka t\u00e4s\u00e4 ollaankis semmosia tuppisuita jurottajia, kyll\u00e4 se toine ihmines siin\u00e4 vi\u00e4res\u00e4 vaa silti t\u00e4rkee o.<\/p>\n<p><a href=\"https:\/\/i0.wp.com\/www.sastamalankylat.fi\/tapiola\/wp-content\/uploads\/sites\/5\/2023\/07\/img-4762.jpg\"><img data-recalc-dims=\"1\" loading=\"lazy\" decoding=\"async\" data-attachment-id=\"1471\" data-permalink=\"https:\/\/www.sastamalankylat.fi\/tapiola\/2023\/07\/20\/no-mikas-ernomanev-varkki-sta-taa-ste-on\/img-4762\/\" data-orig-file=\"https:\/\/i0.wp.com\/www.sastamalankylat.fi\/tapiola\/wp-content\/uploads\/sites\/5\/2023\/07\/img-4762.jpg?fit=1479%2C982&amp;ssl=1\" data-orig-size=\"1479,982\" data-comments-opened=\"0\" data-image-meta=\"{&quot;aperture&quot;:&quot;0&quot;,&quot;credit&quot;:&quot;Jani Hanhij\\u00e4rvi&quot;,&quot;camera&quot;:&quot;&quot;,&quot;caption&quot;:&quot;&quot;,&quot;created_timestamp&quot;:&quot;1689871740&quot;,&quot;copyright&quot;:&quot;&quot;,&quot;focal_length&quot;:&quot;0&quot;,&quot;iso&quot;:&quot;0&quot;,&quot;shutter_speed&quot;:&quot;0&quot;,&quot;title&quot;:&quot;&quot;,&quot;orientation&quot;:&quot;0&quot;}\" data-image-title=\"IMG_4762\" data-image-description=\"\" data-image-caption=\"\" data-large-file=\"https:\/\/i0.wp.com\/www.sastamalankylat.fi\/tapiola\/wp-content\/uploads\/sites\/5\/2023\/07\/img-4762.jpg?fit=625%2C415&amp;ssl=1\" class=\"alignnone size-large wp-image-1471\" src=\"https:\/\/i0.wp.com\/www.sastamalankylat.fi\/tapiola\/wp-content\/uploads\/sites\/5\/2023\/07\/img-4762.jpg?resize=625%2C415\" alt=\"\" width=\"625\" height=\"415\" srcset=\"https:\/\/i0.wp.com\/www.sastamalankylat.fi\/tapiola\/wp-content\/uploads\/sites\/5\/2023\/07\/img-4762.jpg?resize=1024%2C680&amp;ssl=1 1024w, https:\/\/i0.wp.com\/www.sastamalankylat.fi\/tapiola\/wp-content\/uploads\/sites\/5\/2023\/07\/img-4762.jpg?resize=300%2C199&amp;ssl=1 300w, https:\/\/i0.wp.com\/www.sastamalankylat.fi\/tapiola\/wp-content\/uploads\/sites\/5\/2023\/07\/img-4762.jpg?resize=768%2C510&amp;ssl=1 768w, https:\/\/i0.wp.com\/www.sastamalankylat.fi\/tapiola\/wp-content\/uploads\/sites\/5\/2023\/07\/img-4762.jpg?resize=624%2C414&amp;ssl=1 624w, https:\/\/i0.wp.com\/www.sastamalankylat.fi\/tapiola\/wp-content\/uploads\/sites\/5\/2023\/07\/img-4762.jpg?w=1479&amp;ssl=1 1479w, https:\/\/i0.wp.com\/www.sastamalankylat.fi\/tapiola\/wp-content\/uploads\/sites\/5\/2023\/07\/img-4762.jpg?w=1250 1250w\" sizes=\"auto, (max-width: 625px) 100vw, 625px\" \/><\/a><\/p>\n<p>Siitt\u00e4ki hualimatta, vaikka kaluin tunnistus oli menn\u00e4v vallas ste kansan\u00e4\u00e4nestykseks, saatiil loppujellopuks vastaukset jonkissorttisee asiallisseej j\u00e4rjestykseej ja p\u00e4\u00e4stiij julliistaan kilpailuv voittajat. K\u00e4rki oli stes sevverrat tasane, ett\u00e4 Haaviston P\u00e4ivi\u00f6n kans jako allekirjottannu ensimm\u00e4ise sija.<\/p>\n<p>Siin\u00e4 se ehtoopuhres stek kuluki, arpoja myytiij jos ostetiinkit tavallisseen tappaan, kahveeta h\u00f6rpittiij ja makkarakki teki kauppansa. Olihas st\u00e4 taas yks semmone l\u00e4mmij ja aurinkoinenki perjantakiehtoo, jo sent\u00e4\u00e4 viikollpun aatto.<\/p>\n<p>T\u00e4ll\u00e4 kertaa v\u00e4kkee olikis ste paljol liikkeell\u00e4, tais menn\u00e4 toisellesarraalle k\u00e4vij\u00f6ittem m\u00e4\u00e4r\u00e4. Ja vallam luanikasta oli se, ett\u00e4 lapsiperheit\u00e4ki oli mukana. Ehk\u00e4 joku taikka per\u00e4ti jotkut noista nykysist\u00e4 hevosenp\u00e4\u00e4m mittasista oj joskus py\u00e4ritt\u00e4m\u00e4s\u00e4 aktiivisesti m\u00e4it\u00e4 kyl\u00e4yhristykse touhuja.<\/p>\n<p><a href=\"https:\/\/i0.wp.com\/www.sastamalankylat.fi\/tapiola\/wp-content\/uploads\/sites\/5\/2023\/07\/img-4770.jpg\"><img data-recalc-dims=\"1\" loading=\"lazy\" decoding=\"async\" data-attachment-id=\"1472\" data-permalink=\"https:\/\/www.sastamalankylat.fi\/tapiola\/2023\/07\/20\/no-mikas-ernomanev-varkki-sta-taa-ste-on\/img-4770\/\" data-orig-file=\"https:\/\/i0.wp.com\/www.sastamalankylat.fi\/tapiola\/wp-content\/uploads\/sites\/5\/2023\/07\/img-4770.jpg?fit=1484%2C982&amp;ssl=1\" data-orig-size=\"1484,982\" data-comments-opened=\"0\" data-image-meta=\"{&quot;aperture&quot;:&quot;0&quot;,&quot;credit&quot;:&quot;Jani Hanhij\\u00e4rvi&quot;,&quot;camera&quot;:&quot;&quot;,&quot;caption&quot;:&quot;&quot;,&quot;created_timestamp&quot;:&quot;1689871697&quot;,&quot;copyright&quot;:&quot;&quot;,&quot;focal_length&quot;:&quot;0&quot;,&quot;iso&quot;:&quot;0&quot;,&quot;shutter_speed&quot;:&quot;0&quot;,&quot;title&quot;:&quot;&quot;,&quot;orientation&quot;:&quot;0&quot;}\" data-image-title=\"IMG_4770\" data-image-description=\"\" data-image-caption=\"\" data-large-file=\"https:\/\/i0.wp.com\/www.sastamalankylat.fi\/tapiola\/wp-content\/uploads\/sites\/5\/2023\/07\/img-4770.jpg?fit=625%2C414&amp;ssl=1\" class=\"alignnone size-large wp-image-1472\" src=\"https:\/\/i0.wp.com\/www.sastamalankylat.fi\/tapiola\/wp-content\/uploads\/sites\/5\/2023\/07\/img-4770.jpg?resize=625%2C414\" alt=\"\" width=\"625\" height=\"414\" srcset=\"https:\/\/i0.wp.com\/www.sastamalankylat.fi\/tapiola\/wp-content\/uploads\/sites\/5\/2023\/07\/img-4770.jpg?resize=1024%2C678&amp;ssl=1 1024w, https:\/\/i0.wp.com\/www.sastamalankylat.fi\/tapiola\/wp-content\/uploads\/sites\/5\/2023\/07\/img-4770.jpg?resize=300%2C199&amp;ssl=1 300w, https:\/\/i0.wp.com\/www.sastamalankylat.fi\/tapiola\/wp-content\/uploads\/sites\/5\/2023\/07\/img-4770.jpg?resize=768%2C508&amp;ssl=1 768w, https:\/\/i0.wp.com\/www.sastamalankylat.fi\/tapiola\/wp-content\/uploads\/sites\/5\/2023\/07\/img-4770.jpg?resize=624%2C413&amp;ssl=1 624w, https:\/\/i0.wp.com\/www.sastamalankylat.fi\/tapiola\/wp-content\/uploads\/sites\/5\/2023\/07\/img-4770.jpg?w=1484&amp;ssl=1 1484w, https:\/\/i0.wp.com\/www.sastamalankylat.fi\/tapiola\/wp-content\/uploads\/sites\/5\/2023\/07\/img-4770.jpg?w=1250 1250w\" sizes=\"auto, (max-width: 625px) 100vw, 625px\" \/><\/a><\/p>\n<p>Ja ninkus st\u00e4 kaikella o tapana kest\u00e4\u00e4 vaa aikansa, nin k\u00e4vi nykki, ett\u00e4 ehtoopuhre Vesterpakamm\u00e4ell\u00e4 alko kallistummaal loppuansa kohre ja v\u00e4ki alko poistua yks toisensap per\u00e4st\u00e4. Mutta mukavat muistot t\u00e4st\u00e4ki ehtoosta vissinkij j\u00e4i monen, etten sanosi kaikkiem paikallaolleittem mi\u00e4lee.<\/p>\n<!-- AddThis Advanced Settings generic via filter on the_content --><!-- AddThis Share Buttons generic via filter on the_content -->","protected":false},"excerpt":{"rendered":"<p>Perjantaki, nelj\u00e4stoista hein\u00e4kuuta oli stet toine kyl\u00e4n yhteinek kahvee-ehtoo. V\u00e4kkee olikik kerr\u00e4\u00e4ntynny tavallista runsaammin, kun n\u00e4ht\u00e4v\u00e4ks ja vunteerattavaks oli taas tuatu jos jonkissorttista vanhaa kalua ja kampetta. Kyll\u00e4 st\u00e4 olikiv vaa taas saatu monemmoista outoo ja vi\u00e4l\u00e4 hiukka ourompaakik kampetta ihmetelt\u00e4v\u00e4ks ja r\u00e4kn\u00e4tt\u00e4v\u00e4ks. Vaikka kyssees\u00e4 piti oleman kilpailu, pirettiip p\u00f6yr\u00e4n ymp\u00e4rill\u00e4 iha ste avvointa praatia [&hellip;]<!-- AddThis Advanced Settings generic via filter on wp_trim_excerpt --><!-- AddThis Share Buttons generic via filter on wp_trim_excerpt --><\/p>\n","protected":false},"author":3,"featured_media":0,"comment_status":"closed","ping_status":"open","sticky":false,"template":"","format":"standard","meta":{"jetpack_post_was_ever_published":false,"_jetpack_newsletter_access":"","_jetpack_dont_email_post_to_subs":false,"_jetpack_newsletter_tier_id":0,"_jetpack_memberships_contains_paywalled_content":false,"_jetpack_memberships_contains_paid_content":false,"footnotes":"","jetpack_publicize_message":"","jetpack_publicize_feature_enabled":true,"jetpack_social_post_already_shared":true,"jetpack_social_options":{"image_generator_settings":{"template":"highway","default_image_id":0,"font":"","enabled":false},"version":2}},"categories":[1],"tags":[],"class_list":["post-1467","post","type-post","status-publish","format-standard","hentry","category-yleinen"],"aioseo_notices":[],"jetpack_publicize_connections":[],"jetpack_featured_media_url":"","jetpack_likes_enabled":true,"jetpack_sharing_enabled":true,"jetpack_shortlink":"https:\/\/wp.me\/p3DPvf-nF","_links":{"self":[{"href":"https:\/\/www.sastamalankylat.fi\/tapiola\/wp-json\/wp\/v2\/posts\/1467","targetHints":{"allow":["GET"]}}],"collection":[{"href":"https:\/\/www.sastamalankylat.fi\/tapiola\/wp-json\/wp\/v2\/posts"}],"about":[{"href":"https:\/\/www.sastamalankylat.fi\/tapiola\/wp-json\/wp\/v2\/types\/post"}],"author":[{"embeddable":true,"href":"https:\/\/www.sastamalankylat.fi\/tapiola\/wp-json\/wp\/v2\/users\/3"}],"replies":[{"embeddable":true,"href":"https:\/\/www.sastamalankylat.fi\/tapiola\/wp-json\/wp\/v2\/comments?post=1467"}],"version-history":[{"count":3,"href":"https:\/\/www.sastamalankylat.fi\/tapiola\/wp-json\/wp\/v2\/posts\/1467\/revisions"}],"predecessor-version":[{"id":1481,"href":"https:\/\/www.sastamalankylat.fi\/tapiola\/wp-json\/wp\/v2\/posts\/1467\/revisions\/1481"}],"wp:attachment":[{"href":"https:\/\/www.sastamalankylat.fi\/tapiola\/wp-json\/wp\/v2\/media?parent=1467"}],"wp:term":[{"taxonomy":"category","embeddable":true,"href":"https:\/\/www.sastamalankylat.fi\/tapiola\/wp-json\/wp\/v2\/categories?post=1467"},{"taxonomy":"post_tag","embeddable":true,"href":"https:\/\/www.sastamalankylat.fi\/tapiola\/wp-json\/wp\/v2\/tags?post=1467"}],"curies":[{"name":"wp","href":"https:\/\/api.w.org\/{rel}","templated":true}]}}