{"id":1295,"date":"2022-08-09T11:18:32","date_gmt":"2022-08-09T08:18:32","guid":{"rendered":"http:\/\/www.sastamalankylat.fi\/tapiola\/?p=1295"},"modified":"2022-08-09T11:18:32","modified_gmt":"2022-08-09T08:18:32","slug":"mennytta-aikaa-muistelen-niin-mielellani-viela","status":"publish","type":"post","link":"https:\/\/www.sastamalankylat.fi\/tapiola\/2022\/08\/09\/mennytta-aikaa-muistelen-niin-mielellani-viela\/","title":{"rendered":"Mennytt\u00e4 aikaa muistelen niin mielell\u00e4ni viel\u00e4"},"content":{"rendered":"<p><span style=\"font-family: Segoe Print; font-size: small;\">Jo viirett\u00e4 kertaa t\u00e4n suven aikanna kokkoonnuttiiv Vesterpakamm\u00e4jelle. T\u00e4\u00e4 oli nys stev viimenen perjantaehtoo hein\u00e4kuusa ja samalla viimenen kerta, ko kahvila t\u00e4n\u00e4 suvena auki oli.<\/span><span style=\"font-family: Segoe Print; font-size: small;\"><br \/>\n<\/span><\/p>\n<p><span style=\"font-family: Segoe Print; font-size: small;\">Taas ki\u00e4rteli hyvis stet tummahhiveit\u00e4 pilvi\u00e4 taivaalla ja v\u00e4h\u00e4vv\u00e4li\u00e4 lootras stet tota vett\u00e4ki, millo enemm\u00e4ks millov v\u00e4hemm\u00e4ks.Tosa jo hyvis\u00e4 ajjoin ennen kuutta oli jo porukkaa tullup paikalle.<span style=\"font-family: Liberation Serif, serif; font-size: xx-small;\"><br \/>\n<\/span><\/span><\/p>\n<p><a href=\"https:\/\/i0.wp.com\/www.sastamalankylat.fi\/tapiola\/wp-content\/uploads\/sites\/5\/2022\/08\/kuva-12-scaled.jpg\"><img data-recalc-dims=\"1\" loading=\"lazy\" decoding=\"async\" data-attachment-id=\"1296\" data-permalink=\"https:\/\/www.sastamalankylat.fi\/tapiola\/2022\/08\/09\/mennytta-aikaa-muistelen-niin-mielellani-viela\/kuva-12\/\" data-orig-file=\"https:\/\/i0.wp.com\/www.sastamalankylat.fi\/tapiola\/wp-content\/uploads\/sites\/5\/2022\/08\/kuva-12-scaled.jpg?fit=2560%2C1707&amp;ssl=1\" data-orig-size=\"2560,1707\" data-comments-opened=\"0\" data-image-meta=\"{&quot;aperture&quot;:&quot;5.6&quot;,&quot;credit&quot;:&quot;&quot;,&quot;camera&quot;:&quot;Canon EOS 20D&quot;,&quot;caption&quot;:&quot;&quot;,&quot;created_timestamp&quot;:&quot;1659125066&quot;,&quot;copyright&quot;:&quot;&quot;,&quot;focal_length&quot;:&quot;113&quot;,&quot;iso&quot;:&quot;400&quot;,&quot;shutter_speed&quot;:&quot;0.00625&quot;,&quot;title&quot;:&quot;&quot;,&quot;orientation&quot;:&quot;1&quot;}\" data-image-title=\"Kuva 1(2)\" data-image-description=\"\" data-image-caption=\"\" data-large-file=\"https:\/\/i0.wp.com\/www.sastamalankylat.fi\/tapiola\/wp-content\/uploads\/sites\/5\/2022\/08\/kuva-12-scaled.jpg?fit=625%2C417&amp;ssl=1\" class=\"alignnone size-large wp-image-1296\" src=\"https:\/\/i0.wp.com\/www.sastamalankylat.fi\/tapiola\/wp-content\/uploads\/sites\/5\/2022\/08\/kuva-12.jpg?resize=625%2C417\" alt=\"\" width=\"625\" height=\"417\" srcset=\"https:\/\/i0.wp.com\/www.sastamalankylat.fi\/tapiola\/wp-content\/uploads\/sites\/5\/2022\/08\/kuva-12-scaled.jpg?resize=1024%2C683&amp;ssl=1 1024w, https:\/\/i0.wp.com\/www.sastamalankylat.fi\/tapiola\/wp-content\/uploads\/sites\/5\/2022\/08\/kuva-12-scaled.jpg?resize=300%2C200&amp;ssl=1 300w, https:\/\/i0.wp.com\/www.sastamalankylat.fi\/tapiola\/wp-content\/uploads\/sites\/5\/2022\/08\/kuva-12-scaled.jpg?resize=768%2C512&amp;ssl=1 768w, https:\/\/i0.wp.com\/www.sastamalankylat.fi\/tapiola\/wp-content\/uploads\/sites\/5\/2022\/08\/kuva-12-scaled.jpg?resize=1536%2C1024&amp;ssl=1 1536w, https:\/\/i0.wp.com\/www.sastamalankylat.fi\/tapiola\/wp-content\/uploads\/sites\/5\/2022\/08\/kuva-12-scaled.jpg?resize=2048%2C1365&amp;ssl=1 2048w, https:\/\/i0.wp.com\/www.sastamalankylat.fi\/tapiola\/wp-content\/uploads\/sites\/5\/2022\/08\/kuva-12-scaled.jpg?resize=624%2C416&amp;ssl=1 624w, https:\/\/i0.wp.com\/www.sastamalankylat.fi\/tapiola\/wp-content\/uploads\/sites\/5\/2022\/08\/kuva-12-scaled.jpg?w=1250 1250w, https:\/\/i0.wp.com\/www.sastamalankylat.fi\/tapiola\/wp-content\/uploads\/sites\/5\/2022\/08\/kuva-12-scaled.jpg?w=1875 1875w\" sizes=\"auto, (max-width: 625px) 100vw, 625px\" \/><\/a><\/p>\n<p><span style=\"font-family: Segoe Print; font-size: small;\">Makkarakrilli oli saatut tulillej ja kuinkas muuten, sopi vaan toreta Runoilijan sanoin, ett\u00e4<span style=\"font-size: xx-small;\"><span style=\"font-family: Liberation Serif, serif;\"><br \/>\n<\/span><\/span><\/span><\/p>\n<p><a href=\"https:\/\/i0.wp.com\/www.sastamalankylat.fi\/tapiola\/wp-content\/uploads\/sites\/5\/2022\/08\/kuva-22-scaled.jpg\"><img data-recalc-dims=\"1\" loading=\"lazy\" decoding=\"async\" data-attachment-id=\"1297\" data-permalink=\"https:\/\/www.sastamalankylat.fi\/tapiola\/2022\/08\/09\/mennytta-aikaa-muistelen-niin-mielellani-viela\/kuva-22\/\" data-orig-file=\"https:\/\/i0.wp.com\/www.sastamalankylat.fi\/tapiola\/wp-content\/uploads\/sites\/5\/2022\/08\/kuva-22-scaled.jpg?fit=2560%2C1707&amp;ssl=1\" data-orig-size=\"2560,1707\" data-comments-opened=\"0\" data-image-meta=\"{&quot;aperture&quot;:&quot;8&quot;,&quot;credit&quot;:&quot;&quot;,&quot;camera&quot;:&quot;Canon EOS 20D&quot;,&quot;caption&quot;:&quot;&quot;,&quot;created_timestamp&quot;:&quot;1659123457&quot;,&quot;copyright&quot;:&quot;&quot;,&quot;focal_length&quot;:&quot;53&quot;,&quot;iso&quot;:&quot;400&quot;,&quot;shutter_speed&quot;:&quot;0.00625&quot;,&quot;title&quot;:&quot;&quot;,&quot;orientation&quot;:&quot;1&quot;}\" data-image-title=\"Kuva 2(2)\" data-image-description=\"\" data-image-caption=\"\" data-large-file=\"https:\/\/i0.wp.com\/www.sastamalankylat.fi\/tapiola\/wp-content\/uploads\/sites\/5\/2022\/08\/kuva-22-scaled.jpg?fit=625%2C417&amp;ssl=1\" class=\"alignnone size-large wp-image-1297\" src=\"https:\/\/i0.wp.com\/www.sastamalankylat.fi\/tapiola\/wp-content\/uploads\/sites\/5\/2022\/08\/kuva-22.jpg?resize=625%2C417\" alt=\"\" width=\"625\" height=\"417\" srcset=\"https:\/\/i0.wp.com\/www.sastamalankylat.fi\/tapiola\/wp-content\/uploads\/sites\/5\/2022\/08\/kuva-22-scaled.jpg?resize=1024%2C683&amp;ssl=1 1024w, https:\/\/i0.wp.com\/www.sastamalankylat.fi\/tapiola\/wp-content\/uploads\/sites\/5\/2022\/08\/kuva-22-scaled.jpg?resize=300%2C200&amp;ssl=1 300w, https:\/\/i0.wp.com\/www.sastamalankylat.fi\/tapiola\/wp-content\/uploads\/sites\/5\/2022\/08\/kuva-22-scaled.jpg?resize=768%2C512&amp;ssl=1 768w, https:\/\/i0.wp.com\/www.sastamalankylat.fi\/tapiola\/wp-content\/uploads\/sites\/5\/2022\/08\/kuva-22-scaled.jpg?resize=1536%2C1024&amp;ssl=1 1536w, https:\/\/i0.wp.com\/www.sastamalankylat.fi\/tapiola\/wp-content\/uploads\/sites\/5\/2022\/08\/kuva-22-scaled.jpg?resize=2048%2C1365&amp;ssl=1 2048w, https:\/\/i0.wp.com\/www.sastamalankylat.fi\/tapiola\/wp-content\/uploads\/sites\/5\/2022\/08\/kuva-22-scaled.jpg?resize=624%2C416&amp;ssl=1 624w, https:\/\/i0.wp.com\/www.sastamalankylat.fi\/tapiola\/wp-content\/uploads\/sites\/5\/2022\/08\/kuva-22-scaled.jpg?w=1250 1250w, https:\/\/i0.wp.com\/www.sastamalankylat.fi\/tapiola\/wp-content\/uploads\/sites\/5\/2022\/08\/kuva-22-scaled.jpg?w=1875 1875w\" sizes=\"auto, (max-width: 625px) 100vw, 625px\" \/><\/a><\/p>\n<p><span style=\"font-size: small;\">\u201d<span style=\"font-family: Segoe Print;\">H\u00e4l paikka oli entinen ja ty\u00f6kin samanlainen\u201d Hannuhan si\u00e4l\u00e4 krillin takana taas kerran hoiteli kyl\u00e4l\u00e4isille hiukopallaa.<\/span><\/span><\/p>\n<p><span style=\"font-family: Segoe Print; font-size: small;\">T\u00e4v v\u00e4hemm\u00e4mmukavan kelin vuaks oli porukat suurimmaks osaks kattonnu ittellens\u00e4 jottais suajaa p\u00e4\u00e4ns\u00e4p p\u00e4\u00e4lle taikka stes sattensuajan ainaki. Osa l\u00e4hti keskep poiski, se sarek ko n\u00e4ytti v\u00e4lliin silt\u00e4, ettei se ollenkan meinais loppuakkan. <\/span><\/p>\n<p><span style=\"font-family: Segoe Print; font-size: small;\">Se, mik\u00e4 oli kuiteki stem mukavann\u00e4k\u00f6st\u00e4, oli se, ett\u00e4 nuarta porukkaa ja mukuloita oli tavallista enenpi mukana. Harmi vaan, ett\u00e4 t\u00e4\u00e4 keli j\u00e4tti varmastikkin heitillekkin hiuas steh huanon muiston t\u00e4st\u00e4 k\u00e4ynnist\u00e4.<span style=\"font-size: xx-small;\"><span style=\"font-family: Liberation Serif, serif;\"><br \/>\n<\/span><\/span><\/span><\/p>\n<p><a href=\"https:\/\/i0.wp.com\/www.sastamalankylat.fi\/tapiola\/wp-content\/uploads\/sites\/5\/2022\/08\/kuva-32-scaled.jpg\"><img data-recalc-dims=\"1\" loading=\"lazy\" decoding=\"async\" data-attachment-id=\"1298\" data-permalink=\"https:\/\/www.sastamalankylat.fi\/tapiola\/2022\/08\/09\/mennytta-aikaa-muistelen-niin-mielellani-viela\/kuva-32\/\" data-orig-file=\"https:\/\/i0.wp.com\/www.sastamalankylat.fi\/tapiola\/wp-content\/uploads\/sites\/5\/2022\/08\/kuva-32-scaled.jpg?fit=2560%2C1707&amp;ssl=1\" data-orig-size=\"2560,1707\" data-comments-opened=\"0\" data-image-meta=\"{&quot;aperture&quot;:&quot;5.6&quot;,&quot;credit&quot;:&quot;&quot;,&quot;camera&quot;:&quot;Canon EOS 20D&quot;,&quot;caption&quot;:&quot;&quot;,&quot;created_timestamp&quot;:&quot;1659129890&quot;,&quot;copyright&quot;:&quot;&quot;,&quot;focal_length&quot;:&quot;72&quot;,&quot;iso&quot;:&quot;400&quot;,&quot;shutter_speed&quot;:&quot;0.01&quot;,&quot;title&quot;:&quot;&quot;,&quot;orientation&quot;:&quot;1&quot;}\" data-image-title=\"Kuva 3(2)\" data-image-description=\"\" data-image-caption=\"\" data-large-file=\"https:\/\/i0.wp.com\/www.sastamalankylat.fi\/tapiola\/wp-content\/uploads\/sites\/5\/2022\/08\/kuva-32-scaled.jpg?fit=625%2C417&amp;ssl=1\" class=\"alignnone size-large wp-image-1298\" src=\"https:\/\/i0.wp.com\/www.sastamalankylat.fi\/tapiola\/wp-content\/uploads\/sites\/5\/2022\/08\/kuva-32.jpg?resize=625%2C417\" alt=\"\" width=\"625\" height=\"417\" srcset=\"https:\/\/i0.wp.com\/www.sastamalankylat.fi\/tapiola\/wp-content\/uploads\/sites\/5\/2022\/08\/kuva-32-scaled.jpg?resize=1024%2C683&amp;ssl=1 1024w, https:\/\/i0.wp.com\/www.sastamalankylat.fi\/tapiola\/wp-content\/uploads\/sites\/5\/2022\/08\/kuva-32-scaled.jpg?resize=300%2C200&amp;ssl=1 300w, https:\/\/i0.wp.com\/www.sastamalankylat.fi\/tapiola\/wp-content\/uploads\/sites\/5\/2022\/08\/kuva-32-scaled.jpg?resize=768%2C512&amp;ssl=1 768w, https:\/\/i0.wp.com\/www.sastamalankylat.fi\/tapiola\/wp-content\/uploads\/sites\/5\/2022\/08\/kuva-32-scaled.jpg?resize=1536%2C1024&amp;ssl=1 1536w, https:\/\/i0.wp.com\/www.sastamalankylat.fi\/tapiola\/wp-content\/uploads\/sites\/5\/2022\/08\/kuva-32-scaled.jpg?resize=2048%2C1365&amp;ssl=1 2048w, https:\/\/i0.wp.com\/www.sastamalankylat.fi\/tapiola\/wp-content\/uploads\/sites\/5\/2022\/08\/kuva-32-scaled.jpg?resize=624%2C416&amp;ssl=1 624w, https:\/\/i0.wp.com\/www.sastamalankylat.fi\/tapiola\/wp-content\/uploads\/sites\/5\/2022\/08\/kuva-32-scaled.jpg?w=1250 1250w, https:\/\/i0.wp.com\/www.sastamalankylat.fi\/tapiola\/wp-content\/uploads\/sites\/5\/2022\/08\/kuva-32-scaled.jpg?w=1875 1875w\" sizes=\"auto, (max-width: 625px) 100vw, 625px\" \/><\/a><\/p>\n<p><a href=\"https:\/\/i0.wp.com\/www.sastamalankylat.fi\/tapiola\/wp-content\/uploads\/sites\/5\/2022\/08\/kuva-42-scaled.jpg\"><img data-recalc-dims=\"1\" loading=\"lazy\" decoding=\"async\" data-attachment-id=\"1299\" data-permalink=\"https:\/\/www.sastamalankylat.fi\/tapiola\/2022\/08\/09\/mennytta-aikaa-muistelen-niin-mielellani-viela\/kuva-42\/\" data-orig-file=\"https:\/\/i0.wp.com\/www.sastamalankylat.fi\/tapiola\/wp-content\/uploads\/sites\/5\/2022\/08\/kuva-42-scaled.jpg?fit=2560%2C1707&amp;ssl=1\" data-orig-size=\"2560,1707\" data-comments-opened=\"0\" data-image-meta=\"{&quot;aperture&quot;:&quot;7.1&quot;,&quot;credit&quot;:&quot;&quot;,&quot;camera&quot;:&quot;Canon EOS 20D&quot;,&quot;caption&quot;:&quot;&quot;,&quot;created_timestamp&quot;:&quot;1659125687&quot;,&quot;copyright&quot;:&quot;&quot;,&quot;focal_length&quot;:&quot;79&quot;,&quot;iso&quot;:&quot;400&quot;,&quot;shutter_speed&quot;:&quot;0.00625&quot;,&quot;title&quot;:&quot;&quot;,&quot;orientation&quot;:&quot;1&quot;}\" data-image-title=\"Kuva 4(2)\" data-image-description=\"\" data-image-caption=\"\" data-large-file=\"https:\/\/i0.wp.com\/www.sastamalankylat.fi\/tapiola\/wp-content\/uploads\/sites\/5\/2022\/08\/kuva-42-scaled.jpg?fit=625%2C417&amp;ssl=1\" class=\"alignnone size-large wp-image-1299\" src=\"https:\/\/i0.wp.com\/www.sastamalankylat.fi\/tapiola\/wp-content\/uploads\/sites\/5\/2022\/08\/kuva-42.jpg?resize=625%2C417\" alt=\"\" width=\"625\" height=\"417\" srcset=\"https:\/\/i0.wp.com\/www.sastamalankylat.fi\/tapiola\/wp-content\/uploads\/sites\/5\/2022\/08\/kuva-42-scaled.jpg?resize=1024%2C683&amp;ssl=1 1024w, https:\/\/i0.wp.com\/www.sastamalankylat.fi\/tapiola\/wp-content\/uploads\/sites\/5\/2022\/08\/kuva-42-scaled.jpg?resize=300%2C200&amp;ssl=1 300w, https:\/\/i0.wp.com\/www.sastamalankylat.fi\/tapiola\/wp-content\/uploads\/sites\/5\/2022\/08\/kuva-42-scaled.jpg?resize=768%2C512&amp;ssl=1 768w, https:\/\/i0.wp.com\/www.sastamalankylat.fi\/tapiola\/wp-content\/uploads\/sites\/5\/2022\/08\/kuva-42-scaled.jpg?resize=1536%2C1024&amp;ssl=1 1536w, https:\/\/i0.wp.com\/www.sastamalankylat.fi\/tapiola\/wp-content\/uploads\/sites\/5\/2022\/08\/kuva-42-scaled.jpg?resize=2048%2C1365&amp;ssl=1 2048w, https:\/\/i0.wp.com\/www.sastamalankylat.fi\/tapiola\/wp-content\/uploads\/sites\/5\/2022\/08\/kuva-42-scaled.jpg?resize=624%2C416&amp;ssl=1 624w, https:\/\/i0.wp.com\/www.sastamalankylat.fi\/tapiola\/wp-content\/uploads\/sites\/5\/2022\/08\/kuva-42-scaled.jpg?w=1250 1250w, https:\/\/i0.wp.com\/www.sastamalankylat.fi\/tapiola\/wp-content\/uploads\/sites\/5\/2022\/08\/kuva-42-scaled.jpg?w=1875 1875w\" sizes=\"auto, (max-width: 625px) 100vw, 625px\" \/><\/a><\/p>\n<p><a href=\"https:\/\/i0.wp.com\/www.sastamalankylat.fi\/tapiola\/wp-content\/uploads\/sites\/5\/2022\/08\/kuva-52-scaled.jpg\"><img data-recalc-dims=\"1\" loading=\"lazy\" decoding=\"async\" data-attachment-id=\"1300\" data-permalink=\"https:\/\/www.sastamalankylat.fi\/tapiola\/2022\/08\/09\/mennytta-aikaa-muistelen-niin-mielellani-viela\/kuva-52\/\" data-orig-file=\"https:\/\/i0.wp.com\/www.sastamalankylat.fi\/tapiola\/wp-content\/uploads\/sites\/5\/2022\/08\/kuva-52-scaled.jpg?fit=2560%2C1707&amp;ssl=1\" data-orig-size=\"2560,1707\" data-comments-opened=\"0\" data-image-meta=\"{&quot;aperture&quot;:&quot;8&quot;,&quot;credit&quot;:&quot;&quot;,&quot;camera&quot;:&quot;Canon EOS 20D&quot;,&quot;caption&quot;:&quot;&quot;,&quot;created_timestamp&quot;:&quot;1659125362&quot;,&quot;copyright&quot;:&quot;&quot;,&quot;focal_length&quot;:&quot;31&quot;,&quot;iso&quot;:&quot;400&quot;,&quot;shutter_speed&quot;:&quot;0.01&quot;,&quot;title&quot;:&quot;&quot;,&quot;orientation&quot;:&quot;1&quot;}\" data-image-title=\"Kuva 5(2)\" data-image-description=\"\" data-image-caption=\"\" data-large-file=\"https:\/\/i0.wp.com\/www.sastamalankylat.fi\/tapiola\/wp-content\/uploads\/sites\/5\/2022\/08\/kuva-52-scaled.jpg?fit=625%2C417&amp;ssl=1\" class=\"alignnone size-large wp-image-1300\" src=\"https:\/\/i0.wp.com\/www.sastamalankylat.fi\/tapiola\/wp-content\/uploads\/sites\/5\/2022\/08\/kuva-52.jpg?resize=625%2C417\" alt=\"\" width=\"625\" height=\"417\" srcset=\"https:\/\/i0.wp.com\/www.sastamalankylat.fi\/tapiola\/wp-content\/uploads\/sites\/5\/2022\/08\/kuva-52-scaled.jpg?resize=1024%2C683&amp;ssl=1 1024w, https:\/\/i0.wp.com\/www.sastamalankylat.fi\/tapiola\/wp-content\/uploads\/sites\/5\/2022\/08\/kuva-52-scaled.jpg?resize=300%2C200&amp;ssl=1 300w, https:\/\/i0.wp.com\/www.sastamalankylat.fi\/tapiola\/wp-content\/uploads\/sites\/5\/2022\/08\/kuva-52-scaled.jpg?resize=768%2C512&amp;ssl=1 768w, https:\/\/i0.wp.com\/www.sastamalankylat.fi\/tapiola\/wp-content\/uploads\/sites\/5\/2022\/08\/kuva-52-scaled.jpg?resize=1536%2C1024&amp;ssl=1 1536w, https:\/\/i0.wp.com\/www.sastamalankylat.fi\/tapiola\/wp-content\/uploads\/sites\/5\/2022\/08\/kuva-52-scaled.jpg?resize=2048%2C1365&amp;ssl=1 2048w, https:\/\/i0.wp.com\/www.sastamalankylat.fi\/tapiola\/wp-content\/uploads\/sites\/5\/2022\/08\/kuva-52-scaled.jpg?resize=624%2C416&amp;ssl=1 624w, https:\/\/i0.wp.com\/www.sastamalankylat.fi\/tapiola\/wp-content\/uploads\/sites\/5\/2022\/08\/kuva-52-scaled.jpg?w=1250 1250w, https:\/\/i0.wp.com\/www.sastamalankylat.fi\/tapiola\/wp-content\/uploads\/sites\/5\/2022\/08\/kuva-52-scaled.jpg?w=1875 1875w\" sizes=\"auto, (max-width: 625px) 100vw, 625px\" \/><\/a><\/p>\n<p><span style=\"font-family: Segoe Print; font-size: small;\">T\u00e4n kerran vetonaulakas oli suunniteltyk kakkuarpajaiset, jokkas stes satteel loputtua, joskus tosa kahreksan ki\u00e4ppeis\u00e4 toteutettiinki. Ensimm\u00e4ise kaku kuittas t\u00e4ll\u00e4 kertaa Jaakkolan Terhi.<span style=\"font-family: Liberation Serif, serif; font-size: xx-small;\"><br \/>\n<\/span><\/span><\/p>\n<p><a href=\"https:\/\/i0.wp.com\/www.sastamalankylat.fi\/tapiola\/wp-content\/uploads\/sites\/5\/2022\/08\/kuva-62-scaled.jpg\"><img data-recalc-dims=\"1\" loading=\"lazy\" decoding=\"async\" data-attachment-id=\"1301\" data-permalink=\"https:\/\/www.sastamalankylat.fi\/tapiola\/2022\/08\/09\/mennytta-aikaa-muistelen-niin-mielellani-viela\/kuva-62\/\" data-orig-file=\"https:\/\/i0.wp.com\/www.sastamalankylat.fi\/tapiola\/wp-content\/uploads\/sites\/5\/2022\/08\/kuva-62-scaled.jpg?fit=2560%2C1707&amp;ssl=1\" data-orig-size=\"2560,1707\" data-comments-opened=\"0\" data-image-meta=\"{&quot;aperture&quot;:&quot;7.1&quot;,&quot;credit&quot;:&quot;&quot;,&quot;camera&quot;:&quot;Canon EOS 20D&quot;,&quot;caption&quot;:&quot;&quot;,&quot;created_timestamp&quot;:&quot;1659128660&quot;,&quot;copyright&quot;:&quot;&quot;,&quot;focal_length&quot;:&quot;35&quot;,&quot;iso&quot;:&quot;400&quot;,&quot;shutter_speed&quot;:&quot;0.01&quot;,&quot;title&quot;:&quot;&quot;,&quot;orientation&quot;:&quot;1&quot;}\" data-image-title=\"Kuva 6(2)\" data-image-description=\"\" data-image-caption=\"\" data-large-file=\"https:\/\/i0.wp.com\/www.sastamalankylat.fi\/tapiola\/wp-content\/uploads\/sites\/5\/2022\/08\/kuva-62-scaled.jpg?fit=625%2C417&amp;ssl=1\" class=\"alignnone size-large wp-image-1301\" src=\"https:\/\/i0.wp.com\/www.sastamalankylat.fi\/tapiola\/wp-content\/uploads\/sites\/5\/2022\/08\/kuva-62.jpg?resize=625%2C417\" alt=\"\" width=\"625\" height=\"417\" srcset=\"https:\/\/i0.wp.com\/www.sastamalankylat.fi\/tapiola\/wp-content\/uploads\/sites\/5\/2022\/08\/kuva-62-scaled.jpg?resize=1024%2C683&amp;ssl=1 1024w, https:\/\/i0.wp.com\/www.sastamalankylat.fi\/tapiola\/wp-content\/uploads\/sites\/5\/2022\/08\/kuva-62-scaled.jpg?resize=300%2C200&amp;ssl=1 300w, https:\/\/i0.wp.com\/www.sastamalankylat.fi\/tapiola\/wp-content\/uploads\/sites\/5\/2022\/08\/kuva-62-scaled.jpg?resize=768%2C512&amp;ssl=1 768w, https:\/\/i0.wp.com\/www.sastamalankylat.fi\/tapiola\/wp-content\/uploads\/sites\/5\/2022\/08\/kuva-62-scaled.jpg?resize=1536%2C1024&amp;ssl=1 1536w, https:\/\/i0.wp.com\/www.sastamalankylat.fi\/tapiola\/wp-content\/uploads\/sites\/5\/2022\/08\/kuva-62-scaled.jpg?resize=2048%2C1365&amp;ssl=1 2048w, https:\/\/i0.wp.com\/www.sastamalankylat.fi\/tapiola\/wp-content\/uploads\/sites\/5\/2022\/08\/kuva-62-scaled.jpg?resize=624%2C416&amp;ssl=1 624w, https:\/\/i0.wp.com\/www.sastamalankylat.fi\/tapiola\/wp-content\/uploads\/sites\/5\/2022\/08\/kuva-62-scaled.jpg?w=1250 1250w, https:\/\/i0.wp.com\/www.sastamalankylat.fi\/tapiola\/wp-content\/uploads\/sites\/5\/2022\/08\/kuva-62-scaled.jpg?w=1875 1875w\" sizes=\"auto, (max-width: 625px) 100vw, 625px\" \/><\/a><\/p>\n<p><span style=\"font-family: Segoe Print; font-size: small;\">Sejj\u00e4lkee, nosteltiim mailmallem menneev vi\u00e4 monta muutakik kakkua ja lahjakorttia ja loppujellopuks marenkipusseja, niett\u00e4 moni si\u00e4lt\u00e4 taas l\u00e4ks jonkinlaisen nyss\u00e4k\u00e4n kans poiski. <\/span><\/p>\n<p><span style=\"font-family: Segoe Print; font-size: small;\">Varmastikkim moni, jokka t\u00e4\u00e4l\u00e4 t\u00e4n\u00e4kis suvena o n\u00e4it\u00e4 perjantaehtoita k\u00e4yny vi\u00e4tt\u00e4m\u00e4s\u00e4, on jonkivverrak kiitolline t\u00e4llet talkooporukallej joka vuaresta toiseej jaksaa puskee t\u00e4llasenkit tapahtumap pystyy. Ja t\u00e4lle is\u00e4nt\u00e4v\u00e4jelle, Vesterpakan Kirstille ja Himperkin Hannulle, jokka vuaresta toisee antaa pihapiirins\u00e4 kyl\u00e4l\u00e4istej ja mahrollisestiv vi\u00e4l\u00e4 ihas ste vaan ohikulkijoitten k\u00e4ytt\u00f6\u00f6. <\/span><\/p>\n<p><span style=\"font-family: Segoe Print; font-size: small;\">Ja yht\u00e4 hyvi kiitokset kuuluu kyl\u00e4l\u00e4isillej jokka stet tullee ja tekkee ihas stet tavallisesta arkiehtoosta jonknsortij juhlan.<\/span><\/p>\n<p><span style=\"font-family: Segoe Print; font-size: small;\">Ja jos jollekkulle vi\u00e4l\u00e4 t\u00e4s\u00e4 vaiheeasa oj j\u00e4\u00e4nny ep\u00e4selv\u00e4ks, ett\u00e4 mis\u00e4 t\u00e4mm\u00f6nem meininki om mahrollista, nin se o stet t\u00e4\u00e4l\u00e4.<span style=\"font-family: Liberation Serif, serif; font-size: xx-small;\"><br \/>\n<\/span><\/span><\/p>\n<p><a href=\"https:\/\/i0.wp.com\/www.sastamalankylat.fi\/tapiola\/wp-content\/uploads\/sites\/5\/2022\/08\/kuva-72-scaled.jpg\"><img data-recalc-dims=\"1\" loading=\"lazy\" decoding=\"async\" data-attachment-id=\"1302\" data-permalink=\"https:\/\/www.sastamalankylat.fi\/tapiola\/2022\/08\/09\/mennytta-aikaa-muistelen-niin-mielellani-viela\/kuva-72\/\" data-orig-file=\"https:\/\/i0.wp.com\/www.sastamalankylat.fi\/tapiola\/wp-content\/uploads\/sites\/5\/2022\/08\/kuva-72-scaled.jpg?fit=2560%2C1707&amp;ssl=1\" data-orig-size=\"2560,1707\" data-comments-opened=\"0\" data-image-meta=\"{&quot;aperture&quot;:&quot;11&quot;,&quot;credit&quot;:&quot;&quot;,&quot;camera&quot;:&quot;Canon EOS 20D&quot;,&quot;caption&quot;:&quot;&quot;,&quot;created_timestamp&quot;:&quot;1658525583&quot;,&quot;copyright&quot;:&quot;&quot;,&quot;focal_length&quot;:&quot;92&quot;,&quot;iso&quot;:&quot;400&quot;,&quot;shutter_speed&quot;:&quot;0.0025&quot;,&quot;title&quot;:&quot;&quot;,&quot;orientation&quot;:&quot;1&quot;}\" data-image-title=\"Kuva 7(2)\" data-image-description=\"\" data-image-caption=\"\" data-large-file=\"https:\/\/i0.wp.com\/www.sastamalankylat.fi\/tapiola\/wp-content\/uploads\/sites\/5\/2022\/08\/kuva-72-scaled.jpg?fit=625%2C417&amp;ssl=1\" class=\"alignnone size-large wp-image-1302\" src=\"https:\/\/i0.wp.com\/www.sastamalankylat.fi\/tapiola\/wp-content\/uploads\/sites\/5\/2022\/08\/kuva-72.jpg?resize=625%2C417\" alt=\"\" width=\"625\" height=\"417\" srcset=\"https:\/\/i0.wp.com\/www.sastamalankylat.fi\/tapiola\/wp-content\/uploads\/sites\/5\/2022\/08\/kuva-72-scaled.jpg?resize=1024%2C683&amp;ssl=1 1024w, https:\/\/i0.wp.com\/www.sastamalankylat.fi\/tapiola\/wp-content\/uploads\/sites\/5\/2022\/08\/kuva-72-scaled.jpg?resize=300%2C200&amp;ssl=1 300w, https:\/\/i0.wp.com\/www.sastamalankylat.fi\/tapiola\/wp-content\/uploads\/sites\/5\/2022\/08\/kuva-72-scaled.jpg?resize=768%2C512&amp;ssl=1 768w, https:\/\/i0.wp.com\/www.sastamalankylat.fi\/tapiola\/wp-content\/uploads\/sites\/5\/2022\/08\/kuva-72-scaled.jpg?resize=1536%2C1024&amp;ssl=1 1536w, https:\/\/i0.wp.com\/www.sastamalankylat.fi\/tapiola\/wp-content\/uploads\/sites\/5\/2022\/08\/kuva-72-scaled.jpg?resize=2048%2C1365&amp;ssl=1 2048w, https:\/\/i0.wp.com\/www.sastamalankylat.fi\/tapiola\/wp-content\/uploads\/sites\/5\/2022\/08\/kuva-72-scaled.jpg?resize=624%2C416&amp;ssl=1 624w, https:\/\/i0.wp.com\/www.sastamalankylat.fi\/tapiola\/wp-content\/uploads\/sites\/5\/2022\/08\/kuva-72-scaled.jpg?w=1250 1250w, https:\/\/i0.wp.com\/www.sastamalankylat.fi\/tapiola\/wp-content\/uploads\/sites\/5\/2022\/08\/kuva-72-scaled.jpg?w=1875 1875w\" sizes=\"auto, (max-width: 625px) 100vw, 625px\" \/><\/a><\/p>\n<p><em>Veikko Kurki<\/em><\/p>\n<!-- AddThis Advanced Settings generic via filter on the_content --><!-- AddThis Share Buttons generic via filter on the_content -->","protected":false},"excerpt":{"rendered":"<p>Jo viirett\u00e4 kertaa t\u00e4n suven aikanna kokkoonnuttiiv Vesterpakamm\u00e4jelle. T\u00e4\u00e4 oli nys stev viimenen perjantaehtoo hein\u00e4kuusa ja samalla viimenen kerta, ko kahvila t\u00e4n\u00e4 suvena auki oli. Taas ki\u00e4rteli hyvis stet tummahhiveit\u00e4 pilvi\u00e4 taivaalla ja v\u00e4h\u00e4vv\u00e4li\u00e4 lootras stet tota vett\u00e4ki, millo enemm\u00e4ks millov v\u00e4hemm\u00e4ks.Tosa jo hyvis\u00e4 ajjoin ennen kuutta oli jo porukkaa tullup paikalle. Makkarakrilli oli saatut [&hellip;]<!-- AddThis Advanced Settings generic via filter on wp_trim_excerpt --><!-- AddThis Share Buttons generic via filter on wp_trim_excerpt --><\/p>\n","protected":false},"author":3,"featured_media":0,"comment_status":"closed","ping_status":"open","sticky":false,"template":"","format":"standard","meta":{"jetpack_post_was_ever_published":false,"_jetpack_newsletter_access":"","_jetpack_dont_email_post_to_subs":false,"_jetpack_newsletter_tier_id":0,"_jetpack_memberships_contains_paywalled_content":false,"_jetpack_memberships_contains_paid_content":false,"footnotes":"","jetpack_publicize_message":"","jetpack_publicize_feature_enabled":true,"jetpack_social_post_already_shared":true,"jetpack_social_options":{"image_generator_settings":{"template":"highway","default_image_id":0,"font":"","enabled":false},"version":2}},"categories":[1],"tags":[],"class_list":["post-1295","post","type-post","status-publish","format-standard","hentry","category-yleinen"],"aioseo_notices":[],"jetpack_publicize_connections":[],"jetpack_featured_media_url":"","jetpack_likes_enabled":true,"jetpack_sharing_enabled":true,"jetpack_shortlink":"https:\/\/wp.me\/p3DPvf-kT","_links":{"self":[{"href":"https:\/\/www.sastamalankylat.fi\/tapiola\/wp-json\/wp\/v2\/posts\/1295","targetHints":{"allow":["GET"]}}],"collection":[{"href":"https:\/\/www.sastamalankylat.fi\/tapiola\/wp-json\/wp\/v2\/posts"}],"about":[{"href":"https:\/\/www.sastamalankylat.fi\/tapiola\/wp-json\/wp\/v2\/types\/post"}],"author":[{"embeddable":true,"href":"https:\/\/www.sastamalankylat.fi\/tapiola\/wp-json\/wp\/v2\/users\/3"}],"replies":[{"embeddable":true,"href":"https:\/\/www.sastamalankylat.fi\/tapiola\/wp-json\/wp\/v2\/comments?post=1295"}],"version-history":[{"count":1,"href":"https:\/\/www.sastamalankylat.fi\/tapiola\/wp-json\/wp\/v2\/posts\/1295\/revisions"}],"predecessor-version":[{"id":1303,"href":"https:\/\/www.sastamalankylat.fi\/tapiola\/wp-json\/wp\/v2\/posts\/1295\/revisions\/1303"}],"wp:attachment":[{"href":"https:\/\/www.sastamalankylat.fi\/tapiola\/wp-json\/wp\/v2\/media?parent=1295"}],"wp:term":[{"taxonomy":"category","embeddable":true,"href":"https:\/\/www.sastamalankylat.fi\/tapiola\/wp-json\/wp\/v2\/categories?post=1295"},{"taxonomy":"post_tag","embeddable":true,"href":"https:\/\/www.sastamalankylat.fi\/tapiola\/wp-json\/wp\/v2\/tags?post=1295"}],"curies":[{"name":"wp","href":"https:\/\/api.w.org\/{rel}","templated":true}]}}