{"id":1280,"date":"2022-07-28T01:02:19","date_gmt":"2022-07-27T22:02:19","guid":{"rendered":"http:\/\/www.sastamalankylat.fi\/tapiola\/?p=1280"},"modified":"2022-08-09T11:29:45","modified_gmt":"2022-08-09T08:29:45","slug":"ruislinnun-laulu-korvissani-tahkapaitten-paalla-taysikuu","status":"publish","type":"post","link":"https:\/\/www.sastamalankylat.fi\/tapiola\/2022\/07\/28\/ruislinnun-laulu-korvissani-tahkapaitten-paalla-taysikuu\/","title":{"rendered":"Ruislinnun laulu korvissani, t\u00e4hk\u00e4p\u00e4itten p\u00e4\u00e4ll\u00e4 t\u00e4ysikuu&#8230;"},"content":{"rendered":"<div>\n<p><span style=\"font-family: Segoe Print; font-size: small;\"><b>Ninh\u00e4n se taas olikit toi perjantaehtoo ja kyl\u00e4kahvilan tianoilla tavallistaki tiiviim\u00e4nolone kuhina. <\/b><\/span><span style=\"font-family: Segoe Print; font-size: small;\"><b>T\u00e4nn\u00e4\u00e4n juhlistettas yhristykse kahrenkymene aastajjaan t\u00e4yttymyst\u00e4. V\u00e4kkee oli kokkoontunu oikeen ste reirustikki enemm\u00e4 ko mit\u00e4 oli n\u00e4kkeen totuttu.<\/b><\/span><span style=\"font-family: Arial, sans-serif; font-size: small;\"><br \/>\n<\/span><\/p>\n<p><a href=\"https:\/\/i0.wp.com\/www.sastamalankylat.fi\/tapiola\/wp-content\/uploads\/sites\/5\/2022\/07\/kuva-11-scaled.jpg\"><img data-recalc-dims=\"1\" loading=\"lazy\" decoding=\"async\" data-attachment-id=\"1281\" data-permalink=\"https:\/\/www.sastamalankylat.fi\/tapiola\/2022\/07\/28\/ruislinnun-laulu-korvissani-tahkapaitten-paalla-taysikuu\/kuva-11\/\" data-orig-file=\"https:\/\/i0.wp.com\/www.sastamalankylat.fi\/tapiola\/wp-content\/uploads\/sites\/5\/2022\/07\/kuva-11-scaled.jpg?fit=2560%2C1707&amp;ssl=1\" data-orig-size=\"2560,1707\" data-comments-opened=\"0\" data-image-meta=\"{&quot;aperture&quot;:&quot;8&quot;,&quot;credit&quot;:&quot;&quot;,&quot;camera&quot;:&quot;Canon EOS 20D&quot;,&quot;caption&quot;:&quot;&quot;,&quot;created_timestamp&quot;:&quot;1658520815&quot;,&quot;copyright&quot;:&quot;&quot;,&quot;focal_length&quot;:&quot;18&quot;,&quot;iso&quot;:&quot;400&quot;,&quot;shutter_speed&quot;:&quot;0.004&quot;,&quot;title&quot;:&quot;&quot;,&quot;orientation&quot;:&quot;1&quot;}\" data-image-title=\"Kuva 1(1)\" data-image-description=\"\" data-image-caption=\"\" data-large-file=\"https:\/\/i0.wp.com\/www.sastamalankylat.fi\/tapiola\/wp-content\/uploads\/sites\/5\/2022\/07\/kuva-11-scaled.jpg?fit=625%2C417&amp;ssl=1\" class=\"alignnone wp-image-1281\" src=\"https:\/\/i0.wp.com\/www.sastamalankylat.fi\/tapiola\/wp-content\/uploads\/sites\/5\/2022\/07\/kuva-11.jpg?resize=580%2C387\" alt=\"\" width=\"580\" height=\"387\" srcset=\"https:\/\/i0.wp.com\/www.sastamalankylat.fi\/tapiola\/wp-content\/uploads\/sites\/5\/2022\/07\/kuva-11-scaled.jpg?resize=1024%2C683&amp;ssl=1 1024w, https:\/\/i0.wp.com\/www.sastamalankylat.fi\/tapiola\/wp-content\/uploads\/sites\/5\/2022\/07\/kuva-11-scaled.jpg?resize=300%2C200&amp;ssl=1 300w, https:\/\/i0.wp.com\/www.sastamalankylat.fi\/tapiola\/wp-content\/uploads\/sites\/5\/2022\/07\/kuva-11-scaled.jpg?resize=768%2C512&amp;ssl=1 768w, https:\/\/i0.wp.com\/www.sastamalankylat.fi\/tapiola\/wp-content\/uploads\/sites\/5\/2022\/07\/kuva-11-scaled.jpg?resize=1536%2C1024&amp;ssl=1 1536w, https:\/\/i0.wp.com\/www.sastamalankylat.fi\/tapiola\/wp-content\/uploads\/sites\/5\/2022\/07\/kuva-11-scaled.jpg?resize=2048%2C1365&amp;ssl=1 2048w, https:\/\/i0.wp.com\/www.sastamalankylat.fi\/tapiola\/wp-content\/uploads\/sites\/5\/2022\/07\/kuva-11-scaled.jpg?resize=624%2C416&amp;ssl=1 624w, https:\/\/i0.wp.com\/www.sastamalankylat.fi\/tapiola\/wp-content\/uploads\/sites\/5\/2022\/07\/kuva-11-scaled.jpg?w=1250 1250w, https:\/\/i0.wp.com\/www.sastamalankylat.fi\/tapiola\/wp-content\/uploads\/sites\/5\/2022\/07\/kuva-11-scaled.jpg?w=1875 1875w\" sizes=\"auto, (max-width: 580px) 100vw, 580px\" \/><\/a><\/p>\n<p><span style=\"font-family: Segoe Print; font-size: small;\"><b>Si\u00e4he ei varmastikkan ollup pi\u00e4ninp\u00e4n\u00e4 syyn\u00e4 se, ett\u00e4 Soinin Timo oli luppautunnu pitt\u00e4\u00e4n julapuhheen Kyl\u00e4nv\u00e4jelle ja enemmuuta t\u00e4lle juur ste aikusenikk\u00e4\u00e4n ehtinelle yhristykselle.<\/b><\/span><\/p>\n<p><a href=\"https:\/\/i0.wp.com\/www.sastamalankylat.fi\/tapiola\/wp-content\/uploads\/sites\/5\/2022\/07\/kuva-21-scaled.jpg\"><img data-recalc-dims=\"1\" loading=\"lazy\" decoding=\"async\" data-attachment-id=\"1282\" data-permalink=\"https:\/\/www.sastamalankylat.fi\/tapiola\/2022\/07\/28\/ruislinnun-laulu-korvissani-tahkapaitten-paalla-taysikuu\/kuva-21\/\" data-orig-file=\"https:\/\/i0.wp.com\/www.sastamalankylat.fi\/tapiola\/wp-content\/uploads\/sites\/5\/2022\/07\/kuva-21-scaled.jpg?fit=2560%2C1707&amp;ssl=1\" data-orig-size=\"2560,1707\" data-comments-opened=\"0\" data-image-meta=\"{&quot;aperture&quot;:&quot;10&quot;,&quot;credit&quot;:&quot;&quot;,&quot;camera&quot;:&quot;Canon EOS 20D&quot;,&quot;caption&quot;:&quot;&quot;,&quot;created_timestamp&quot;:&quot;1658518070&quot;,&quot;copyright&quot;:&quot;&quot;,&quot;focal_length&quot;:&quot;60&quot;,&quot;iso&quot;:&quot;400&quot;,&quot;shutter_speed&quot;:&quot;0.004&quot;,&quot;title&quot;:&quot;&quot;,&quot;orientation&quot;:&quot;1&quot;}\" data-image-title=\"Kuva 2(1)\" data-image-description=\"\" data-image-caption=\"\" data-large-file=\"https:\/\/i0.wp.com\/www.sastamalankylat.fi\/tapiola\/wp-content\/uploads\/sites\/5\/2022\/07\/kuva-21-scaled.jpg?fit=625%2C417&amp;ssl=1\" class=\"alignnone wp-image-1282\" src=\"https:\/\/i0.wp.com\/www.sastamalankylat.fi\/tapiola\/wp-content\/uploads\/sites\/5\/2022\/07\/kuva-21.jpg?resize=580%2C387\" alt=\"\" width=\"580\" height=\"387\" srcset=\"https:\/\/i0.wp.com\/www.sastamalankylat.fi\/tapiola\/wp-content\/uploads\/sites\/5\/2022\/07\/kuva-21-scaled.jpg?resize=1024%2C683&amp;ssl=1 1024w, https:\/\/i0.wp.com\/www.sastamalankylat.fi\/tapiola\/wp-content\/uploads\/sites\/5\/2022\/07\/kuva-21-scaled.jpg?resize=300%2C200&amp;ssl=1 300w, https:\/\/i0.wp.com\/www.sastamalankylat.fi\/tapiola\/wp-content\/uploads\/sites\/5\/2022\/07\/kuva-21-scaled.jpg?resize=768%2C512&amp;ssl=1 768w, https:\/\/i0.wp.com\/www.sastamalankylat.fi\/tapiola\/wp-content\/uploads\/sites\/5\/2022\/07\/kuva-21-scaled.jpg?resize=1536%2C1024&amp;ssl=1 1536w, https:\/\/i0.wp.com\/www.sastamalankylat.fi\/tapiola\/wp-content\/uploads\/sites\/5\/2022\/07\/kuva-21-scaled.jpg?resize=2048%2C1365&amp;ssl=1 2048w, https:\/\/i0.wp.com\/www.sastamalankylat.fi\/tapiola\/wp-content\/uploads\/sites\/5\/2022\/07\/kuva-21-scaled.jpg?resize=624%2C416&amp;ssl=1 624w, https:\/\/i0.wp.com\/www.sastamalankylat.fi\/tapiola\/wp-content\/uploads\/sites\/5\/2022\/07\/kuva-21-scaled.jpg?w=1250 1250w, https:\/\/i0.wp.com\/www.sastamalankylat.fi\/tapiola\/wp-content\/uploads\/sites\/5\/2022\/07\/kuva-21-scaled.jpg?w=1875 1875w\" sizes=\"auto, (max-width: 580px) 100vw, 580px\" \/><\/a><\/p>\n<\/div>\n<div><span style=\"font-family: Segoe Print; font-size: small;\"><b>Mutta ninkun t\u00e4\u00e4 kyl\u00e4n vilosohvi, t\u00e4\u00e4 Uurellaurilan Kalle, mi\u00e4lipitten\u00e4ns\u00e4 totes, t\u00e4n kyl\u00e4n pellot o pi\u00e4ni\u00e4 ja kivisi\u00e4 ja toi j\u00e4rvikis ste sevverram matala, ett\u00e4 ruutanakij joutuu uimaak kyljell\u00e4ns\u00e4, ja sdavvuaks t\u00e4nne ov valikoitunnu sten ni j\u00e4\u00e4r\u00e4p\u00e4inep porukka. Mutta taas parraana pualena oli stes semmone, ett\u00e4 t\u00e4ll\u00e4 j\u00e4\u00e4r\u00e4p\u00e4isell\u00e4 ukkolaumalla o sik\u00e4li kipakkaa akkav\u00e4kkee, ett\u00e4 ne ky\u00e4 sannoo, ko o aika t\u00f6ihir ruveta.<\/b><\/span><span style=\"font-family: Segoe Print; font-size: small;\"><b><br \/>\n<\/b><\/span><\/div>\n<div><\/div>\n<div><\/div>\n<div><a href=\"https:\/\/i0.wp.com\/www.sastamalankylat.fi\/tapiola\/wp-content\/uploads\/sites\/5\/2022\/07\/kuva-31-scaled.jpg\"><img data-recalc-dims=\"1\" loading=\"lazy\" decoding=\"async\" data-attachment-id=\"1283\" data-permalink=\"https:\/\/www.sastamalankylat.fi\/tapiola\/2022\/07\/28\/ruislinnun-laulu-korvissani-tahkapaitten-paalla-taysikuu\/kuva-31\/\" data-orig-file=\"https:\/\/i0.wp.com\/www.sastamalankylat.fi\/tapiola\/wp-content\/uploads\/sites\/5\/2022\/07\/kuva-31-scaled.jpg?fit=2560%2C1707&amp;ssl=1\" data-orig-size=\"2560,1707\" data-comments-opened=\"0\" data-image-meta=\"{&quot;aperture&quot;:&quot;7.1&quot;,&quot;credit&quot;:&quot;&quot;,&quot;camera&quot;:&quot;Canon EOS 20D&quot;,&quot;caption&quot;:&quot;&quot;,&quot;created_timestamp&quot;:&quot;1658524228&quot;,&quot;copyright&quot;:&quot;&quot;,&quot;focal_length&quot;:&quot;100&quot;,&quot;iso&quot;:&quot;400&quot;,&quot;shutter_speed&quot;:&quot;0.008&quot;,&quot;title&quot;:&quot;&quot;,&quot;orientation&quot;:&quot;0&quot;}\" data-image-title=\"Kuva 3(1)\" data-image-description=\"\" data-image-caption=\"\" data-large-file=\"https:\/\/i0.wp.com\/www.sastamalankylat.fi\/tapiola\/wp-content\/uploads\/sites\/5\/2022\/07\/kuva-31-scaled.jpg?fit=625%2C417&amp;ssl=1\" class=\"alignnone wp-image-1283\" src=\"https:\/\/i0.wp.com\/www.sastamalankylat.fi\/tapiola\/wp-content\/uploads\/sites\/5\/2022\/07\/kuva-31.jpg?resize=580%2C387\" alt=\"\" width=\"580\" height=\"387\" srcset=\"https:\/\/i0.wp.com\/www.sastamalankylat.fi\/tapiola\/wp-content\/uploads\/sites\/5\/2022\/07\/kuva-31-scaled.jpg?resize=1024%2C683&amp;ssl=1 1024w, https:\/\/i0.wp.com\/www.sastamalankylat.fi\/tapiola\/wp-content\/uploads\/sites\/5\/2022\/07\/kuva-31-scaled.jpg?resize=300%2C200&amp;ssl=1 300w, https:\/\/i0.wp.com\/www.sastamalankylat.fi\/tapiola\/wp-content\/uploads\/sites\/5\/2022\/07\/kuva-31-scaled.jpg?resize=768%2C512&amp;ssl=1 768w, https:\/\/i0.wp.com\/www.sastamalankylat.fi\/tapiola\/wp-content\/uploads\/sites\/5\/2022\/07\/kuva-31-scaled.jpg?resize=1536%2C1024&amp;ssl=1 1536w, https:\/\/i0.wp.com\/www.sastamalankylat.fi\/tapiola\/wp-content\/uploads\/sites\/5\/2022\/07\/kuva-31-scaled.jpg?resize=2048%2C1365&amp;ssl=1 2048w, https:\/\/i0.wp.com\/www.sastamalankylat.fi\/tapiola\/wp-content\/uploads\/sites\/5\/2022\/07\/kuva-31-scaled.jpg?resize=624%2C416&amp;ssl=1 624w, https:\/\/i0.wp.com\/www.sastamalankylat.fi\/tapiola\/wp-content\/uploads\/sites\/5\/2022\/07\/kuva-31-scaled.jpg?w=1250 1250w, https:\/\/i0.wp.com\/www.sastamalankylat.fi\/tapiola\/wp-content\/uploads\/sites\/5\/2022\/07\/kuva-31-scaled.jpg?w=1875 1875w\" sizes=\"auto, (max-width: 580px) 100vw, 580px\" \/><\/a><\/div>\n<div><\/div>\n<div><span style=\"font-family: Segoe Print; font-size: small;\"><b>Nin siis, t\u00e4t\u00e4 perinnett\u00e4 kunnijoittain, Seijakip pisti Timon heti ruatuuj ja totes, ett\u00e4 h\u00e4n puhhuu enste, ihanku l\u00e4mmittelyks, hiukkase t\u00e4n kyl\u00e4j ja t\u00e4n yhristykseh historiasta.<\/b><\/span><span style=\"font-family: Segoe Print; font-size: small;\"><b><br \/>\n<\/b><\/span><\/div>\n<div><span style=\"font-family: Segoe Print; font-size: small;\"><b>Puhheesansas Seijas kerto, ett\u00e4 t\u00e4\u00e4 yhristys o ninkim muutkim mukulat, ollu olemasa jo ennes syntym\u00e4\u00e4ns\u00e4. (Ei h\u00e4n kai ihas sten nois sanonnu, mutta tarkotti kumminki.)<\/b><\/span><span style=\"font-family: Segoe Print; font-size: small;\"><b><br \/>\n<\/b><\/span><\/div>\n<div><span style=\"font-family: Segoe Print; font-size: small;\"><b>Jo kahreksankymmenluvun loppupualella alko joukko kyl\u00e4l\u00e4isi\u00e4 j\u00e4rjest\u00e4\u00e4k kyl\u00e4llej ja ennenkaikkee sen mukuloillek kaikellaista pikkuhauskaa. T\u00e4h\u00e4 lkuper\u00e4seep porukkaan kuluvat Toivolan Arja, Lemmetyisen Jaakko, Kulmalan Arto ja Anne ja Kuukan Seija ja Heimo.<\/b><\/span><span style=\"font-family: Segoe Print; font-size: small;\"><b><br \/>\n<\/b><\/span><\/div>\n<div><span style=\"font-family: Segoe Print; font-size: small;\"><b>T\u00e4ll\u00e4 porukalla py\u00e4ritettis step p\u00e4iv\u00e4toimintaa mukuloille kaupunkilta saarulla Tapiolan kent\u00e4ll\u00e4, kaupunkin nuarisotoimelta vuakratusa talviteltasa.<\/b><\/span><span style=\"font-family: Segoe Print; font-size: small;\"><b><br \/>\n<\/b><\/span><\/div>\n<div><span style=\"font-family: Segoe Print; font-size: small;\"><b>Se ok kuminkin nin, ett\u00e4 ruakahalunlla ot tapana kasvaas sy\u00e4res\u00e4, niett\u00e4 t\u00e4s\u00e4ki her\u00e4s steh halu laajentaat toimintaa koko kyl\u00e4lle.<\/b><\/span><span style=\"font-family: Segoe Print; font-size: small;\"><b><br \/>\n<\/b><\/span><\/div>\n<div><span style=\"font-family: Segoe Print; font-size: small;\"><b>Parina vuatena ker\u00e4ttiir roinaa kyl\u00e4l\u00e4isen nurkista huutokauppaa varte. T\u00e4s\u00e4 hommasa priimus moottoreina ja toteuttajina toimi Seija ja Arto, joista viimeksmainittum my\u00e4s meklas tavarat aikanaam mailmalle. Toimintaa jatkettiis stev vaihtelevalla intensiiviteetill\u00e4, nin kauan, ett\u00e4 oli tullum marraskuul loppupuali vuanna kakstuhatta ja kaks. Sillos ster rekister\u00f6itii t\u00e4\u00e4 jo pitk\u00e4\u00e4t toiminnu porukka yhristykseks.<\/b><\/span><span style=\"font-family: Segoe Print; font-size: small;\"><b><br \/>\n<\/b><\/span><\/div>\n<div><span style=\"font-family: Segoe Print; font-size: small;\"><b>Ja paliom muutakis se Seija siin\u00e4 toi julki, minen niit\u00e4 kaikkia muista.<\/b><\/span><span style=\"font-family: Segoe Print; font-size: small;\"><b><br \/>\n<\/b><\/span><\/div>\n<div><\/div>\n<div><\/div>\n<div><a href=\"https:\/\/i0.wp.com\/www.sastamalankylat.fi\/tapiola\/wp-content\/uploads\/sites\/5\/2022\/07\/kuva-41-scaled.jpg\"><img data-recalc-dims=\"1\" loading=\"lazy\" decoding=\"async\" data-attachment-id=\"1284\" data-permalink=\"https:\/\/www.sastamalankylat.fi\/tapiola\/2022\/07\/28\/ruislinnun-laulu-korvissani-tahkapaitten-paalla-taysikuu\/kuva-41\/\" data-orig-file=\"https:\/\/i0.wp.com\/www.sastamalankylat.fi\/tapiola\/wp-content\/uploads\/sites\/5\/2022\/07\/kuva-41-scaled.jpg?fit=2560%2C1707&amp;ssl=1\" data-orig-size=\"2560,1707\" data-comments-opened=\"0\" data-image-meta=\"{&quot;aperture&quot;:&quot;11&quot;,&quot;credit&quot;:&quot;&quot;,&quot;camera&quot;:&quot;Canon EOS 20D&quot;,&quot;caption&quot;:&quot;&quot;,&quot;created_timestamp&quot;:&quot;1658518987&quot;,&quot;copyright&quot;:&quot;&quot;,&quot;focal_length&quot;:&quot;44&quot;,&quot;iso&quot;:&quot;400&quot;,&quot;shutter_speed&quot;:&quot;0.004&quot;,&quot;title&quot;:&quot;&quot;,&quot;orientation&quot;:&quot;1&quot;}\" data-image-title=\"Kuva 4(1)\" data-image-description=\"\" data-image-caption=\"\" data-large-file=\"https:\/\/i0.wp.com\/www.sastamalankylat.fi\/tapiola\/wp-content\/uploads\/sites\/5\/2022\/07\/kuva-41-scaled.jpg?fit=625%2C417&amp;ssl=1\" class=\"alignnone wp-image-1284\" src=\"https:\/\/i0.wp.com\/www.sastamalankylat.fi\/tapiola\/wp-content\/uploads\/sites\/5\/2022\/07\/kuva-41.jpg?resize=579%2C386\" alt=\"\" width=\"579\" height=\"386\" srcset=\"https:\/\/i0.wp.com\/www.sastamalankylat.fi\/tapiola\/wp-content\/uploads\/sites\/5\/2022\/07\/kuva-41-scaled.jpg?resize=1024%2C683&amp;ssl=1 1024w, https:\/\/i0.wp.com\/www.sastamalankylat.fi\/tapiola\/wp-content\/uploads\/sites\/5\/2022\/07\/kuva-41-scaled.jpg?resize=300%2C200&amp;ssl=1 300w, https:\/\/i0.wp.com\/www.sastamalankylat.fi\/tapiola\/wp-content\/uploads\/sites\/5\/2022\/07\/kuva-41-scaled.jpg?resize=768%2C512&amp;ssl=1 768w, https:\/\/i0.wp.com\/www.sastamalankylat.fi\/tapiola\/wp-content\/uploads\/sites\/5\/2022\/07\/kuva-41-scaled.jpg?resize=1536%2C1024&amp;ssl=1 1536w, https:\/\/i0.wp.com\/www.sastamalankylat.fi\/tapiola\/wp-content\/uploads\/sites\/5\/2022\/07\/kuva-41-scaled.jpg?resize=2048%2C1365&amp;ssl=1 2048w, https:\/\/i0.wp.com\/www.sastamalankylat.fi\/tapiola\/wp-content\/uploads\/sites\/5\/2022\/07\/kuva-41-scaled.jpg?resize=624%2C416&amp;ssl=1 624w, https:\/\/i0.wp.com\/www.sastamalankylat.fi\/tapiola\/wp-content\/uploads\/sites\/5\/2022\/07\/kuva-41-scaled.jpg?w=1250 1250w, https:\/\/i0.wp.com\/www.sastamalankylat.fi\/tapiola\/wp-content\/uploads\/sites\/5\/2022\/07\/kuva-41-scaled.jpg?w=1875 1875w\" sizes=\"auto, (max-width: 579px) 100vw, 579px\" \/><\/a><\/div>\n<div><\/div>\n<div><span style=\"font-family: Segoe Print; font-size: small;\"><b>Kus Seija oli saanup puheensap puhutuks, h\u00e4n sittet totes, ett\u00e4 ny saat sittes s\u00e4\u00e4, Timo puhua.<\/b><\/span><span style=\"font-family: Segoe Print; font-size: small;\"><b><br \/>\n<\/b><\/span><\/div>\n<div><span style=\"font-family: Segoe Print; font-size: small;\"><b>Ja ky\u00e4 st\u00e4 stej juttua tuliki, luanikasta ja t\u00e4ysiv vailla mitt\u00e4\u00e4 virallisuuksija taikka poliittisia h\u00f6pin\u00f6it\u00e4, tuli, ko lapin kapasta.<\/b><\/span><span style=\"font-family: Segoe Print; font-size: small;\"><b><br \/>\n<\/b><\/span><\/div>\n<div><span style=\"font-family: Segoe Print; font-size: small;\"><b>Koj jokkaisella, jokka si\u00e4 oli, oli omat korvat mukana, emm\u00e4\u00e4 viitti t\u00e4s\u00e4 st\u00e4p puhetta senkummemmir repostelleen ruveta, totteenpahav vaa, ett\u00e4 ehk\u00e4 sen punasena lankana ol t\u00e4\u00e4, mite erilaista t\u00e4\u00e4 el\u00e4misemmeno, ihmist\u00e4 aatelle, o tua kaupunkipaikoisa, t\u00e4h\u00e4m maalaikyll\u00e4\u00e4v verrattuna.<\/b><\/span><span style=\"font-family: Segoe Print; font-size: small;\"><b> Vi\u00e4l\u00e4 t\u00e4\u00e4l\u00e4 voi poketan naapuriij, jos si\u00e4 ny sattuu kett\u00e4\u00e4k kotona ollee, ilman ett\u00e4 hetikohta n\u00e4ytett\u00e4s, ett\u00e4 tosta ov viis hirtt\u00e4 poikki, ko ei o ehrittys siivoot taikka ei satu olleen mitt\u00e4\u00e4t tarjottavvaa.<\/b><\/span><span style=\"font-family: Segoe Print; font-size: small;\"><b><br \/>\n<\/b><\/span><\/div>\n<div><span style=\"font-family: Segoe Print; font-size: small;\"><b>Ja ett\u00e4 se torelline el\u00e4m\u00e4 ei os stes si\u00e4 pi\u00e4nel lasiruurun takana, vaan se alkaa ja jatkuu siin\u00e4, kot toine ihmine rehvaa toise, ihas ste silm\u00e4st\u00e4 sil\u00e4\u00e4j ja napit vastatuste.<\/b><\/span><span style=\"font-family: Segoe Print; font-size: small;\"><b><br \/>\n<\/b><\/span><\/div>\n<div><span style=\"font-family: Segoe Print; font-size: small;\"><b>Ja ett\u00e4 vaikka t\u00e4\u00e4 pikkukyl\u00e4s\u00e4 joskus hiuka\u00a0 harmittaakit t\u00e4\u00e4 toistet tarkkailu, nin seki ov vaa stes sit\u00e4, ett\u00e4 pohjimmiltansa tunnetaaja jonkinsortiv vastuuta ja hualta toistenki elosta ja olosta<span style=\"font-family: Arial, sans-serif;\">.<\/span><\/b><\/span><b><\/b><\/div>\n<div><\/div>\n<div><\/div>\n<div><a href=\"https:\/\/i0.wp.com\/www.sastamalankylat.fi\/tapiola\/wp-content\/uploads\/sites\/5\/2022\/07\/kuva-51-scaled.jpg\"><img data-recalc-dims=\"1\" loading=\"lazy\" decoding=\"async\" data-attachment-id=\"1285\" data-permalink=\"https:\/\/www.sastamalankylat.fi\/tapiola\/2022\/07\/28\/ruislinnun-laulu-korvissani-tahkapaitten-paalla-taysikuu\/kuva-51\/\" data-orig-file=\"https:\/\/i0.wp.com\/www.sastamalankylat.fi\/tapiola\/wp-content\/uploads\/sites\/5\/2022\/07\/kuva-51-scaled.jpg?fit=2560%2C1707&amp;ssl=1\" data-orig-size=\"2560,1707\" data-comments-opened=\"0\" data-image-meta=\"{&quot;aperture&quot;:&quot;9&quot;,&quot;credit&quot;:&quot;&quot;,&quot;camera&quot;:&quot;Canon EOS 20D&quot;,&quot;caption&quot;:&quot;&quot;,&quot;created_timestamp&quot;:&quot;1658519177&quot;,&quot;copyright&quot;:&quot;&quot;,&quot;focal_length&quot;:&quot;50&quot;,&quot;iso&quot;:&quot;400&quot;,&quot;shutter_speed&quot;:&quot;0.00625&quot;,&quot;title&quot;:&quot;&quot;,&quot;orientation&quot;:&quot;1&quot;}\" data-image-title=\"Kuva 5(1)\" data-image-description=\"\" data-image-caption=\"\" data-large-file=\"https:\/\/i0.wp.com\/www.sastamalankylat.fi\/tapiola\/wp-content\/uploads\/sites\/5\/2022\/07\/kuva-51-scaled.jpg?fit=625%2C417&amp;ssl=1\" class=\"alignnone wp-image-1285\" src=\"https:\/\/i0.wp.com\/www.sastamalankylat.fi\/tapiola\/wp-content\/uploads\/sites\/5\/2022\/07\/kuva-51.jpg?resize=579%2C386\" alt=\"\" width=\"579\" height=\"386\" srcset=\"https:\/\/i0.wp.com\/www.sastamalankylat.fi\/tapiola\/wp-content\/uploads\/sites\/5\/2022\/07\/kuva-51-scaled.jpg?resize=1024%2C683&amp;ssl=1 1024w, https:\/\/i0.wp.com\/www.sastamalankylat.fi\/tapiola\/wp-content\/uploads\/sites\/5\/2022\/07\/kuva-51-scaled.jpg?resize=300%2C200&amp;ssl=1 300w, https:\/\/i0.wp.com\/www.sastamalankylat.fi\/tapiola\/wp-content\/uploads\/sites\/5\/2022\/07\/kuva-51-scaled.jpg?resize=768%2C512&amp;ssl=1 768w, https:\/\/i0.wp.com\/www.sastamalankylat.fi\/tapiola\/wp-content\/uploads\/sites\/5\/2022\/07\/kuva-51-scaled.jpg?resize=1536%2C1024&amp;ssl=1 1536w, https:\/\/i0.wp.com\/www.sastamalankylat.fi\/tapiola\/wp-content\/uploads\/sites\/5\/2022\/07\/kuva-51-scaled.jpg?resize=2048%2C1365&amp;ssl=1 2048w, https:\/\/i0.wp.com\/www.sastamalankylat.fi\/tapiola\/wp-content\/uploads\/sites\/5\/2022\/07\/kuva-51-scaled.jpg?resize=624%2C416&amp;ssl=1 624w, https:\/\/i0.wp.com\/www.sastamalankylat.fi\/tapiola\/wp-content\/uploads\/sites\/5\/2022\/07\/kuva-51-scaled.jpg?w=1250 1250w, https:\/\/i0.wp.com\/www.sastamalankylat.fi\/tapiola\/wp-content\/uploads\/sites\/5\/2022\/07\/kuva-51-scaled.jpg?w=1875 1875w\" sizes=\"auto, (max-width: 579px) 100vw, 579px\" \/><\/a><\/div>\n<div><\/div>\n<div><span style=\"font-family: Segoe Print; font-size: small;\"><b>Mutta sevverra Timo sent\u00e4s pliitas t\u00e4t\u00e4 liika \u201dherranpelkoseks\u201d opetettua kansaa, ett\u00e4 muistutti, ettei se sunkan tarkota, jos joku palio \u00e4\u00e4ni\u00e4 saa, oli ses step pualuet taikka ehrokas, ett\u00e4 se oikeesa olis. Seh\u00e4m meinaa vaa sit\u00e4, ett\u00e4 sen kolportt\u00f6\u00f6rit o onnistunnu omasa teht\u00e4v\u00e4s\u00e4ns\u00e4 parhaite.<\/b><\/span><span style=\"font-family: Segoe Print; font-size: small;\"><b><br \/>\n<\/b><\/span><\/div>\n<div><span style=\"font-family: Segoe Print; font-size: small;\"><b>Puhheensap puhuttuansat Timo siirty sujuvasti paikalla olleen porukaj joukkoo, eik\u00e4 siit\u00e4 jutusta n\u00e4ytt\u00e4nnys stenk\u00e4n puutetta tulevan.<\/b><\/span><span style=\"font-family: Segoe Print; font-size: small;\"><b><br \/>\n<\/b><\/span><\/div>\n<div><\/div>\n<div><\/div>\n<div><a href=\"https:\/\/i0.wp.com\/www.sastamalankylat.fi\/tapiola\/wp-content\/uploads\/sites\/5\/2022\/07\/kuva-61-scaled.jpg\"><img data-recalc-dims=\"1\" loading=\"lazy\" decoding=\"async\" data-attachment-id=\"1286\" data-permalink=\"https:\/\/www.sastamalankylat.fi\/tapiola\/2022\/07\/28\/ruislinnun-laulu-korvissani-tahkapaitten-paalla-taysikuu\/kuva-61\/\" data-orig-file=\"https:\/\/i0.wp.com\/www.sastamalankylat.fi\/tapiola\/wp-content\/uploads\/sites\/5\/2022\/07\/kuva-61-scaled.jpg?fit=2560%2C1707&amp;ssl=1\" data-orig-size=\"2560,1707\" data-comments-opened=\"0\" data-image-meta=\"{&quot;aperture&quot;:&quot;9&quot;,&quot;credit&quot;:&quot;&quot;,&quot;camera&quot;:&quot;Canon EOS 20D&quot;,&quot;caption&quot;:&quot;&quot;,&quot;created_timestamp&quot;:&quot;1658521534&quot;,&quot;copyright&quot;:&quot;&quot;,&quot;focal_length&quot;:&quot;79&quot;,&quot;iso&quot;:&quot;400&quot;,&quot;shutter_speed&quot;:&quot;0.004&quot;,&quot;title&quot;:&quot;&quot;,&quot;orientation&quot;:&quot;1&quot;}\" data-image-title=\"Kuva 6(1)\" data-image-description=\"\" data-image-caption=\"\" data-large-file=\"https:\/\/i0.wp.com\/www.sastamalankylat.fi\/tapiola\/wp-content\/uploads\/sites\/5\/2022\/07\/kuva-61-scaled.jpg?fit=625%2C417&amp;ssl=1\" class=\"alignnone wp-image-1286\" src=\"https:\/\/i0.wp.com\/www.sastamalankylat.fi\/tapiola\/wp-content\/uploads\/sites\/5\/2022\/07\/kuva-61.jpg?resize=579%2C387\" alt=\"\" width=\"579\" height=\"387\" srcset=\"https:\/\/i0.wp.com\/www.sastamalankylat.fi\/tapiola\/wp-content\/uploads\/sites\/5\/2022\/07\/kuva-61-scaled.jpg?resize=1024%2C683&amp;ssl=1 1024w, https:\/\/i0.wp.com\/www.sastamalankylat.fi\/tapiola\/wp-content\/uploads\/sites\/5\/2022\/07\/kuva-61-scaled.jpg?resize=300%2C200&amp;ssl=1 300w, https:\/\/i0.wp.com\/www.sastamalankylat.fi\/tapiola\/wp-content\/uploads\/sites\/5\/2022\/07\/kuva-61-scaled.jpg?resize=768%2C512&amp;ssl=1 768w, https:\/\/i0.wp.com\/www.sastamalankylat.fi\/tapiola\/wp-content\/uploads\/sites\/5\/2022\/07\/kuva-61-scaled.jpg?resize=1536%2C1024&amp;ssl=1 1536w, https:\/\/i0.wp.com\/www.sastamalankylat.fi\/tapiola\/wp-content\/uploads\/sites\/5\/2022\/07\/kuva-61-scaled.jpg?resize=2048%2C1365&amp;ssl=1 2048w, https:\/\/i0.wp.com\/www.sastamalankylat.fi\/tapiola\/wp-content\/uploads\/sites\/5\/2022\/07\/kuva-61-scaled.jpg?resize=624%2C416&amp;ssl=1 624w, https:\/\/i0.wp.com\/www.sastamalankylat.fi\/tapiola\/wp-content\/uploads\/sites\/5\/2022\/07\/kuva-61-scaled.jpg?w=1250 1250w, https:\/\/i0.wp.com\/www.sastamalankylat.fi\/tapiola\/wp-content\/uploads\/sites\/5\/2022\/07\/kuva-61-scaled.jpg?w=1875 1875w\" sizes=\"auto, (max-width: 579px) 100vw, 579px\" \/><\/a><\/div>\n<div><\/div>\n<div><span style=\"font-family: Segoe Print; font-size: small;\"><b>Siin\u00e4 viimestep paikallaoleviej joukosa stel l\u00e4hti Timokij ja eik\u00e4 ste ihat tyhjik k\u00e4ssil l\u00e4htennykk\u00e4n.<\/b><\/span><span style=\"font-family: Segoe Print; font-size: small;\"><b><br \/>\n<\/b><\/span><\/div>\n<div><\/div>\n<div><\/div>\n<div><a href=\"https:\/\/i0.wp.com\/www.sastamalankylat.fi\/tapiola\/wp-content\/uploads\/sites\/5\/2022\/07\/kuva-71-scaled.jpg\"><img data-recalc-dims=\"1\" loading=\"lazy\" decoding=\"async\" data-attachment-id=\"1287\" data-permalink=\"https:\/\/www.sastamalankylat.fi\/tapiola\/2022\/07\/28\/ruislinnun-laulu-korvissani-tahkapaitten-paalla-taysikuu\/kuva-71\/\" data-orig-file=\"https:\/\/i0.wp.com\/www.sastamalankylat.fi\/tapiola\/wp-content\/uploads\/sites\/5\/2022\/07\/kuva-71-scaled.jpg?fit=2560%2C1707&amp;ssl=1\" data-orig-size=\"2560,1707\" data-comments-opened=\"0\" data-image-meta=\"{&quot;aperture&quot;:&quot;7.1&quot;,&quot;credit&quot;:&quot;&quot;,&quot;camera&quot;:&quot;Canon EOS 20D&quot;,&quot;caption&quot;:&quot;&quot;,&quot;created_timestamp&quot;:&quot;1658527959&quot;,&quot;copyright&quot;:&quot;&quot;,&quot;focal_length&quot;:&quot;48&quot;,&quot;iso&quot;:&quot;400&quot;,&quot;shutter_speed&quot;:&quot;0.01&quot;,&quot;title&quot;:&quot;&quot;,&quot;orientation&quot;:&quot;1&quot;}\" data-image-title=\"Kuva 7(1)\" data-image-description=\"\" data-image-caption=\"\" data-large-file=\"https:\/\/i0.wp.com\/www.sastamalankylat.fi\/tapiola\/wp-content\/uploads\/sites\/5\/2022\/07\/kuva-71-scaled.jpg?fit=625%2C417&amp;ssl=1\" class=\"alignnone wp-image-1287\" src=\"https:\/\/i0.wp.com\/www.sastamalankylat.fi\/tapiola\/wp-content\/uploads\/sites\/5\/2022\/07\/kuva-71.jpg?resize=579%2C387\" alt=\"\" width=\"579\" height=\"387\" srcset=\"https:\/\/i0.wp.com\/www.sastamalankylat.fi\/tapiola\/wp-content\/uploads\/sites\/5\/2022\/07\/kuva-71-scaled.jpg?resize=1024%2C683&amp;ssl=1 1024w, https:\/\/i0.wp.com\/www.sastamalankylat.fi\/tapiola\/wp-content\/uploads\/sites\/5\/2022\/07\/kuva-71-scaled.jpg?resize=300%2C200&amp;ssl=1 300w, https:\/\/i0.wp.com\/www.sastamalankylat.fi\/tapiola\/wp-content\/uploads\/sites\/5\/2022\/07\/kuva-71-scaled.jpg?resize=768%2C512&amp;ssl=1 768w, https:\/\/i0.wp.com\/www.sastamalankylat.fi\/tapiola\/wp-content\/uploads\/sites\/5\/2022\/07\/kuva-71-scaled.jpg?resize=1536%2C1024&amp;ssl=1 1536w, https:\/\/i0.wp.com\/www.sastamalankylat.fi\/tapiola\/wp-content\/uploads\/sites\/5\/2022\/07\/kuva-71-scaled.jpg?resize=2048%2C1365&amp;ssl=1 2048w, https:\/\/i0.wp.com\/www.sastamalankylat.fi\/tapiola\/wp-content\/uploads\/sites\/5\/2022\/07\/kuva-71-scaled.jpg?resize=624%2C416&amp;ssl=1 624w, https:\/\/i0.wp.com\/www.sastamalankylat.fi\/tapiola\/wp-content\/uploads\/sites\/5\/2022\/07\/kuva-71-scaled.jpg?w=1250 1250w, https:\/\/i0.wp.com\/www.sastamalankylat.fi\/tapiola\/wp-content\/uploads\/sites\/5\/2022\/07\/kuva-71-scaled.jpg?w=1875 1875w\" sizes=\"auto, (max-width: 579px) 100vw, 579px\" \/><\/a><\/div>\n<div><\/div>\n<div><span style=\"font-family: Segoe Print; font-size: small;\"><b>Ja ninkun jo Napoleonni aikanansa totes, ett\u00e4 armeija marssii mahallansa, nin tuntuu marssivan t\u00e4\u00e4 yhristyski.<\/b><\/span><span style=\"font-family: Segoe Print; font-size: small;\"><b><br \/>\n<\/b><\/span><\/div>\n<div><span style=\"font-family: Segoe Print; font-size: small;\"><b>Hannu oli siirtynny makkarakrillin vi\u00e4reast\u00e4 yhreks letunpaistoryhm\u00e4n j\u00e4seneks ja Heimo taas ahkeroi krillin takana. Kummallakip pisteell\u00e4 k\u00e4vi koko ehtoos stes semmonek kuhina, ett\u00e4 ei tarvinnuk kenenk\u00e4n heitist\u00e4 tumput suarina seist\u00e4p p\u00f6k\u00f6tt\u00e4\u00e4.<\/b><\/span><span style=\"font-family: Segoe Print; font-size: small;\"><b><br \/>\n<\/b><\/span><\/div>\n<div><\/div>\n<div><\/div>\n<div><a href=\"https:\/\/i0.wp.com\/www.sastamalankylat.fi\/tapiola\/wp-content\/uploads\/sites\/5\/2022\/07\/kuva-8-scaled.jpg\"><img data-recalc-dims=\"1\" loading=\"lazy\" decoding=\"async\" data-attachment-id=\"1288\" data-permalink=\"https:\/\/www.sastamalankylat.fi\/tapiola\/2022\/07\/28\/ruislinnun-laulu-korvissani-tahkapaitten-paalla-taysikuu\/kuva-8\/\" data-orig-file=\"https:\/\/i0.wp.com\/www.sastamalankylat.fi\/tapiola\/wp-content\/uploads\/sites\/5\/2022\/07\/kuva-8-scaled.jpg?fit=2560%2C1707&amp;ssl=1\" data-orig-size=\"2560,1707\" data-comments-opened=\"0\" data-image-meta=\"{&quot;aperture&quot;:&quot;9&quot;,&quot;credit&quot;:&quot;&quot;,&quot;camera&quot;:&quot;Canon EOS 20D&quot;,&quot;caption&quot;:&quot;&quot;,&quot;created_timestamp&quot;:&quot;1658517977&quot;,&quot;copyright&quot;:&quot;&quot;,&quot;focal_length&quot;:&quot;18&quot;,&quot;iso&quot;:&quot;400&quot;,&quot;shutter_speed&quot;:&quot;0.005&quot;,&quot;title&quot;:&quot;&quot;,&quot;orientation&quot;:&quot;1&quot;}\" data-image-title=\"Kuva 8\" data-image-description=\"\" data-image-caption=\"\" data-large-file=\"https:\/\/i0.wp.com\/www.sastamalankylat.fi\/tapiola\/wp-content\/uploads\/sites\/5\/2022\/07\/kuva-8-scaled.jpg?fit=625%2C417&amp;ssl=1\" class=\"alignnone wp-image-1288\" src=\"https:\/\/i0.wp.com\/www.sastamalankylat.fi\/tapiola\/wp-content\/uploads\/sites\/5\/2022\/07\/kuva-8.jpg?resize=579%2C387\" alt=\"\" width=\"579\" height=\"387\" srcset=\"https:\/\/i0.wp.com\/www.sastamalankylat.fi\/tapiola\/wp-content\/uploads\/sites\/5\/2022\/07\/kuva-8-scaled.jpg?resize=1024%2C683&amp;ssl=1 1024w, https:\/\/i0.wp.com\/www.sastamalankylat.fi\/tapiola\/wp-content\/uploads\/sites\/5\/2022\/07\/kuva-8-scaled.jpg?resize=300%2C200&amp;ssl=1 300w, https:\/\/i0.wp.com\/www.sastamalankylat.fi\/tapiola\/wp-content\/uploads\/sites\/5\/2022\/07\/kuva-8-scaled.jpg?resize=768%2C512&amp;ssl=1 768w, https:\/\/i0.wp.com\/www.sastamalankylat.fi\/tapiola\/wp-content\/uploads\/sites\/5\/2022\/07\/kuva-8-scaled.jpg?resize=1536%2C1024&amp;ssl=1 1536w, https:\/\/i0.wp.com\/www.sastamalankylat.fi\/tapiola\/wp-content\/uploads\/sites\/5\/2022\/07\/kuva-8-scaled.jpg?resize=2048%2C1365&amp;ssl=1 2048w, https:\/\/i0.wp.com\/www.sastamalankylat.fi\/tapiola\/wp-content\/uploads\/sites\/5\/2022\/07\/kuva-8-scaled.jpg?resize=624%2C416&amp;ssl=1 624w, https:\/\/i0.wp.com\/www.sastamalankylat.fi\/tapiola\/wp-content\/uploads\/sites\/5\/2022\/07\/kuva-8-scaled.jpg?w=1250 1250w, https:\/\/i0.wp.com\/www.sastamalankylat.fi\/tapiola\/wp-content\/uploads\/sites\/5\/2022\/07\/kuva-8-scaled.jpg?w=1875 1875w\" sizes=\"auto, (max-width: 579px) 100vw, 579px\" \/><\/a><\/div>\n<div><\/div>\n<div><a href=\"https:\/\/i0.wp.com\/www.sastamalankylat.fi\/tapiola\/wp-content\/uploads\/sites\/5\/2022\/07\/kuva-9-scaled.jpg\"><img data-recalc-dims=\"1\" loading=\"lazy\" decoding=\"async\" data-attachment-id=\"1289\" data-permalink=\"https:\/\/www.sastamalankylat.fi\/tapiola\/2022\/07\/28\/ruislinnun-laulu-korvissani-tahkapaitten-paalla-taysikuu\/kuva-9\/\" data-orig-file=\"https:\/\/i0.wp.com\/www.sastamalankylat.fi\/tapiola\/wp-content\/uploads\/sites\/5\/2022\/07\/kuva-9-scaled.jpg?fit=2560%2C1707&amp;ssl=1\" data-orig-size=\"2560,1707\" data-comments-opened=\"0\" data-image-meta=\"{&quot;aperture&quot;:&quot;8&quot;,&quot;credit&quot;:&quot;&quot;,&quot;camera&quot;:&quot;Canon EOS 20D&quot;,&quot;caption&quot;:&quot;&quot;,&quot;created_timestamp&quot;:&quot;1658524122&quot;,&quot;copyright&quot;:&quot;&quot;,&quot;focal_length&quot;:&quot;75&quot;,&quot;iso&quot;:&quot;400&quot;,&quot;shutter_speed&quot;:&quot;0.005&quot;,&quot;title&quot;:&quot;&quot;,&quot;orientation&quot;:&quot;1&quot;}\" data-image-title=\"Kuva 9\" data-image-description=\"\" data-image-caption=\"\" data-large-file=\"https:\/\/i0.wp.com\/www.sastamalankylat.fi\/tapiola\/wp-content\/uploads\/sites\/5\/2022\/07\/kuva-9-scaled.jpg?fit=625%2C417&amp;ssl=1\" class=\"alignnone wp-image-1289\" src=\"https:\/\/i0.wp.com\/www.sastamalankylat.fi\/tapiola\/wp-content\/uploads\/sites\/5\/2022\/07\/kuva-9.jpg?resize=579%2C387\" alt=\"\" width=\"579\" height=\"387\" srcset=\"https:\/\/i0.wp.com\/www.sastamalankylat.fi\/tapiola\/wp-content\/uploads\/sites\/5\/2022\/07\/kuva-9-scaled.jpg?resize=1024%2C683&amp;ssl=1 1024w, https:\/\/i0.wp.com\/www.sastamalankylat.fi\/tapiola\/wp-content\/uploads\/sites\/5\/2022\/07\/kuva-9-scaled.jpg?resize=300%2C200&amp;ssl=1 300w, https:\/\/i0.wp.com\/www.sastamalankylat.fi\/tapiola\/wp-content\/uploads\/sites\/5\/2022\/07\/kuva-9-scaled.jpg?resize=768%2C512&amp;ssl=1 768w, https:\/\/i0.wp.com\/www.sastamalankylat.fi\/tapiola\/wp-content\/uploads\/sites\/5\/2022\/07\/kuva-9-scaled.jpg?resize=1536%2C1024&amp;ssl=1 1536w, https:\/\/i0.wp.com\/www.sastamalankylat.fi\/tapiola\/wp-content\/uploads\/sites\/5\/2022\/07\/kuva-9-scaled.jpg?resize=2048%2C1365&amp;ssl=1 2048w, https:\/\/i0.wp.com\/www.sastamalankylat.fi\/tapiola\/wp-content\/uploads\/sites\/5\/2022\/07\/kuva-9-scaled.jpg?resize=624%2C416&amp;ssl=1 624w, https:\/\/i0.wp.com\/www.sastamalankylat.fi\/tapiola\/wp-content\/uploads\/sites\/5\/2022\/07\/kuva-9-scaled.jpg?w=1250 1250w, https:\/\/i0.wp.com\/www.sastamalankylat.fi\/tapiola\/wp-content\/uploads\/sites\/5\/2022\/07\/kuva-9-scaled.jpg?w=1875 1875w\" sizes=\"auto, (max-width: 579px) 100vw, 579px\" \/><\/a><\/div>\n<div><\/div>\n<div><span style=\"font-family: Segoe Print; font-size: small;\"><b>Kummallekir ryhm\u00e4lle t\u00e4ys tunnustus siitt\u00e4, ett\u00e4 jaksovat heilua tuntikausia siin\u00e4 kuumuuresa.<\/b><\/span><span style=\"font-family: Segoe Print; font-size: small;\"><b><br \/>\n<\/b><\/span><\/div>\n<div><span style=\"font-family: Segoe Print; font-size: small;\"><b>Siin\u00e4 ehtoommittaap pirettiim my\u00e4ski arpajaiset, jota varte t\u00e4h\u00e4astisisa tillaisuuksisa oli myyty arpoja.<\/b><\/span><span style=\"font-family: Segoe Print; font-size: small;\"><b><br \/>\n<\/b><\/span><\/div>\n<div><\/div>\n<div><\/div>\n<div><a href=\"https:\/\/i0.wp.com\/www.sastamalankylat.fi\/tapiola\/wp-content\/uploads\/sites\/5\/2022\/07\/kuva-10-scaled.jpg\"><img data-recalc-dims=\"1\" loading=\"lazy\" decoding=\"async\" data-attachment-id=\"1290\" data-permalink=\"https:\/\/www.sastamalankylat.fi\/tapiola\/2022\/07\/28\/ruislinnun-laulu-korvissani-tahkapaitten-paalla-taysikuu\/kuva-10\/\" data-orig-file=\"https:\/\/i0.wp.com\/www.sastamalankylat.fi\/tapiola\/wp-content\/uploads\/sites\/5\/2022\/07\/kuva-10-scaled.jpg?fit=2560%2C1707&amp;ssl=1\" data-orig-size=\"2560,1707\" data-comments-opened=\"0\" data-image-meta=\"{&quot;aperture&quot;:&quot;11&quot;,&quot;credit&quot;:&quot;&quot;,&quot;camera&quot;:&quot;Canon EOS 20D&quot;,&quot;caption&quot;:&quot;&quot;,&quot;created_timestamp&quot;:&quot;1658523400&quot;,&quot;copyright&quot;:&quot;&quot;,&quot;focal_length&quot;:&quot;44&quot;,&quot;iso&quot;:&quot;400&quot;,&quot;shutter_speed&quot;:&quot;0.003125&quot;,&quot;title&quot;:&quot;&quot;,&quot;orientation&quot;:&quot;1&quot;}\" data-image-title=\"Kuva 10\" data-image-description=\"\" data-image-caption=\"\" data-large-file=\"https:\/\/i0.wp.com\/www.sastamalankylat.fi\/tapiola\/wp-content\/uploads\/sites\/5\/2022\/07\/kuva-10-scaled.jpg?fit=625%2C417&amp;ssl=1\" class=\"alignnone wp-image-1290\" src=\"https:\/\/i0.wp.com\/www.sastamalankylat.fi\/tapiola\/wp-content\/uploads\/sites\/5\/2022\/07\/kuva-10.jpg?resize=580%2C387\" alt=\"\" width=\"580\" height=\"387\" srcset=\"https:\/\/i0.wp.com\/www.sastamalankylat.fi\/tapiola\/wp-content\/uploads\/sites\/5\/2022\/07\/kuva-10-scaled.jpg?resize=1024%2C683&amp;ssl=1 1024w, https:\/\/i0.wp.com\/www.sastamalankylat.fi\/tapiola\/wp-content\/uploads\/sites\/5\/2022\/07\/kuva-10-scaled.jpg?resize=300%2C200&amp;ssl=1 300w, https:\/\/i0.wp.com\/www.sastamalankylat.fi\/tapiola\/wp-content\/uploads\/sites\/5\/2022\/07\/kuva-10-scaled.jpg?resize=768%2C512&amp;ssl=1 768w, https:\/\/i0.wp.com\/www.sastamalankylat.fi\/tapiola\/wp-content\/uploads\/sites\/5\/2022\/07\/kuva-10-scaled.jpg?resize=1536%2C1024&amp;ssl=1 1536w, https:\/\/i0.wp.com\/www.sastamalankylat.fi\/tapiola\/wp-content\/uploads\/sites\/5\/2022\/07\/kuva-10-scaled.jpg?resize=2048%2C1365&amp;ssl=1 2048w, https:\/\/i0.wp.com\/www.sastamalankylat.fi\/tapiola\/wp-content\/uploads\/sites\/5\/2022\/07\/kuva-10-scaled.jpg?resize=624%2C416&amp;ssl=1 624w, https:\/\/i0.wp.com\/www.sastamalankylat.fi\/tapiola\/wp-content\/uploads\/sites\/5\/2022\/07\/kuva-10-scaled.jpg?w=1250 1250w, https:\/\/i0.wp.com\/www.sastamalankylat.fi\/tapiola\/wp-content\/uploads\/sites\/5\/2022\/07\/kuva-10-scaled.jpg?w=1875 1875w\" sizes=\"auto, (max-width: 580px) 100vw, 580px\" \/><\/a><\/div>\n<div><\/div>\n<div><span style=\"font-family: Segoe Print; font-size: small;\"><b>P\u00e4\u00e4palkintonna oli voileip\u00e4kakku, jonka kuittas nimmins\u00e4 Vinskan Aulis.<\/b><\/span><span style=\"font-family: Segoe Print; font-size: small;\"><b><br \/>\n<\/b><\/span><\/div>\n<div><span style=\"font-family: Segoe Print; font-size: small;\"><b>Mutta ninkun isosakik kirjasa toretaa, kaikella o aikansa aurinko alla. Ja nin st\u00e4s stel loppu t\u00e4\u00e4ki ehtoopuhre v\u00e4jev v\u00e4hitellp poistuesa paikalta.<\/b><\/span><span style=\"font-family: Segoe Print; font-size: small;\"><b><br \/>\n<\/b><\/span><\/div>\n<div><span style=\"font-family: Segoe Print; font-size: small;\"><b>Mutta yht\u00e4 varmaa, ko ett\u00e4 Vesterpakamm\u00e4ki taas kerrah hiljeni, o se, ett\u00e4 jokkainel l\u00e4hti t\u00e4\u00e4lt\u00e4 sen yhren einee, yhrem muistov verrar rikkaampana, mit\u00e4 tullu oli.<\/b><\/span><\/div>\n<div><\/div>\n<div><em>Veikko Kurki<\/em><\/div>\n<div><\/div>\n<!-- AddThis Advanced Settings generic via filter on the_content --><!-- AddThis Share Buttons generic via filter on the_content -->","protected":false},"excerpt":{"rendered":"<p>Ninh\u00e4n se taas olikit toi perjantaehtoo ja kyl\u00e4kahvilan tianoilla tavallistaki tiiviim\u00e4nolone kuhina. T\u00e4nn\u00e4\u00e4n juhlistettas yhristykse kahrenkymene aastajjaan t\u00e4yttymyst\u00e4. V\u00e4kkee oli kokkoontunu oikeen ste reirustikki enemm\u00e4 ko mit\u00e4 oli n\u00e4kkeen totuttu. Si\u00e4he ei varmastikkan ollup pi\u00e4ninp\u00e4n\u00e4 syyn\u00e4 se, ett\u00e4 Soinin Timo oli luppautunnu pitt\u00e4\u00e4n julapuhheen Kyl\u00e4nv\u00e4jelle ja enemmuuta t\u00e4lle juur ste aikusenikk\u00e4\u00e4n ehtinelle yhristykselle. Mutta ninkun [&hellip;]<!-- AddThis Advanced Settings generic via filter on wp_trim_excerpt --><!-- AddThis Share Buttons generic via filter on wp_trim_excerpt --><\/p>\n","protected":false},"author":3,"featured_media":0,"comment_status":"closed","ping_status":"open","sticky":false,"template":"","format":"standard","meta":{"jetpack_post_was_ever_published":false,"_jetpack_newsletter_access":"","_jetpack_dont_email_post_to_subs":false,"_jetpack_newsletter_tier_id":0,"_jetpack_memberships_contains_paywalled_content":false,"_jetpack_memberships_contains_paid_content":false,"footnotes":"","jetpack_publicize_message":"","jetpack_publicize_feature_enabled":true,"jetpack_social_post_already_shared":true,"jetpack_social_options":{"image_generator_settings":{"template":"highway","default_image_id":0,"font":"","enabled":false},"version":2}},"categories":[1],"tags":[],"class_list":["post-1280","post","type-post","status-publish","format-standard","hentry","category-yleinen"],"aioseo_notices":[],"jetpack_publicize_connections":[],"jetpack_featured_media_url":"","jetpack_likes_enabled":true,"jetpack_sharing_enabled":true,"jetpack_shortlink":"https:\/\/wp.me\/p3DPvf-kE","_links":{"self":[{"href":"https:\/\/www.sastamalankylat.fi\/tapiola\/wp-json\/wp\/v2\/posts\/1280","targetHints":{"allow":["GET"]}}],"collection":[{"href":"https:\/\/www.sastamalankylat.fi\/tapiola\/wp-json\/wp\/v2\/posts"}],"about":[{"href":"https:\/\/www.sastamalankylat.fi\/tapiola\/wp-json\/wp\/v2\/types\/post"}],"author":[{"embeddable":true,"href":"https:\/\/www.sastamalankylat.fi\/tapiola\/wp-json\/wp\/v2\/users\/3"}],"replies":[{"embeddable":true,"href":"https:\/\/www.sastamalankylat.fi\/tapiola\/wp-json\/wp\/v2\/comments?post=1280"}],"version-history":[{"count":4,"href":"https:\/\/www.sastamalankylat.fi\/tapiola\/wp-json\/wp\/v2\/posts\/1280\/revisions"}],"predecessor-version":[{"id":1308,"href":"https:\/\/www.sastamalankylat.fi\/tapiola\/wp-json\/wp\/v2\/posts\/1280\/revisions\/1308"}],"wp:attachment":[{"href":"https:\/\/www.sastamalankylat.fi\/tapiola\/wp-json\/wp\/v2\/media?parent=1280"}],"wp:term":[{"taxonomy":"category","embeddable":true,"href":"https:\/\/www.sastamalankylat.fi\/tapiola\/wp-json\/wp\/v2\/categories?post=1280"},{"taxonomy":"post_tag","embeddable":true,"href":"https:\/\/www.sastamalankylat.fi\/tapiola\/wp-json\/wp\/v2\/tags?post=1280"}],"curies":[{"name":"wp","href":"https:\/\/api.w.org\/{rel}","templated":true}]}}