{"id":1087,"date":"2019-02-28T12:22:42","date_gmt":"2019-02-28T10:22:42","guid":{"rendered":"http:\/\/www.sastamalankylat.fi\/tapiola\/?p=1087"},"modified":"2019-02-28T12:22:49","modified_gmt":"2019-02-28T10:22:49","slug":"tapiolassa-tapahtuu-talvella-2019","status":"publish","type":"post","link":"https:\/\/www.sastamalankylat.fi\/tapiola\/2019\/02\/28\/tapiolassa-tapahtuu-talvella-2019\/","title":{"rendered":"Tapiolan talven ja kev\u00e4\u00e4n tapahtumat 2019"},"content":{"rendered":"\n<p><strong>Hyv\u00e4\u00e4 vuotta 2019 kaikille kyl\u00e4l\u00e4isille! Tapiolan kyl\u00e4yhdistyksen toiminta on jo vuosia ollut aktiivista, emmek\u00e4 rukkasia ole ly\u00f6m\u00e4ss\u00e4 santaan t\u00e4n\u00e4k\u00e4\u00e4n vuonna. Luvassa on vuoden mittaan jos jonkinlaista ohjelmaa ja tapahtumaa, joista infotaan kyl\u00e4tiedotteilla, seurapalstalla, kotisivuilla sek\u00e4 sosiaalisen median kanavissa. Tervetuloa mukaan mukavaan menoon!<\/strong><\/p>\n\n\n\n<p class=\"has-text-color has-medium-font-size has-blue-color\"><strong>Su 3.3. TALVIRIEHA\nlaavulla<\/strong><\/p>\n\n\n\n<p>Tapiolan kyl\u00e4yhdistys j\u00e4rjest\u00e4\u00e4 TALVIRIEHAN Ylistenj\u00e4rven laavulla sunnuntaina 3.3. klo 14 alkaen. Ohjelmassa on <strong>ukonvetokilpailu <\/strong>(s\u00e4\u00e4varaus); muista oma kisapulkkasi mukaan! Tarjolla kahvia ja makkaraa.<\/p>\n\n\n\n<p class=\"has-text-color has-medium-font-size has-blue-color\"><strong>Ke 13.3.\nKyl\u00e4yhdistyksen VUOSIKOKOUS Kuukalla<\/strong><\/p>\n\n\n\n<p>Keskiviikkona 13.3. klo 18 on Tapiolan\nkyl\u00e4yhdistys ry:n vuosikokous Kuukan Seijalla (Punkalaitumentie 683).\nK\u00e4sitell\u00e4\u00e4n s\u00e4\u00e4nt\u00f6m\u00e4\u00e4r\u00e4iset asiat. Kahvetta tarjolla. Tervetuloa!<\/p>\n\n\n\n<p class=\"has-text-color has-medium-font-size has-blue-color\"><strong>La 11.5. YMP\u00c4RIST\u00d6TALKOOT\nlaavulla<\/strong><\/p>\n\n\n\n<p>Perinteiset Ylistenj\u00e4rven laavun ymp\u00e4rist\u00f6n\nkunnostustalkoot lauantaina 11.5. klo 13 alkaen. Tuttuun tapaan tarjolla\nmakkaraa ja kahvia. Kaikki mukaan!<\/p>\n\n\n\n<p class=\"has-text-color has-medium-font-size has-blue-color\"><strong>La 18.5. POP\nUP -ravintola M\u00e4ki-Laurilassa<\/strong><\/p>\n\n\n\n<p>Pop up -ravintolassa\ntarjolla Wassana Kaihlam\u00e4en Thai-ruokaa ja Anneli M\u00e4ki-Laurilan kahvilaherkkuja\nlauantaina 18.5. klo 12-16 osoitteessa Punkalaitumentie 380. Sy\u00f6 paikan p\u00e4\u00e4ll\u00e4\ntai osta kotiisi! K\u00e4teismaksu!<\/p>\n\n\n\n<p class=\"has-text-color has-medium-font-size has-blue-color\"><strong>La 8.6. AVOIMET KYL\u00c4T -p\u00e4iv\u00e4 Tapiolan kent\u00e4ll\u00e4<\/strong><\/p>\n\n\n\n<p>Valtakunnallisena Avoimet Kyl\u00e4t -p\u00e4iv\u00e4n\u00e4 lauantaina 8.6. klo 14-18 kokoonnutaan Tapiolan kent\u00e4ll\u00e4. Nyt ei olla pakohuoneessa, vaan pakokopissa! Selviytymisaikaa 15 minuuttia \u2013 tule ja testaa! Luvassa my\u00f6s makkaratarjoilu sek\u00e4 lasten puuharata. L\u00e4mpim\u00e4sti tervetuloa! Lis\u00e4tietoja muista Avoimet Kyl\u00e4t -kohteista kev\u00e4\u00e4n mittaan: <a rel=\"noreferrer noopener\" aria-label=\"http:\/\/avoimetkylat.fi\/ (opens in a new tab)\" href=\"http:\/\/avoimetkylat.fi\/\" target=\"_blank\">http:\/\/avoimetkylat.fi\/<\/a><\/p>\n\n\n\n<figure class=\"wp-block-image is-resized\"><img loading=\"lazy\" decoding=\"async\" data-attachment-id=\"1092\" data-permalink=\"https:\/\/www.sastamalankylat.fi\/tapiola\/2019\/02\/28\/tapiolassa-tapahtuu-talvella-2019\/ak_pvm_pyorea\/\" data-orig-file=\"https:\/\/i0.wp.com\/www.sastamalankylat.fi\/tapiola\/wp-content\/uploads\/sites\/5\/2019\/02\/ak_pvm_pyorea.png?fit=2000%2C2000&amp;ssl=1\" data-orig-size=\"2000,2000\" data-comments-opened=\"0\" data-image-meta=\"{&quot;aperture&quot;:&quot;0&quot;,&quot;credit&quot;:&quot;&quot;,&quot;camera&quot;:&quot;&quot;,&quot;caption&quot;:&quot;&quot;,&quot;created_timestamp&quot;:&quot;0&quot;,&quot;copyright&quot;:&quot;&quot;,&quot;focal_length&quot;:&quot;0&quot;,&quot;iso&quot;:&quot;0&quot;,&quot;shutter_speed&quot;:&quot;0&quot;,&quot;title&quot;:&quot;&quot;,&quot;orientation&quot;:&quot;0&quot;}\" data-image-title=\"AK_pvm_py\u00f6re\u00e4\" data-image-description=\"\" data-image-caption=\"\" data-large-file=\"https:\/\/i0.wp.com\/www.sastamalankylat.fi\/tapiola\/wp-content\/uploads\/sites\/5\/2019\/02\/ak_pvm_pyorea.png?fit=625%2C625&amp;ssl=1\" src=\"https:\/\/i2.wp.com\/www.sastamalankylat.fi\/tapiola\/wp-content\/uploads\/sites\/5\/2019\/02\/ak_pvm_pyorea.png?fit=625%2C625\" alt=\"\" class=\"wp-image-1092\" width=\"388\" height=\"388\" srcset=\"https:\/\/i0.wp.com\/www.sastamalankylat.fi\/tapiola\/wp-content\/uploads\/sites\/5\/2019\/02\/ak_pvm_pyorea.png?w=2000&amp;ssl=1 2000w, https:\/\/i0.wp.com\/www.sastamalankylat.fi\/tapiola\/wp-content\/uploads\/sites\/5\/2019\/02\/ak_pvm_pyorea.png?resize=150%2C150&amp;ssl=1 150w, https:\/\/i0.wp.com\/www.sastamalankylat.fi\/tapiola\/wp-content\/uploads\/sites\/5\/2019\/02\/ak_pvm_pyorea.png?resize=300%2C300&amp;ssl=1 300w, https:\/\/i0.wp.com\/www.sastamalankylat.fi\/tapiola\/wp-content\/uploads\/sites\/5\/2019\/02\/ak_pvm_pyorea.png?resize=768%2C768&amp;ssl=1 768w, https:\/\/i0.wp.com\/www.sastamalankylat.fi\/tapiola\/wp-content\/uploads\/sites\/5\/2019\/02\/ak_pvm_pyorea.png?resize=1024%2C1024&amp;ssl=1 1024w, https:\/\/i0.wp.com\/www.sastamalankylat.fi\/tapiola\/wp-content\/uploads\/sites\/5\/2019\/02\/ak_pvm_pyorea.png?resize=624%2C624&amp;ssl=1 624w, https:\/\/i0.wp.com\/www.sastamalankylat.fi\/tapiola\/wp-content\/uploads\/sites\/5\/2019\/02\/ak_pvm_pyorea.png?w=1250 1250w, https:\/\/i0.wp.com\/www.sastamalankylat.fi\/tapiola\/wp-content\/uploads\/sites\/5\/2019\/02\/ak_pvm_pyorea.png?w=1875 1875w\" sizes=\"auto, (max-width: 388px) 100vw, 388px\" \/><\/figure>\n<!-- AddThis Advanced Settings generic via filter on the_content --><!-- AddThis Share Buttons generic via filter on the_content -->","protected":false},"excerpt":{"rendered":"<p>Hyv\u00e4\u00e4 vuotta 2019 kaikille kyl\u00e4l\u00e4isille! Tapiolan kyl\u00e4yhdistyksen toiminta on jo vuosia ollut aktiivista, emmek\u00e4 rukkasia ole ly\u00f6m\u00e4ss\u00e4 santaan t\u00e4n\u00e4k\u00e4\u00e4n vuonna. Luvassa on vuoden mittaan jos jonkinlaista ohjelmaa ja tapahtumaa, joista infotaan kyl\u00e4tiedotteilla, seurapalstalla, kotisivuilla sek\u00e4 sosiaalisen median kanavissa. Tervetuloa mukaan mukavaan menoon! Su 3.3. TALVIRIEHA laavulla Tapiolan kyl\u00e4yhdistys j\u00e4rjest\u00e4\u00e4 TALVIRIEHAN Ylistenj\u00e4rven laavulla sunnuntaina 3.3. klo [&hellip;]<!-- AddThis Advanced Settings generic via filter on wp_trim_excerpt --><!-- AddThis Share Buttons generic via filter on wp_trim_excerpt --><\/p>\n","protected":false},"author":3,"featured_media":0,"comment_status":"closed","ping_status":"open","sticky":false,"template":"","format":"standard","meta":{"jetpack_post_was_ever_published":false,"_jetpack_newsletter_access":"","_jetpack_dont_email_post_to_subs":false,"_jetpack_newsletter_tier_id":0,"_jetpack_memberships_contains_paywalled_content":false,"_jetpack_memberships_contains_paid_content":false,"footnotes":"","jetpack_publicize_message":"","jetpack_publicize_feature_enabled":true,"jetpack_social_post_already_shared":true,"jetpack_social_options":{"image_generator_settings":{"template":"highway","default_image_id":0,"font":"","enabled":false},"version":2}},"categories":[1],"tags":[],"class_list":["post-1087","post","type-post","status-publish","format-standard","hentry","category-yleinen"],"aioseo_notices":[],"jetpack_publicize_connections":[],"jetpack_featured_media_url":"","jetpack_likes_enabled":true,"jetpack_sharing_enabled":true,"jetpack_shortlink":"https:\/\/wp.me\/p3DPvf-hx","_links":{"self":[{"href":"https:\/\/www.sastamalankylat.fi\/tapiola\/wp-json\/wp\/v2\/posts\/1087","targetHints":{"allow":["GET"]}}],"collection":[{"href":"https:\/\/www.sastamalankylat.fi\/tapiola\/wp-json\/wp\/v2\/posts"}],"about":[{"href":"https:\/\/www.sastamalankylat.fi\/tapiola\/wp-json\/wp\/v2\/types\/post"}],"author":[{"embeddable":true,"href":"https:\/\/www.sastamalankylat.fi\/tapiola\/wp-json\/wp\/v2\/users\/3"}],"replies":[{"embeddable":true,"href":"https:\/\/www.sastamalankylat.fi\/tapiola\/wp-json\/wp\/v2\/comments?post=1087"}],"version-history":[{"count":6,"href":"https:\/\/www.sastamalankylat.fi\/tapiola\/wp-json\/wp\/v2\/posts\/1087\/revisions"}],"predecessor-version":[{"id":1094,"href":"https:\/\/www.sastamalankylat.fi\/tapiola\/wp-json\/wp\/v2\/posts\/1087\/revisions\/1094"}],"wp:attachment":[{"href":"https:\/\/www.sastamalankylat.fi\/tapiola\/wp-json\/wp\/v2\/media?parent=1087"}],"wp:term":[{"taxonomy":"category","embeddable":true,"href":"https:\/\/www.sastamalankylat.fi\/tapiola\/wp-json\/wp\/v2\/categories?post=1087"},{"taxonomy":"post_tag","embeddable":true,"href":"https:\/\/www.sastamalankylat.fi\/tapiola\/wp-json\/wp\/v2\/tags?post=1087"}],"curies":[{"name":"wp","href":"https:\/\/api.w.org\/{rel}","templated":true}]}}