{"id":1038,"date":"2018-08-09T10:23:23","date_gmt":"2018-08-09T07:23:23","guid":{"rendered":"http:\/\/www.sastamalankylat.fi\/tapiola\/?p=1038"},"modified":"2018-08-09T10:23:23","modified_gmt":"2018-08-09T07:23:23","slug":"tapiola-oli-mukana-sastamalan-kylamarkkinoilla-kiikoisten-torilla-4-8-2018","status":"publish","type":"post","link":"https:\/\/www.sastamalankylat.fi\/tapiola\/2018\/08\/09\/tapiola-oli-mukana-sastamalan-kylamarkkinoilla-kiikoisten-torilla-4-8-2018\/","title":{"rendered":"Tapiola oli mukana Sastamalan Kyl\u00e4markkinoilla Kiikoisten torilla 4.8.2018"},"content":{"rendered":"<p><strong>Sastamalan Kyl\u00e4markkinoita vietettiin lauantaina 4.8.2018 Kiikoisten torilla. Tapahtumaan osallistui my\u00f6s Tapiolan kyl\u00e4yhdistys, joka j\u00e4rjesti tapahtuman makkarapuffetin. Kyl\u00e4yhdistyksell\u00e4 oli myynniss\u00e4 my\u00f6s Tapiolan Juhlalehti\u00e4 sek\u00e4 uusia kyl\u00e4n logolla varustettuja \u00e4mp\u00e4reit\u00e4. Lis\u00e4ksi Tapiolasta oli mukana B&amp;B Kommee Kurki, joka esitteli kes\u00e4n uutuuttaan <a href=\"http:\/\/www.kommeekurki.fi\/puumajoitus\/\" target=\"_blank\" rel=\"noopener\">puumajoitusta eli Tree tentti\u00e4<\/a>.<\/strong><\/p>\n<p>Kyl\u00e4markkinat j\u00e4rjestettiin nyt seitsem\u00e4tt\u00e4 kertaa ja viime vuosina paikka on aina vaihtunut. Viime vuonna kyl\u00e4t kokoontuivat Keiky\u00e4n Honkolaan ja sit\u00e4 edellisen\u00e4 vuotena Ellivuoren matkailukeskukseen. <span class=\"text_exposed_show\">T\u00e4ll\u00e4 kertaa mukana oli viitisentoista kyl\u00e4\u00e4 ja niiden p\u00e4\u00e4lle viel\u00e4 saman verran maaseutuyritt\u00e4ji\u00e4 myym\u00e4ss\u00e4 tuotteitaan tai palveluitaan.<\/span><\/p>\n<div class=\"text_exposed_show\">\n<p>Kiikoisissa s\u00e4\u00e4 suosi ja markkinoilla vieraili per\u00e4ti 1000 kylien yst\u00e4v\u00e4\u00e4. Ohjelmapuolesta vastasivat Kiikan Torvisoittokunta, Kiinteist\u00f6huolto ja Remontointi Jallu &amp; Vellu, Kiikoisten Korisevat sek\u00e4 Kiikoisten ki\u00e4likoulu. Mukana oli my\u00f6s hevosajelua ja koirien esteratan\u00e4yt\u00f6ksi\u00e4 sek\u00e4 Tyrv\u00e4\u00e4n kone- ja kulkuneuvoharrastajat menopeleineen. Tapahtuman juonsi Tapio Riutta.<\/p>\n<p>Kyl\u00e4markkinoiden j\u00e4rjestelyist\u00e4 vastasivat Sastamalan Kyl\u00e4t ry. sek\u00e4 Sastamalan kaupungin Leader-rahoitteinen seudullinen kyl\u00e4asiamieshanke.<\/p>\n\n\t\t<style type=\"text\/css\">\n\t\t\t#gallery-1 {\n\t\t\t\tmargin: auto;\n\t\t\t}\n\t\t\t#gallery-1 .gallery-item {\n\t\t\t\tfloat: left;\n\t\t\t\tmargin-top: 10px;\n\t\t\t\ttext-align: center;\n\t\t\t\twidth: 33%;\n\t\t\t}\n\t\t\t#gallery-1 img {\n\t\t\t\tborder: 2px solid #cfcfcf;\n\t\t\t}\n\t\t\t#gallery-1 .gallery-caption {\n\t\t\t\tmargin-left: 0;\n\t\t\t}\n\t\t\t\/* see gallery_shortcode() in wp-includes\/media.php *\/\n\t\t<\/style>\n\t\t<div data-carousel-extra='{&quot;blog_id&quot;:5,&quot;permalink&quot;:&quot;https:\/\/www.sastamalankylat.fi\/tapiola\/2018\/08\/09\/tapiola-oli-mukana-sastamalan-kylamarkkinoilla-kiikoisten-torilla-4-8-2018\/&quot;}' id='gallery-1' class='gallery galleryid-1038 gallery-columns-3 gallery-size-thumbnail'><dl class='gallery-item'>\n\t\t\t<dt class='gallery-icon landscape'>\n\t\t\t\t<a href='https:\/\/www.sastamalankylat.fi\/tapiola\/2018\/08\/09\/tapiola-oli-mukana-sastamalan-kylamarkkinoilla-kiikoisten-torilla-4-8-2018\/ilmakuva-iiiii\/'><img loading=\"lazy\" decoding=\"async\" width=\"150\" height=\"150\" src=\"https:\/\/i0.wp.com\/www.sastamalankylat.fi\/tapiola\/wp-content\/uploads\/sites\/5\/2018\/08\/ilmakuva-iiiii.jpg?resize=150%2C150&amp;ssl=1\" class=\"attachment-thumbnail size-thumbnail\" alt=\"\" srcset=\"https:\/\/i0.wp.com\/www.sastamalankylat.fi\/tapiola\/wp-content\/uploads\/sites\/5\/2018\/08\/ilmakuva-iiiii.jpg?resize=150%2C150&amp;ssl=1 150w, https:\/\/i0.wp.com\/www.sastamalankylat.fi\/tapiola\/wp-content\/uploads\/sites\/5\/2018\/08\/ilmakuva-iiiii.jpg?zoom=2&amp;resize=150%2C150 300w, https:\/\/i0.wp.com\/www.sastamalankylat.fi\/tapiola\/wp-content\/uploads\/sites\/5\/2018\/08\/ilmakuva-iiiii.jpg?zoom=3&amp;resize=150%2C150 450w\" sizes=\"auto, (max-width: 150px) 100vw, 150px\" data-attachment-id=\"1039\" data-permalink=\"https:\/\/www.sastamalankylat.fi\/tapiola\/2018\/08\/09\/tapiola-oli-mukana-sastamalan-kylamarkkinoilla-kiikoisten-torilla-4-8-2018\/ilmakuva-iiiii\/\" data-orig-file=\"https:\/\/i0.wp.com\/www.sastamalankylat.fi\/tapiola\/wp-content\/uploads\/sites\/5\/2018\/08\/ilmakuva-iiiii.jpg?fit=1380%2C852&amp;ssl=1\" data-orig-size=\"1380,852\" data-comments-opened=\"0\" data-image-meta=\"{&quot;aperture&quot;:&quot;0&quot;,&quot;credit&quot;:&quot;Jani Hanhij\\u00e4rvi&quot;,&quot;camera&quot;:&quot;&quot;,&quot;caption&quot;:&quot;&quot;,&quot;created_timestamp&quot;:&quot;1533511275&quot;,&quot;copyright&quot;:&quot;&quot;,&quot;focal_length&quot;:&quot;0&quot;,&quot;iso&quot;:&quot;0&quot;,&quot;shutter_speed&quot;:&quot;0&quot;,&quot;title&quot;:&quot;&quot;,&quot;orientation&quot;:&quot;0&quot;}\" data-image-title=\"Ilmakuva IIIII\" data-image-description=\"\" data-image-caption=\"\" data-large-file=\"https:\/\/i0.wp.com\/www.sastamalankylat.fi\/tapiola\/wp-content\/uploads\/sites\/5\/2018\/08\/ilmakuva-iiiii.jpg?fit=625%2C386&amp;ssl=1\" \/><\/a>\n\t\t\t<\/dt><\/dl><dl class='gallery-item'>\n\t\t\t<dt class='gallery-icon landscape'>\n\t\t\t\t<a href='https:\/\/www.sastamalankylat.fi\/tapiola\/2018\/08\/09\/tapiola-oli-mukana-sastamalan-kylamarkkinoilla-kiikoisten-torilla-4-8-2018\/img_5723\/'><img loading=\"lazy\" decoding=\"async\" width=\"150\" height=\"150\" src=\"https:\/\/i0.wp.com\/www.sastamalankylat.fi\/tapiola\/wp-content\/uploads\/sites\/5\/2018\/08\/img_5723.jpg?resize=150%2C150&amp;ssl=1\" class=\"attachment-thumbnail size-thumbnail\" alt=\"\" srcset=\"https:\/\/i0.wp.com\/www.sastamalankylat.fi\/tapiola\/wp-content\/uploads\/sites\/5\/2018\/08\/img_5723.jpg?resize=150%2C150&amp;ssl=1 150w, https:\/\/i0.wp.com\/www.sastamalankylat.fi\/tapiola\/wp-content\/uploads\/sites\/5\/2018\/08\/img_5723.jpg?zoom=2&amp;resize=150%2C150 300w, https:\/\/i0.wp.com\/www.sastamalankylat.fi\/tapiola\/wp-content\/uploads\/sites\/5\/2018\/08\/img_5723.jpg?zoom=3&amp;resize=150%2C150 450w\" sizes=\"auto, (max-width: 150px) 100vw, 150px\" data-attachment-id=\"1040\" data-permalink=\"https:\/\/www.sastamalankylat.fi\/tapiola\/2018\/08\/09\/tapiola-oli-mukana-sastamalan-kylamarkkinoilla-kiikoisten-torilla-4-8-2018\/img_5723\/\" data-orig-file=\"https:\/\/i0.wp.com\/www.sastamalankylat.fi\/tapiola\/wp-content\/uploads\/sites\/5\/2018\/08\/img_5723.jpg?fit=3456%2C2304&amp;ssl=1\" data-orig-size=\"3456,2304\" data-comments-opened=\"0\" data-image-meta=\"{&quot;aperture&quot;:&quot;8&quot;,&quot;credit&quot;:&quot;&quot;,&quot;camera&quot;:&quot;Canon EOS 550D&quot;,&quot;caption&quot;:&quot;&quot;,&quot;created_timestamp&quot;:&quot;1533397482&quot;,&quot;copyright&quot;:&quot;&quot;,&quot;focal_length&quot;:&quot;32&quot;,&quot;iso&quot;:&quot;100&quot;,&quot;shutter_speed&quot;:&quot;0.005&quot;,&quot;title&quot;:&quot;&quot;,&quot;orientation&quot;:&quot;1&quot;}\" data-image-title=\"IMG_5723\" data-image-description=\"\" data-image-caption=\"\" data-large-file=\"https:\/\/i0.wp.com\/www.sastamalankylat.fi\/tapiola\/wp-content\/uploads\/sites\/5\/2018\/08\/img_5723.jpg?fit=625%2C417&amp;ssl=1\" \/><\/a>\n\t\t\t<\/dt><\/dl><dl class='gallery-item'>\n\t\t\t<dt class='gallery-icon landscape'>\n\t\t\t\t<a href='https:\/\/www.sastamalankylat.fi\/tapiola\/2018\/08\/09\/tapiola-oli-mukana-sastamalan-kylamarkkinoilla-kiikoisten-torilla-4-8-2018\/jallu-ja-vellu\/'><img loading=\"lazy\" decoding=\"async\" width=\"150\" height=\"150\" src=\"https:\/\/i0.wp.com\/www.sastamalankylat.fi\/tapiola\/wp-content\/uploads\/sites\/5\/2018\/08\/jallu-ja-vellu.jpg?resize=150%2C150&amp;ssl=1\" class=\"attachment-thumbnail size-thumbnail\" alt=\"\" srcset=\"https:\/\/i0.wp.com\/www.sastamalankylat.fi\/tapiola\/wp-content\/uploads\/sites\/5\/2018\/08\/jallu-ja-vellu.jpg?resize=150%2C150&amp;ssl=1 150w, https:\/\/i0.wp.com\/www.sastamalankylat.fi\/tapiola\/wp-content\/uploads\/sites\/5\/2018\/08\/jallu-ja-vellu.jpg?zoom=2&amp;resize=150%2C150 300w, https:\/\/i0.wp.com\/www.sastamalankylat.fi\/tapiola\/wp-content\/uploads\/sites\/5\/2018\/08\/jallu-ja-vellu.jpg?zoom=3&amp;resize=150%2C150 450w\" sizes=\"auto, (max-width: 150px) 100vw, 150px\" data-attachment-id=\"1041\" data-permalink=\"https:\/\/www.sastamalankylat.fi\/tapiola\/2018\/08\/09\/tapiola-oli-mukana-sastamalan-kylamarkkinoilla-kiikoisten-torilla-4-8-2018\/jallu-ja-vellu\/\" data-orig-file=\"https:\/\/i0.wp.com\/www.sastamalankylat.fi\/tapiola\/wp-content\/uploads\/sites\/5\/2018\/08\/jallu-ja-vellu.jpg?fit=3456%2C2304&amp;ssl=1\" data-orig-size=\"3456,2304\" data-comments-opened=\"0\" data-image-meta=\"{&quot;aperture&quot;:&quot;0&quot;,&quot;credit&quot;:&quot;&quot;,&quot;camera&quot;:&quot;&quot;,&quot;caption&quot;:&quot;&quot;,&quot;created_timestamp&quot;:&quot;0&quot;,&quot;copyright&quot;:&quot;&quot;,&quot;focal_length&quot;:&quot;0&quot;,&quot;iso&quot;:&quot;0&quot;,&quot;shutter_speed&quot;:&quot;0&quot;,&quot;title&quot;:&quot;&quot;,&quot;orientation&quot;:&quot;0&quot;}\" data-image-title=\"Jallu ja Vellu\" data-image-description=\"\" data-image-caption=\"\" data-large-file=\"https:\/\/i0.wp.com\/www.sastamalankylat.fi\/tapiola\/wp-content\/uploads\/sites\/5\/2018\/08\/jallu-ja-vellu.jpg?fit=625%2C417&amp;ssl=1\" \/><\/a>\n\t\t\t<\/dt><\/dl><br style=\"clear: both\" \/><dl class='gallery-item'>\n\t\t\t<dt class='gallery-icon landscape'>\n\t\t\t\t<a href='https:\/\/www.sastamalankylat.fi\/tapiola\/2018\/08\/09\/tapiola-oli-mukana-sastamalan-kylamarkkinoilla-kiikoisten-torilla-4-8-2018\/tapiolan-teltta\/'><img loading=\"lazy\" decoding=\"async\" width=\"150\" height=\"150\" src=\"https:\/\/i0.wp.com\/www.sastamalankylat.fi\/tapiola\/wp-content\/uploads\/sites\/5\/2018\/08\/tapiolan-teltta.jpg?resize=150%2C150&amp;ssl=1\" class=\"attachment-thumbnail size-thumbnail\" alt=\"\" srcset=\"https:\/\/i0.wp.com\/www.sastamalankylat.fi\/tapiola\/wp-content\/uploads\/sites\/5\/2018\/08\/tapiolan-teltta.jpg?resize=150%2C150&amp;ssl=1 150w, https:\/\/i0.wp.com\/www.sastamalankylat.fi\/tapiola\/wp-content\/uploads\/sites\/5\/2018\/08\/tapiolan-teltta.jpg?zoom=2&amp;resize=150%2C150 300w, https:\/\/i0.wp.com\/www.sastamalankylat.fi\/tapiola\/wp-content\/uploads\/sites\/5\/2018\/08\/tapiolan-teltta.jpg?zoom=3&amp;resize=150%2C150 450w\" sizes=\"auto, (max-width: 150px) 100vw, 150px\" data-attachment-id=\"1044\" data-permalink=\"https:\/\/www.sastamalankylat.fi\/tapiola\/2018\/08\/09\/tapiola-oli-mukana-sastamalan-kylamarkkinoilla-kiikoisten-torilla-4-8-2018\/tapiolan-teltta\/\" data-orig-file=\"https:\/\/i0.wp.com\/www.sastamalankylat.fi\/tapiola\/wp-content\/uploads\/sites\/5\/2018\/08\/tapiolan-teltta.jpg?fit=1728%2C1152&amp;ssl=1\" data-orig-size=\"1728,1152\" data-comments-opened=\"0\" data-image-meta=\"{&quot;aperture&quot;:&quot;0&quot;,&quot;credit&quot;:&quot;&quot;,&quot;camera&quot;:&quot;&quot;,&quot;caption&quot;:&quot;&quot;,&quot;created_timestamp&quot;:&quot;0&quot;,&quot;copyright&quot;:&quot;&quot;,&quot;focal_length&quot;:&quot;0&quot;,&quot;iso&quot;:&quot;0&quot;,&quot;shutter_speed&quot;:&quot;0&quot;,&quot;title&quot;:&quot;&quot;,&quot;orientation&quot;:&quot;0&quot;}\" data-image-title=\"Tapiolan teltta\" data-image-description=\"\" data-image-caption=\"\" data-large-file=\"https:\/\/i0.wp.com\/www.sastamalankylat.fi\/tapiola\/wp-content\/uploads\/sites\/5\/2018\/08\/tapiolan-teltta.jpg?fit=625%2C417&amp;ssl=1\" \/><\/a>\n\t\t\t<\/dt><\/dl><dl class='gallery-item'>\n\t\t\t<dt class='gallery-icon landscape'>\n\t\t\t\t<a href='https:\/\/www.sastamalankylat.fi\/tapiola\/2018\/08\/09\/tapiola-oli-mukana-sastamalan-kylamarkkinoilla-kiikoisten-torilla-4-8-2018\/kommee-kurki\/'><img loading=\"lazy\" decoding=\"async\" width=\"150\" height=\"150\" src=\"https:\/\/i0.wp.com\/www.sastamalankylat.fi\/tapiola\/wp-content\/uploads\/sites\/5\/2018\/08\/kommee-kurki.jpg?resize=150%2C150&amp;ssl=1\" class=\"attachment-thumbnail size-thumbnail\" alt=\"\" srcset=\"https:\/\/i0.wp.com\/www.sastamalankylat.fi\/tapiola\/wp-content\/uploads\/sites\/5\/2018\/08\/kommee-kurki.jpg?resize=150%2C150&amp;ssl=1 150w, https:\/\/i0.wp.com\/www.sastamalankylat.fi\/tapiola\/wp-content\/uploads\/sites\/5\/2018\/08\/kommee-kurki.jpg?zoom=2&amp;resize=150%2C150 300w, https:\/\/i0.wp.com\/www.sastamalankylat.fi\/tapiola\/wp-content\/uploads\/sites\/5\/2018\/08\/kommee-kurki.jpg?zoom=3&amp;resize=150%2C150 450w\" sizes=\"auto, (max-width: 150px) 100vw, 150px\" data-attachment-id=\"1043\" data-permalink=\"https:\/\/www.sastamalankylat.fi\/tapiola\/2018\/08\/09\/tapiola-oli-mukana-sastamalan-kylamarkkinoilla-kiikoisten-torilla-4-8-2018\/kommee-kurki\/\" data-orig-file=\"https:\/\/i0.wp.com\/www.sastamalankylat.fi\/tapiola\/wp-content\/uploads\/sites\/5\/2018\/08\/kommee-kurki.jpg?fit=1920%2C1080&amp;ssl=1\" data-orig-size=\"1920,1080\" data-comments-opened=\"0\" data-image-meta=\"{&quot;aperture&quot;:&quot;0&quot;,&quot;credit&quot;:&quot;&quot;,&quot;camera&quot;:&quot;&quot;,&quot;caption&quot;:&quot;&quot;,&quot;created_timestamp&quot;:&quot;0&quot;,&quot;copyright&quot;:&quot;&quot;,&quot;focal_length&quot;:&quot;0&quot;,&quot;iso&quot;:&quot;0&quot;,&quot;shutter_speed&quot;:&quot;0&quot;,&quot;title&quot;:&quot;&quot;,&quot;orientation&quot;:&quot;0&quot;}\" data-image-title=\"Kommee Kurki\" data-image-description=\"\" data-image-caption=\"\" data-large-file=\"https:\/\/i0.wp.com\/www.sastamalankylat.fi\/tapiola\/wp-content\/uploads\/sites\/5\/2018\/08\/kommee-kurki.jpg?fit=625%2C352&amp;ssl=1\" \/><\/a>\n\t\t\t<\/dt><\/dl><dl class='gallery-item'>\n\t\t\t<dt class='gallery-icon landscape'>\n\t\t\t\t<a href='https:\/\/www.sastamalankylat.fi\/tapiola\/2018\/08\/09\/tapiola-oli-mukana-sastamalan-kylamarkkinoilla-kiikoisten-torilla-4-8-2018\/yleisoa-i\/'><img loading=\"lazy\" decoding=\"async\" width=\"150\" height=\"150\" src=\"https:\/\/i0.wp.com\/www.sastamalankylat.fi\/tapiola\/wp-content\/uploads\/sites\/5\/2018\/08\/yleisoa-i.jpg?resize=150%2C150&amp;ssl=1\" class=\"attachment-thumbnail size-thumbnail\" alt=\"\" srcset=\"https:\/\/i0.wp.com\/www.sastamalankylat.fi\/tapiola\/wp-content\/uploads\/sites\/5\/2018\/08\/yleisoa-i.jpg?resize=150%2C150&amp;ssl=1 150w, https:\/\/i0.wp.com\/www.sastamalankylat.fi\/tapiola\/wp-content\/uploads\/sites\/5\/2018\/08\/yleisoa-i.jpg?zoom=2&amp;resize=150%2C150 300w, https:\/\/i0.wp.com\/www.sastamalankylat.fi\/tapiola\/wp-content\/uploads\/sites\/5\/2018\/08\/yleisoa-i.jpg?zoom=3&amp;resize=150%2C150 450w\" sizes=\"auto, (max-width: 150px) 100vw, 150px\" data-attachment-id=\"1046\" data-permalink=\"https:\/\/www.sastamalankylat.fi\/tapiola\/2018\/08\/09\/tapiola-oli-mukana-sastamalan-kylamarkkinoilla-kiikoisten-torilla-4-8-2018\/yleisoa-i\/\" data-orig-file=\"https:\/\/i0.wp.com\/www.sastamalankylat.fi\/tapiola\/wp-content\/uploads\/sites\/5\/2018\/08\/yleisoa-i.jpg?fit=3840%2C2160&amp;ssl=1\" data-orig-size=\"3840,2160\" data-comments-opened=\"0\" data-image-meta=\"{&quot;aperture&quot;:&quot;0&quot;,&quot;credit&quot;:&quot;&quot;,&quot;camera&quot;:&quot;&quot;,&quot;caption&quot;:&quot;&quot;,&quot;created_timestamp&quot;:&quot;0&quot;,&quot;copyright&quot;:&quot;&quot;,&quot;focal_length&quot;:&quot;0&quot;,&quot;iso&quot;:&quot;0&quot;,&quot;shutter_speed&quot;:&quot;0&quot;,&quot;title&quot;:&quot;&quot;,&quot;orientation&quot;:&quot;0&quot;}\" data-image-title=\"Yleis\u00f6\u00e4 I\" data-image-description=\"\" data-image-caption=\"\" data-large-file=\"https:\/\/i0.wp.com\/www.sastamalankylat.fi\/tapiola\/wp-content\/uploads\/sites\/5\/2018\/08\/yleisoa-i.jpg?fit=625%2C352&amp;ssl=1\" \/><\/a>\n\t\t\t<\/dt><\/dl><br style=\"clear: both\" \/><dl class='gallery-item'>\n\t\t\t<dt class='gallery-icon landscape'>\n\t\t\t\t<a href='https:\/\/www.sastamalankylat.fi\/tapiola\/2018\/08\/09\/tapiola-oli-mukana-sastamalan-kylamarkkinoilla-kiikoisten-torilla-4-8-2018\/yleisoa-ii\/'><img loading=\"lazy\" decoding=\"async\" width=\"150\" height=\"150\" src=\"https:\/\/i0.wp.com\/www.sastamalankylat.fi\/tapiola\/wp-content\/uploads\/sites\/5\/2018\/08\/yleisoa-ii.jpg?resize=150%2C150&amp;ssl=1\" class=\"attachment-thumbnail size-thumbnail\" alt=\"\" srcset=\"https:\/\/i0.wp.com\/www.sastamalankylat.fi\/tapiola\/wp-content\/uploads\/sites\/5\/2018\/08\/yleisoa-ii.jpg?resize=150%2C150&amp;ssl=1 150w, https:\/\/i0.wp.com\/www.sastamalankylat.fi\/tapiola\/wp-content\/uploads\/sites\/5\/2018\/08\/yleisoa-ii.jpg?zoom=2&amp;resize=150%2C150 300w, https:\/\/i0.wp.com\/www.sastamalankylat.fi\/tapiola\/wp-content\/uploads\/sites\/5\/2018\/08\/yleisoa-ii.jpg?zoom=3&amp;resize=150%2C150 450w\" sizes=\"auto, (max-width: 150px) 100vw, 150px\" data-attachment-id=\"1047\" data-permalink=\"https:\/\/www.sastamalankylat.fi\/tapiola\/2018\/08\/09\/tapiola-oli-mukana-sastamalan-kylamarkkinoilla-kiikoisten-torilla-4-8-2018\/yleisoa-ii\/\" data-orig-file=\"https:\/\/i0.wp.com\/www.sastamalankylat.fi\/tapiola\/wp-content\/uploads\/sites\/5\/2018\/08\/yleisoa-ii.jpg?fit=3840%2C2160&amp;ssl=1\" data-orig-size=\"3840,2160\" data-comments-opened=\"0\" data-image-meta=\"{&quot;aperture&quot;:&quot;0&quot;,&quot;credit&quot;:&quot;&quot;,&quot;camera&quot;:&quot;&quot;,&quot;caption&quot;:&quot;&quot;,&quot;created_timestamp&quot;:&quot;0&quot;,&quot;copyright&quot;:&quot;&quot;,&quot;focal_length&quot;:&quot;0&quot;,&quot;iso&quot;:&quot;0&quot;,&quot;shutter_speed&quot;:&quot;0&quot;,&quot;title&quot;:&quot;&quot;,&quot;orientation&quot;:&quot;0&quot;}\" data-image-title=\"Yleis\u00f6\u00e4 II\" data-image-description=\"\" data-image-caption=\"\" data-large-file=\"https:\/\/i0.wp.com\/www.sastamalankylat.fi\/tapiola\/wp-content\/uploads\/sites\/5\/2018\/08\/yleisoa-ii.jpg?fit=625%2C352&amp;ssl=1\" \/><\/a>\n\t\t\t<\/dt><\/dl><dl class='gallery-item'>\n\t\t\t<dt class='gallery-icon landscape'>\n\t\t\t\t<a href='https:\/\/www.sastamalankylat.fi\/tapiola\/2018\/08\/09\/tapiola-oli-mukana-sastamalan-kylamarkkinoilla-kiikoisten-torilla-4-8-2018\/wp_20180804_016\/'><img loading=\"lazy\" decoding=\"async\" width=\"150\" height=\"150\" src=\"https:\/\/i0.wp.com\/www.sastamalankylat.fi\/tapiola\/wp-content\/uploads\/sites\/5\/2018\/08\/wp_20180804_016.jpg?resize=150%2C150&amp;ssl=1\" class=\"attachment-thumbnail size-thumbnail\" alt=\"\" srcset=\"https:\/\/i0.wp.com\/www.sastamalankylat.fi\/tapiola\/wp-content\/uploads\/sites\/5\/2018\/08\/wp_20180804_016.jpg?resize=150%2C150&amp;ssl=1 150w, https:\/\/i0.wp.com\/www.sastamalankylat.fi\/tapiola\/wp-content\/uploads\/sites\/5\/2018\/08\/wp_20180804_016.jpg?zoom=2&amp;resize=150%2C150 300w, https:\/\/i0.wp.com\/www.sastamalankylat.fi\/tapiola\/wp-content\/uploads\/sites\/5\/2018\/08\/wp_20180804_016.jpg?zoom=3&amp;resize=150%2C150 450w\" sizes=\"auto, (max-width: 150px) 100vw, 150px\" data-attachment-id=\"1045\" data-permalink=\"https:\/\/www.sastamalankylat.fi\/tapiola\/2018\/08\/09\/tapiola-oli-mukana-sastamalan-kylamarkkinoilla-kiikoisten-torilla-4-8-2018\/wp_20180804_016\/\" data-orig-file=\"https:\/\/i0.wp.com\/www.sastamalankylat.fi\/tapiola\/wp-content\/uploads\/sites\/5\/2018\/08\/wp_20180804_016.jpg?fit=3840%2C2160&amp;ssl=1\" data-orig-size=\"3840,2160\" data-comments-opened=\"0\" data-image-meta=\"{&quot;aperture&quot;:&quot;2.2&quot;,&quot;credit&quot;:&quot;&quot;,&quot;camera&quot;:&quot;Lumia 830&quot;,&quot;caption&quot;:&quot;&quot;,&quot;created_timestamp&quot;:&quot;1533394844&quot;,&quot;copyright&quot;:&quot;&quot;,&quot;focal_length&quot;:&quot;3.12&quot;,&quot;iso&quot;:&quot;64&quot;,&quot;shutter_speed&quot;:&quot;0.000961&quot;,&quot;title&quot;:&quot;&quot;,&quot;orientation&quot;:&quot;1&quot;}\" data-image-title=\"WP_20180804_016\" data-image-description=\"\" data-image-caption=\"\" data-large-file=\"https:\/\/i0.wp.com\/www.sastamalankylat.fi\/tapiola\/wp-content\/uploads\/sites\/5\/2018\/08\/wp_20180804_016.jpg?fit=625%2C352&amp;ssl=1\" \/><\/a>\n\t\t\t<\/dt><\/dl><dl class='gallery-item'>\n\t\t\t<dt class='gallery-icon landscape'>\n\t\t\t\t<a href='https:\/\/www.sastamalankylat.fi\/tapiola\/2018\/08\/09\/tapiola-oli-mukana-sastamalan-kylamarkkinoilla-kiikoisten-torilla-4-8-2018\/kiikoisten-korisevat\/'><img loading=\"lazy\" decoding=\"async\" width=\"150\" height=\"150\" src=\"https:\/\/i0.wp.com\/www.sastamalankylat.fi\/tapiola\/wp-content\/uploads\/sites\/5\/2018\/08\/kiikoisten-korisevat.jpg?resize=150%2C150&amp;ssl=1\" class=\"attachment-thumbnail size-thumbnail\" alt=\"\" srcset=\"https:\/\/i0.wp.com\/www.sastamalankylat.fi\/tapiola\/wp-content\/uploads\/sites\/5\/2018\/08\/kiikoisten-korisevat.jpg?resize=150%2C150&amp;ssl=1 150w, https:\/\/i0.wp.com\/www.sastamalankylat.fi\/tapiola\/wp-content\/uploads\/sites\/5\/2018\/08\/kiikoisten-korisevat.jpg?zoom=2&amp;resize=150%2C150 300w, https:\/\/i0.wp.com\/www.sastamalankylat.fi\/tapiola\/wp-content\/uploads\/sites\/5\/2018\/08\/kiikoisten-korisevat.jpg?zoom=3&amp;resize=150%2C150 450w\" sizes=\"auto, (max-width: 150px) 100vw, 150px\" data-attachment-id=\"1042\" data-permalink=\"https:\/\/www.sastamalankylat.fi\/tapiola\/2018\/08\/09\/tapiola-oli-mukana-sastamalan-kylamarkkinoilla-kiikoisten-torilla-4-8-2018\/kiikoisten-korisevat\/\" data-orig-file=\"https:\/\/i0.wp.com\/www.sastamalankylat.fi\/tapiola\/wp-content\/uploads\/sites\/5\/2018\/08\/kiikoisten-korisevat.jpg?fit=1984%2C1488&amp;ssl=1\" data-orig-size=\"1984,1488\" data-comments-opened=\"0\" data-image-meta=\"{&quot;aperture&quot;:&quot;0&quot;,&quot;credit&quot;:&quot;&quot;,&quot;camera&quot;:&quot;&quot;,&quot;caption&quot;:&quot;&quot;,&quot;created_timestamp&quot;:&quot;0&quot;,&quot;copyright&quot;:&quot;&quot;,&quot;focal_length&quot;:&quot;0&quot;,&quot;iso&quot;:&quot;0&quot;,&quot;shutter_speed&quot;:&quot;0&quot;,&quot;title&quot;:&quot;&quot;,&quot;orientation&quot;:&quot;0&quot;}\" data-image-title=\"Kiikoisten Korisevat\" data-image-description=\"\" data-image-caption=\"\" data-large-file=\"https:\/\/i0.wp.com\/www.sastamalankylat.fi\/tapiola\/wp-content\/uploads\/sites\/5\/2018\/08\/kiikoisten-korisevat.jpg?fit=625%2C469&amp;ssl=1\" \/><\/a>\n\t\t\t<\/dt><\/dl><br style=\"clear: both\" \/>\n\t\t<\/div>\n\n<p>&nbsp;<\/p>\n<\/div>\n<!-- AddThis Advanced Settings generic via filter on the_content --><!-- AddThis Share Buttons generic via filter on the_content -->","protected":false},"excerpt":{"rendered":"<p>Sastamalan Kyl\u00e4markkinoita vietettiin lauantaina 4.8.2018 Kiikoisten torilla. Tapahtumaan osallistui my\u00f6s Tapiolan kyl\u00e4yhdistys, joka j\u00e4rjesti tapahtuman makkarapuffetin. Kyl\u00e4yhdistyksell\u00e4 oli myynniss\u00e4 my\u00f6s Tapiolan Juhlalehti\u00e4 sek\u00e4 uusia kyl\u00e4n logolla varustettuja \u00e4mp\u00e4reit\u00e4. Lis\u00e4ksi Tapiolasta oli mukana B&amp;B Kommee Kurki, joka esitteli kes\u00e4n uutuuttaan puumajoitusta eli Tree tentti\u00e4. Kyl\u00e4markkinat j\u00e4rjestettiin nyt seitsem\u00e4tt\u00e4 kertaa ja viime vuosina paikka on aina vaihtunut. [&hellip;]<!-- AddThis Advanced Settings generic via filter on wp_trim_excerpt --><!-- AddThis Share Buttons generic via filter on wp_trim_excerpt --><\/p>\n","protected":false},"author":3,"featured_media":0,"comment_status":"closed","ping_status":"open","sticky":false,"template":"","format":"standard","meta":{"jetpack_post_was_ever_published":false,"_jetpack_newsletter_access":"","_jetpack_dont_email_post_to_subs":false,"_jetpack_newsletter_tier_id":0,"_jetpack_memberships_contains_paywalled_content":false,"_jetpack_memberships_contains_paid_content":false,"footnotes":"","jetpack_publicize_message":"","jetpack_publicize_feature_enabled":true,"jetpack_social_post_already_shared":true,"jetpack_social_options":{"image_generator_settings":{"template":"highway","default_image_id":0,"font":"","enabled":false},"version":2}},"categories":[1],"tags":[],"class_list":["post-1038","post","type-post","status-publish","format-standard","hentry","category-yleinen"],"aioseo_notices":[],"jetpack_publicize_connections":[],"jetpack_featured_media_url":"","jetpack_likes_enabled":true,"jetpack_sharing_enabled":true,"jetpack_shortlink":"https:\/\/wp.me\/p3DPvf-gK","_links":{"self":[{"href":"https:\/\/www.sastamalankylat.fi\/tapiola\/wp-json\/wp\/v2\/posts\/1038","targetHints":{"allow":["GET"]}}],"collection":[{"href":"https:\/\/www.sastamalankylat.fi\/tapiola\/wp-json\/wp\/v2\/posts"}],"about":[{"href":"https:\/\/www.sastamalankylat.fi\/tapiola\/wp-json\/wp\/v2\/types\/post"}],"author":[{"embeddable":true,"href":"https:\/\/www.sastamalankylat.fi\/tapiola\/wp-json\/wp\/v2\/users\/3"}],"replies":[{"embeddable":true,"href":"https:\/\/www.sastamalankylat.fi\/tapiola\/wp-json\/wp\/v2\/comments?post=1038"}],"version-history":[{"count":1,"href":"https:\/\/www.sastamalankylat.fi\/tapiola\/wp-json\/wp\/v2\/posts\/1038\/revisions"}],"predecessor-version":[{"id":1048,"href":"https:\/\/www.sastamalankylat.fi\/tapiola\/wp-json\/wp\/v2\/posts\/1038\/revisions\/1048"}],"wp:attachment":[{"href":"https:\/\/www.sastamalankylat.fi\/tapiola\/wp-json\/wp\/v2\/media?parent=1038"}],"wp:term":[{"taxonomy":"category","embeddable":true,"href":"https:\/\/www.sastamalankylat.fi\/tapiola\/wp-json\/wp\/v2\/categories?post=1038"},{"taxonomy":"post_tag","embeddable":true,"href":"https:\/\/www.sastamalankylat.fi\/tapiola\/wp-json\/wp\/v2\/tags?post=1038"}],"curies":[{"name":"wp","href":"https:\/\/api.w.org\/{rel}","templated":true}]}}