{"id":103,"date":"2019-03-10T12:04:15","date_gmt":"2019-03-10T12:04:15","guid":{"rendered":"http:\/\/www.sastamalankylat.fi\/savinpyrkija\/?p=103"},"modified":"2019-04-15T06:08:50","modified_gmt":"2019-04-15T06:08:50","slug":"jasenkirje-2019","status":"publish","type":"post","link":"https:\/\/www.sastamalankylat.fi\/savinpyrkija\/2019\/03\/10\/jasenkirje-2019\/","title":{"rendered":"J\u00c4SENKIRJE 2019"},"content":{"rendered":"<p>Tervehdys kaikille S\u00e4vin Pyrkij\u00e4 ry:n j\u00e4senille. T\u00e4m\u00e4 on yhdistyksemme 87. toimintavuosi. Toiminta on t\u00e4n\u00e4 vuonna py\u00f6r\u00e4ht\u00e4nyt k\u00e4yntiin perinteisen talvitapahtuman merkeiss\u00e4, joka j\u00e4rjestettiin S\u00e4vin Lavalla 2.3. Tapahtumaan osallistui nelisenkymment\u00e4 henkil\u00f6\u00e4. Lapset viihtyiv\u00e4t liukum\u00e4ess\u00e4 ja kodassa oli suorastaan v\u00e4lill\u00e4 tungosta makkaranpaistossa.<br \/>\nT\u00e4ll\u00e4 kirjeell\u00e4 haluamme v\u00e4litt\u00e4\u00e4 tietoa my\u00f6s tulevasta toiminnastamme. Olette kaikki tervetulleita mukaan toimintaan!<\/p>\n<p><strong>S\u00e4vin Pyrkij\u00e4 ry:n toimintaa vuonna 2019<\/strong><\/p>\n<p style=\"padding-left: 40px\"><strong>\u2022 Vuosikokous sunnuntaina 24.3 S\u00e4vin Lavalla klo 14.00<\/strong><br \/>\n<strong>\u2022 S\u00e4vin liikuntakampanja \u201dKUNTOILE KOTIKYL\u00c4LL\u00c4\u201d jatkuu viime vuoden tapaan ajalla 1.4\u201330.9. Liikuntasuoritteita voi k\u00e4yd\u00e4 merkitsem\u00e4ss\u00e4 yhdistyksen postilaatikoissa oleviin vihkoihin.<\/strong><br \/>\n<strong>Laatikot sijaitsevat: 1. S\u00e4vin Lava, 2. Kilvakkalantien ja Koskenkulmantien risteys,<\/strong><br \/>\n<strong>3. Kankaanp\u00e4\u00e4ntien ja Kalhuntien risteys.<\/strong><br \/>\n<strong>Laatikoissa on yhdistyksen nimen lis\u00e4ksi tunnus \u201dKUNTOILE KOTIKYL\u00c4LL\u00c4\u201d.<\/strong><br \/>\n<strong>Arvomme kaikkien yli kymmenen liikuntasuoritusta merkinneiden kesken lahjakortin. Voittajalle ilmoitamme henkil\u00f6kohtaisesti.<\/strong><br \/>\n<strong>\u2022 Siivoustalkoot S\u00e4vin Lavalla kev\u00e4\u00e4n aikana, pvm ilmoitetaan my\u00f6hemmin.<\/strong><br \/>\n<strong>\u2022 Suodenniemi-viikko aloitetaan tansseilla perjantaina 28.6. Tanssit tahdittaa The Blue Beat.<\/strong><br \/>\n<strong>\u2022 Suodenniemen kes\u00e4torilla keittelemme kahvit torikansalle. Pvm ilmoitetaan Yritt\u00e4jien kes\u00e4lehdess\u00e4.<\/strong><br \/>\n<strong>\u2022 S\u00e4vij\u00e4rvenkierros Jaakon p\u00e4iv\u00e4n\u00e4 25.7. L\u00e4ht\u00f6 S\u00e4vin lavalta klo 18. Kaikki osallistujat ovat mukana \u201dKUNTOILE KOTIKYL\u00c4LL\u00c4\u201d \u2013 lahjakortin arvonnassa.<\/strong><br \/>\n<strong>\u2022 Syksyn tapahtumista tiedotamme my\u00f6hemmin.<\/strong><\/p>\n<p>Muistattehan, ett\u00e4 lavaa sek\u00e4 kotaa voi vuokrata erilaisiin tapahtumiin ja tilaisuuksiin. My\u00f6s pitoastiasto ja klapikone ovat edelleen vuokrattavissa. Vuokrauksesta tiedustelut Marko Takalalta puh. 0500 835 994.<\/p>\n<p>S\u00e4vin Pyrkij\u00e4n j\u00e4senmaksut maksetaan yhdistyksen pankkitilille <strong>FI06 5439 0550 0107 06<\/strong>. Toivommekin, ett\u00e4 maksatte vuoden 2019 j\u00e4senmaksun oheisella pankkisiirrolla er\u00e4p\u00e4iv\u00e4\u00e4n menness\u00e4. J\u00e4senmaksu on aikuisilta 5\u20ac ja alle 15v. maksu on 1\u20ac. J\u00e4senmaksun voit my\u00f6s maksaa k\u00e4teisell\u00e4 vuosikokouksessa.<\/p>\n<p>S\u00e4vin Pyrkij\u00e4n tapahtumista tiedotetaan yhdistyksen nettisivuilla www.sastamalankylat.fi\/savinpyrkija ja Facebookissa sek\u00e4 Yritt\u00e4jien kes\u00e4lehdess\u00e4 ja Sinerv\u00f6n infotaululla.<\/p>\n<!-- AddThis Advanced Settings generic via filter on the_content --><!-- AddThis Share Buttons generic via filter on the_content -->","protected":false},"excerpt":{"rendered":"<p>Tervehdys kaikille S\u00e4vin Pyrkij\u00e4 ry:n j\u00e4senille. T\u00e4m\u00e4 on yhdistyksemme 87. toimintavuosi. Toiminta on t\u00e4n\u00e4 vuonna py\u00f6r\u00e4ht\u00e4nyt k\u00e4yntiin perinteisen talvitapahtuman merkeiss\u00e4, joka j\u00e4rjestettiin S\u00e4vin Lavalla 2.3. Tapahtumaan osallistui nelisenkymment\u00e4 henkil\u00f6\u00e4. Lapset viihtyiv\u00e4t liukum\u00e4ess\u00e4 ja kodassa oli suorastaan v\u00e4lill\u00e4 tungosta makkaranpaistossa. T\u00e4ll\u00e4 kirjeell\u00e4 haluamme v\u00e4litt\u00e4\u00e4 tietoa my\u00f6s tulevasta toiminnastamme. Olette kaikki tervetulleita mukaan toimintaan! S\u00e4vin Pyrkij\u00e4 ry:n [&hellip;]<!-- AddThis Advanced Settings generic via filter on wp_trim_excerpt --><!-- AddThis Share Buttons generic via filter on wp_trim_excerpt --><\/p>\n","protected":false},"author":29,"featured_media":0,"comment_status":"closed","ping_status":"open","sticky":false,"template":"","format":"standard","meta":{"jetpack_post_was_ever_published":false,"_jetpack_newsletter_access":"","_jetpack_dont_email_post_to_subs":false,"_jetpack_newsletter_tier_id":0,"_jetpack_memberships_contains_paywalled_content":false,"_jetpack_memberships_contains_paid_content":false,"footnotes":"","jetpack_publicize_message":"","jetpack_publicize_feature_enabled":true,"jetpack_social_post_already_shared":true,"jetpack_social_options":{"image_generator_settings":{"template":"highway","default_image_id":0,"font":"","enabled":false},"version":2}},"categories":[1],"tags":[],"class_list":["post-103","post","type-post","status-publish","format-standard","hentry","category-yleinen"],"aioseo_notices":[],"jetpack_publicize_connections":[],"jetpack_featured_media_url":"","jetpack_shortlink":"https:\/\/wp.me\/p7im36-1F","jetpack_sharing_enabled":true,"_links":{"self":[{"href":"https:\/\/www.sastamalankylat.fi\/savinpyrkija\/wp-json\/wp\/v2\/posts\/103","targetHints":{"allow":["GET"]}}],"collection":[{"href":"https:\/\/www.sastamalankylat.fi\/savinpyrkija\/wp-json\/wp\/v2\/posts"}],"about":[{"href":"https:\/\/www.sastamalankylat.fi\/savinpyrkija\/wp-json\/wp\/v2\/types\/post"}],"author":[{"embeddable":true,"href":"https:\/\/www.sastamalankylat.fi\/savinpyrkija\/wp-json\/wp\/v2\/users\/29"}],"replies":[{"embeddable":true,"href":"https:\/\/www.sastamalankylat.fi\/savinpyrkija\/wp-json\/wp\/v2\/comments?post=103"}],"version-history":[{"count":3,"href":"https:\/\/www.sastamalankylat.fi\/savinpyrkija\/wp-json\/wp\/v2\/posts\/103\/revisions"}],"predecessor-version":[{"id":110,"href":"https:\/\/www.sastamalankylat.fi\/savinpyrkija\/wp-json\/wp\/v2\/posts\/103\/revisions\/110"}],"wp:attachment":[{"href":"https:\/\/www.sastamalankylat.fi\/savinpyrkija\/wp-json\/wp\/v2\/media?parent=103"}],"wp:term":[{"taxonomy":"category","embeddable":true,"href":"https:\/\/www.sastamalankylat.fi\/savinpyrkija\/wp-json\/wp\/v2\/categories?post=103"},{"taxonomy":"post_tag","embeddable":true,"href":"https:\/\/www.sastamalankylat.fi\/savinpyrkija\/wp-json\/wp\/v2\/tags?post=103"}],"curies":[{"name":"wp","href":"https:\/\/api.w.org\/{rel}","templated":true}]}}