{"id":523,"date":"2018-07-08T22:54:25","date_gmt":"2018-07-08T19:54:25","guid":{"rendered":"http:\/\/www.sastamalankylat.fi\/koluskoskenseutu\/?p=523"},"modified":"2018-07-10T20:36:28","modified_gmt":"2018-07-10T17:36:28","slug":"kesateatteri-retki-viikinsaaren-kesateatteriin-la-14-7-2018","status":"publish","type":"post","link":"https:\/\/www.sastamalankylat.fi\/koluskoskenseutu\/2018\/07\/08\/kesateatteri-retki-viikinsaaren-kesateatteriin-la-14-7-2018\/","title":{"rendered":"KES\u00c4TEATTERI-RETKI VIIKINSAAREN KES\u00c4TEATTERIIN La 14.7.2018"},"content":{"rendered":"<p>Menn\u00e4\u00e4n katsomaan teatterikappaletta &#8221;Aatamin puvussa ja v\u00e4h\u00e4n Eevankin&#8221; klo 14. L\u00e4ht\u00f6 ABC:lta klo 11.15. Laukontorilta laiva l\u00e4htee klo 13 kohti Viikinsaarta. Teatterin j\u00e4lkeen ruokailu Ravintola Viikinsaaressa klo 16.30. Kotiin p\u00e4in l\u00e4hdet\u00e4\u00e4n klo 19.30 tai aiemmin tilanteen mukaan. Hinta 56e\/hl\u00f6.<\/p>\n<p>TERVETULOA ILOISELLE KES\u00c4RETKELLE!<\/p>\n<p><a href=\"https:\/\/i0.wp.com\/www.sastamalankylat.fi\/koluskoskenseutu\/wp-content\/uploads\/sites\/11\/2018\/07\/aatamin_puvussa_fb_kilpailu_2-721x1024.jpg\"><img data-recalc-dims=\"1\" loading=\"lazy\" decoding=\"async\" data-attachment-id=\"527\" data-permalink=\"https:\/\/www.sastamalankylat.fi\/koluskoskenseutu\/2018\/07\/08\/kesateatteri-retki-viikinsaaren-kesateatteriin-la-14-7-2018\/aatamin_puvussa_fb_kilpailu_2-721x1024\/\" data-orig-file=\"https:\/\/i0.wp.com\/www.sastamalankylat.fi\/koluskoskenseutu\/wp-content\/uploads\/sites\/11\/2018\/07\/aatamin_puvussa_fb_kilpailu_2-721x1024.jpg?fit=721%2C1024&amp;ssl=1\" data-orig-size=\"721,1024\" data-comments-opened=\"1\" data-image-meta=\"{&quot;aperture&quot;:&quot;0&quot;,&quot;credit&quot;:&quot;&quot;,&quot;camera&quot;:&quot;&quot;,&quot;caption&quot;:&quot;&quot;,&quot;created_timestamp&quot;:&quot;0&quot;,&quot;copyright&quot;:&quot;&quot;,&quot;focal_length&quot;:&quot;0&quot;,&quot;iso&quot;:&quot;0&quot;,&quot;shutter_speed&quot;:&quot;0&quot;,&quot;title&quot;:&quot;&quot;,&quot;orientation&quot;:&quot;0&quot;}\" data-image-title=\"Aatamin_puvussa_FB_kilpailu_2-721&amp;#215;1024\" data-image-description=\"\" data-image-caption=\"\" data-large-file=\"https:\/\/i0.wp.com\/www.sastamalankylat.fi\/koluskoskenseutu\/wp-content\/uploads\/sites\/11\/2018\/07\/aatamin_puvussa_fb_kilpailu_2-721x1024.jpg?fit=625%2C888&amp;ssl=1\" class=\"alignnone size-medium wp-image-527\" src=\"https:\/\/i0.wp.com\/www.sastamalankylat.fi\/koluskoskenseutu\/wp-content\/uploads\/sites\/11\/2018\/07\/aatamin_puvussa_fb_kilpailu_2-721x1024.jpg?resize=211%2C300\" alt=\"\" width=\"211\" height=\"300\" srcset=\"https:\/\/i0.wp.com\/www.sastamalankylat.fi\/koluskoskenseutu\/wp-content\/uploads\/sites\/11\/2018\/07\/aatamin_puvussa_fb_kilpailu_2-721x1024.jpg?resize=211%2C300&amp;ssl=1 211w, https:\/\/i0.wp.com\/www.sastamalankylat.fi\/koluskoskenseutu\/wp-content\/uploads\/sites\/11\/2018\/07\/aatamin_puvussa_fb_kilpailu_2-721x1024.jpg?resize=721%2C1024&amp;ssl=1 721w, https:\/\/i0.wp.com\/www.sastamalankylat.fi\/koluskoskenseutu\/wp-content\/uploads\/sites\/11\/2018\/07\/aatamin_puvussa_fb_kilpailu_2-721x1024.jpg?resize=624%2C886&amp;ssl=1 624w\" sizes=\"auto, (max-width: 211px) 100vw, 211px\" \/><\/a><\/p>\n<p>&nbsp;<\/p>\n<!-- AddThis Advanced Settings generic via filter on the_content --><!-- AddThis Share Buttons generic via filter on the_content -->","protected":false},"excerpt":{"rendered":"<p>Menn\u00e4\u00e4n katsomaan teatterikappaletta &#8221;Aatamin puvussa ja v\u00e4h\u00e4n Eevankin&#8221; klo 14. L\u00e4ht\u00f6 ABC:lta klo 11.15. Laukontorilta laiva l\u00e4htee klo 13 kohti Viikinsaarta. Teatterin j\u00e4lkeen ruokailu Ravintola Viikinsaaressa klo 16.30. Kotiin p\u00e4in l\u00e4hdet\u00e4\u00e4n klo 19.30 tai aiemmin tilanteen mukaan. Hinta 56e\/hl\u00f6. TERVETULOA ILOISELLE KES\u00c4RETKELLE! &nbsp;<!-- AddThis Advanced Settings generic via filter on wp_trim_excerpt --><!-- AddThis Share Buttons generic via filter on wp_trim_excerpt --><\/p>\n","protected":false},"author":13,"featured_media":0,"comment_status":"open","ping_status":"open","sticky":false,"template":"","format":"standard","meta":{"jetpack_post_was_ever_published":false,"_jetpack_newsletter_access":"","_jetpack_dont_email_post_to_subs":false,"_jetpack_newsletter_tier_id":0,"_jetpack_memberships_contains_paywalled_content":false,"_jetpack_memberships_contains_paid_content":false,"footnotes":"","jetpack_publicize_message":"","jetpack_publicize_feature_enabled":true,"jetpack_social_post_already_shared":true,"jetpack_social_options":{"image_generator_settings":{"template":"highway","default_image_id":0,"font":"","enabled":false},"version":2}},"categories":[1],"tags":[],"class_list":["post-523","post","type-post","status-publish","format-standard","hentry","category-yleinen"],"aioseo_notices":[],"jetpack_publicize_connections":[],"jetpack_featured_media_url":"","jetpack_likes_enabled":true,"jetpack_sharing_enabled":true,"jetpack_shortlink":"https:\/\/wp.me\/p3WIMC-8r","_links":{"self":[{"href":"https:\/\/www.sastamalankylat.fi\/koluskoskenseutu\/wp-json\/wp\/v2\/posts\/523","targetHints":{"allow":["GET"]}}],"collection":[{"href":"https:\/\/www.sastamalankylat.fi\/koluskoskenseutu\/wp-json\/wp\/v2\/posts"}],"about":[{"href":"https:\/\/www.sastamalankylat.fi\/koluskoskenseutu\/wp-json\/wp\/v2\/types\/post"}],"author":[{"embeddable":true,"href":"https:\/\/www.sastamalankylat.fi\/koluskoskenseutu\/wp-json\/wp\/v2\/users\/13"}],"replies":[{"embeddable":true,"href":"https:\/\/www.sastamalankylat.fi\/koluskoskenseutu\/wp-json\/wp\/v2\/comments?post=523"}],"version-history":[{"count":4,"href":"https:\/\/www.sastamalankylat.fi\/koluskoskenseutu\/wp-json\/wp\/v2\/posts\/523\/revisions"}],"predecessor-version":[{"id":528,"href":"https:\/\/www.sastamalankylat.fi\/koluskoskenseutu\/wp-json\/wp\/v2\/posts\/523\/revisions\/528"}],"wp:attachment":[{"href":"https:\/\/www.sastamalankylat.fi\/koluskoskenseutu\/wp-json\/wp\/v2\/media?parent=523"}],"wp:term":[{"taxonomy":"category","embeddable":true,"href":"https:\/\/www.sastamalankylat.fi\/koluskoskenseutu\/wp-json\/wp\/v2\/categories?post=523"},{"taxonomy":"post_tag","embeddable":true,"href":"https:\/\/www.sastamalankylat.fi\/koluskoskenseutu\/wp-json\/wp\/v2\/tags?post=523"}],"curies":[{"name":"wp","href":"https:\/\/api.w.org\/{rel}","templated":true}]}}