{"id":292,"date":"2015-06-28T22:28:27","date_gmt":"2015-06-28T19:28:27","guid":{"rendered":"http:\/\/www.sastamalankylat.fi\/koluskoskenseutu\/?p=292"},"modified":"2015-06-28T22:28:27","modified_gmt":"2015-06-28T19:28:27","slug":"saunailta","status":"publish","type":"post","link":"https:\/\/www.sastamalankylat.fi\/koluskoskenseutu\/2015\/06\/28\/saunailta\/","title":{"rendered":"Saunailta!"},"content":{"rendered":"<p>Arja ja Jorma Jalonen kutsuu meid\u00e4t pe 3.7.2015 klo 17 alkaen saunomaan Puraslahden m\u00f6kille. Tervetuloa kaikki viett\u00e4m\u00e4\u00e4n rentouttavaa kes\u00e4iltaa! \ud83d\ude42<\/p>\n<p><a href=\"https:\/\/i0.wp.com\/www.sastamalankylat.fi\/koluskoskenseutu\/wp-content\/uploads\/sites\/11\/2015\/06\/Sauna.jpg\"><img data-recalc-dims=\"1\" loading=\"lazy\" decoding=\"async\" data-attachment-id=\"293\" data-permalink=\"https:\/\/www.sastamalankylat.fi\/koluskoskenseutu\/2015\/06\/28\/saunailta\/sauna\/\" data-orig-file=\"https:\/\/i0.wp.com\/www.sastamalankylat.fi\/koluskoskenseutu\/wp-content\/uploads\/sites\/11\/2015\/06\/Sauna.jpg?fit=320%2C158&amp;ssl=1\" data-orig-size=\"320,158\" data-comments-opened=\"1\" data-image-meta=\"{&quot;aperture&quot;:&quot;0&quot;,&quot;credit&quot;:&quot;&quot;,&quot;camera&quot;:&quot;&quot;,&quot;caption&quot;:&quot;&quot;,&quot;created_timestamp&quot;:&quot;0&quot;,&quot;copyright&quot;:&quot;&quot;,&quot;focal_length&quot;:&quot;0&quot;,&quot;iso&quot;:&quot;0&quot;,&quot;shutter_speed&quot;:&quot;0&quot;,&quot;title&quot;:&quot;&quot;,&quot;orientation&quot;:&quot;0&quot;}\" data-image-title=\"Sauna\" data-image-description=\"\" data-image-caption=\"\" data-large-file=\"https:\/\/i0.wp.com\/www.sastamalankylat.fi\/koluskoskenseutu\/wp-content\/uploads\/sites\/11\/2015\/06\/Sauna.jpg?fit=320%2C158&amp;ssl=1\" class=\"alignnone size-medium wp-image-293\" src=\"https:\/\/i0.wp.com\/www.sastamalankylat.fi\/koluskoskenseutu\/wp-content\/uploads\/sites\/11\/2015\/06\/Sauna.jpg?resize=300%2C148\" alt=\"Sauna\" width=\"300\" height=\"148\" srcset=\"https:\/\/i0.wp.com\/www.sastamalankylat.fi\/koluskoskenseutu\/wp-content\/uploads\/sites\/11\/2015\/06\/Sauna.jpg?resize=300%2C148&amp;ssl=1 300w, https:\/\/i0.wp.com\/www.sastamalankylat.fi\/koluskoskenseutu\/wp-content\/uploads\/sites\/11\/2015\/06\/Sauna.jpg?w=320&amp;ssl=1 320w\" sizes=\"auto, (max-width: 300px) 100vw, 300px\" \/><\/a><\/p>\n<!-- AddThis Advanced Settings generic via filter on the_content --><!-- AddThis Share Buttons generic via filter on the_content -->","protected":false},"excerpt":{"rendered":"<p>Arja ja Jorma Jalonen kutsuu meid\u00e4t pe 3.7.2015 klo 17 alkaen saunomaan Puraslahden m\u00f6kille. Tervetuloa kaikki viett\u00e4m\u00e4\u00e4n rentouttavaa kes\u00e4iltaa! \ud83d\ude42<!-- AddThis Advanced Settings generic via filter on wp_trim_excerpt --><!-- AddThis Share Buttons generic via filter on wp_trim_excerpt --><\/p>\n","protected":false},"author":13,"featured_media":0,"comment_status":"open","ping_status":"open","sticky":false,"template":"","format":"standard","meta":{"jetpack_post_was_ever_published":false,"_jetpack_newsletter_access":"","_jetpack_dont_email_post_to_subs":false,"_jetpack_newsletter_tier_id":0,"_jetpack_memberships_contains_paywalled_content":false,"_jetpack_memberships_contains_paid_content":false,"footnotes":"","jetpack_publicize_message":"","jetpack_publicize_feature_enabled":true,"jetpack_social_post_already_shared":true,"jetpack_social_options":{"image_generator_settings":{"template":"highway","default_image_id":0,"font":"","enabled":false},"version":2}},"categories":[1],"tags":[],"class_list":["post-292","post","type-post","status-publish","format-standard","hentry","category-yleinen"],"aioseo_notices":[],"jetpack_publicize_connections":[],"jetpack_featured_media_url":"","jetpack_likes_enabled":true,"jetpack_sharing_enabled":true,"jetpack_shortlink":"https:\/\/wp.me\/p3WIMC-4I","_links":{"self":[{"href":"https:\/\/www.sastamalankylat.fi\/koluskoskenseutu\/wp-json\/wp\/v2\/posts\/292","targetHints":{"allow":["GET"]}}],"collection":[{"href":"https:\/\/www.sastamalankylat.fi\/koluskoskenseutu\/wp-json\/wp\/v2\/posts"}],"about":[{"href":"https:\/\/www.sastamalankylat.fi\/koluskoskenseutu\/wp-json\/wp\/v2\/types\/post"}],"author":[{"embeddable":true,"href":"https:\/\/www.sastamalankylat.fi\/koluskoskenseutu\/wp-json\/wp\/v2\/users\/13"}],"replies":[{"embeddable":true,"href":"https:\/\/www.sastamalankylat.fi\/koluskoskenseutu\/wp-json\/wp\/v2\/comments?post=292"}],"version-history":[{"count":1,"href":"https:\/\/www.sastamalankylat.fi\/koluskoskenseutu\/wp-json\/wp\/v2\/posts\/292\/revisions"}],"predecessor-version":[{"id":294,"href":"https:\/\/www.sastamalankylat.fi\/koluskoskenseutu\/wp-json\/wp\/v2\/posts\/292\/revisions\/294"}],"wp:attachment":[{"href":"https:\/\/www.sastamalankylat.fi\/koluskoskenseutu\/wp-json\/wp\/v2\/media?parent=292"}],"wp:term":[{"taxonomy":"category","embeddable":true,"href":"https:\/\/www.sastamalankylat.fi\/koluskoskenseutu\/wp-json\/wp\/v2\/categories?post=292"},{"taxonomy":"post_tag","embeddable":true,"href":"https:\/\/www.sastamalankylat.fi\/koluskoskenseutu\/wp-json\/wp\/v2\/tags?post=292"}],"curies":[{"name":"wp","href":"https:\/\/api.w.org\/{rel}","templated":true}]}}