{"id":129161,"date":"2023-02-07T15:02:53","date_gmt":"2023-02-07T13:02:53","guid":{"rendered":"http:\/\/www.sastamalankylat.fi\/kiikka\/?p=129161"},"modified":"2023-02-07T15:02:53","modified_gmt":"2023-02-07T13:02:53","slug":"kiikan-kylaseuran-tiedote-2023","status":"publish","type":"post","link":"https:\/\/www.sastamalankylat.fi\/kiikka\/kiikan-kylaseuran-tiedote-2023\/","title":{"rendered":"Kiikan kyl\u00e4seuran tiedote 2023"},"content":{"rendered":"<h2><strong>Kev\u00e4\u00e4n tapahtumia<\/strong><\/h2>\n<p><strong>Kev\u00e4tkokous<\/strong> 16.3. klo 17 Kannarin kudontatilassa.<\/p>\n<p><strong>Retki Tampereen ty\u00f6v\u00e4enteatteriin<\/strong> katsomaan Katrina-n\u00e4ytelm\u00e4\u00e4 15.4. Hinta 50 euroa. Ilmoittautumiset 14.3. menness\u00e4 Aili, puh. 050 511 8884.<\/p>\n<p><strong>Avoimet ovet kudonta-asemalla<\/strong> 17.4. klo 12 &#8211; 18.<\/p>\n<p><strong>2022 syntyneiden lasten ja Kiikkaan muuttaneiden muistaminen<\/strong> 23.4. klo 16 Kannarin kudontatilassa. Ilmoittautumiset puh. 050 575 6408, Tuire 17.4. menness\u00e4.<\/p>\n<p><strong>Kes\u00e4n aikana makasiinilla kolme n\u00e4yttely\u00e4,<\/strong><\/p>\n<p>Ilmoitamme kyl\u00e4seuran tapahtumista <strong>Alueviestin ja Tyrv\u00e4\u00e4n Sanomien seurapalstoilla<\/strong> sek\u00e4 kyl\u00e4seuran nettisivuilla: <strong>www.sastamalankylat.fi\/kiikka<\/strong><br \/>\nKiikan omat nettisivut: <strong>www.kiikka.info<\/strong><br \/>\nTietoja sivuille voi l\u00e4hett\u00e4\u00e4 osoitteella <strong>kiikka.info(\u00e4t)gmail.com<\/strong><br \/>\nTervetuloa kyl\u00e4seuran toimintaan mukaan, aktiiveille on jatkuvasti kysynt\u00e4\u00e4.<\/p>\n<p>J\u00e4senmaksu on 10 euroa. Voit maksaa sen kyl\u00e4talolle maanantaisin aamup\u00e4iv\u00e4ll\u00e4 tai pankkiin.<br \/>\nHuomio: Kyl\u00e4seura vaihtoi pankkia! <strong>UUSI TILINUMERO ON:\u00a0<\/strong><br \/>\nSata-Pirkan Osuuspankki, Sastamalan konttori: <strong>FI84 5660 0620 1903 89<\/strong><\/p>\n<p>Tilinumeroon liittyen; ne jotka ovat saaneet painetun esitteen Kev\u00e4\u00e4n tapahtumista vaihtakaa <strong>viimeinen numero, joka on 3, pit\u00e4\u00e4 olla 9.<\/strong> Suuret pahoittelut virheest\u00e4!<\/p>\n<p>&nbsp;<\/p>\n<p>&nbsp;<\/p>\n<!-- AddThis Advanced Settings generic via filter on the_content --><!-- AddThis Share Buttons generic via filter on the_content -->","protected":false},"excerpt":{"rendered":"<p>Kev\u00e4\u00e4n tapahtumia Kev\u00e4tkokous 16.3. klo 17 Kannarin kudontatilassa. Retki Tampereen ty\u00f6v\u00e4enteatteriin katsomaan Katrina-n\u00e4ytelm\u00e4\u00e4 15.4. Hinta 50 euroa. Ilmoittautumiset 14.3. menness\u00e4 Aili, puh. 050 511 8884. Avoimet ovet kudonta-asemalla 17.4. klo 12 &#8211; 18. 2022 syntyneiden lasten ja Kiikkaan muuttaneiden muistaminen 23.4. klo 16 Kannarin kudontatilassa. Ilmoittautumiset puh. 050 575 6408, Tuire 17.4. menness\u00e4. Kes\u00e4n aikana [&hellip;]<!-- AddThis Advanced Settings generic via filter on wp_trim_excerpt --><!-- AddThis Share Buttons generic via filter on wp_trim_excerpt --><\/p>\n","protected":false},"author":19,"featured_media":0,"comment_status":"closed","ping_status":"open","sticky":false,"template":"","format":"standard","meta":{"jetpack_post_was_ever_published":false,"_jetpack_newsletter_access":"","_jetpack_dont_email_post_to_subs":false,"_jetpack_newsletter_tier_id":0,"_jetpack_memberships_contains_paywalled_content":false,"_jetpack_memberships_contains_paid_content":false,"footnotes":"","jetpack_publicize_message":"","jetpack_publicize_feature_enabled":true,"jetpack_social_post_already_shared":true,"jetpack_social_options":{"image_generator_settings":{"template":"highway","default_image_id":0,"font":"","enabled":false},"version":2}},"categories":[5],"tags":[],"class_list":["post-129161","post","type-post","status-publish","format-standard","hentry","category-ajankohtaista"],"aioseo_notices":[],"jetpack_publicize_connections":[],"jetpack_featured_media_url":"","jetpack_shortlink":"https:\/\/wp.me\/p41vbJ-xBf","jetpack_sharing_enabled":true,"_links":{"self":[{"href":"https:\/\/www.sastamalankylat.fi\/kiikka\/wp-json\/wp\/v2\/posts\/129161","targetHints":{"allow":["GET"]}}],"collection":[{"href":"https:\/\/www.sastamalankylat.fi\/kiikka\/wp-json\/wp\/v2\/posts"}],"about":[{"href":"https:\/\/www.sastamalankylat.fi\/kiikka\/wp-json\/wp\/v2\/types\/post"}],"author":[{"embeddable":true,"href":"https:\/\/www.sastamalankylat.fi\/kiikka\/wp-json\/wp\/v2\/users\/19"}],"replies":[{"embeddable":true,"href":"https:\/\/www.sastamalankylat.fi\/kiikka\/wp-json\/wp\/v2\/comments?post=129161"}],"version-history":[{"count":1,"href":"https:\/\/www.sastamalankylat.fi\/kiikka\/wp-json\/wp\/v2\/posts\/129161\/revisions"}],"predecessor-version":[{"id":129162,"href":"https:\/\/www.sastamalankylat.fi\/kiikka\/wp-json\/wp\/v2\/posts\/129161\/revisions\/129162"}],"wp:attachment":[{"href":"https:\/\/www.sastamalankylat.fi\/kiikka\/wp-json\/wp\/v2\/media?parent=129161"}],"wp:term":[{"taxonomy":"category","embeddable":true,"href":"https:\/\/www.sastamalankylat.fi\/kiikka\/wp-json\/wp\/v2\/categories?post=129161"},{"taxonomy":"post_tag","embeddable":true,"href":"https:\/\/www.sastamalankylat.fi\/kiikka\/wp-json\/wp\/v2\/tags?post=129161"}],"curies":[{"name":"wp","href":"https:\/\/api.w.org\/{rel}","templated":true}]}}