{"id":129099,"date":"2020-01-30T17:20:49","date_gmt":"2020-01-30T15:20:49","guid":{"rendered":"http:\/\/www.sastamalankylat.fi\/kiikka\/?p=129099"},"modified":"2020-01-30T17:24:13","modified_gmt":"2020-01-30T15:24:13","slug":"kevaan-2020-tapahtumia","status":"publish","type":"post","link":"https:\/\/www.sastamalankylat.fi\/kiikka\/kevaan-2020-tapahtumia\/","title":{"rendered":"Kev\u00e4\u00e4n 2020 tapahtumia"},"content":{"rendered":"\n<p><strong>Kev\u00e4tkokous ja vuonna 2019 syntyneiden ja Kiikkaan muuttaneiden muistaminen j\u00e4rjestet\u00e4\u00e4n torstaina 19.3. klo 18.00<\/strong>.<br>Ilmoitathan lapsesi ja tilaisuuteen osaaottavien perheenj\u00e4senten lukum\u00e4\u00e4r\u00e4n Aili Riihim\u00e4elle p. 050 511 8884, su 15.3. menness\u00e4. Kahvitarjoilu. Tervetuloa! Ilmoitus lehdess\u00e4 4.3.2020.<\/p>\n\n\n\n<p><strong>Teatterimatka Tampereen Ty\u00f6v\u00e4enteatteriin to 16.4.2020 klo 19 alkavaan esitykseen Vanhoja poikia.<\/strong> Ilmoittautumiset pe 13.3. menness\u00e4 Aili Riihim\u00e4ki p. 050 511 8884 tai Tuula Merinen 050 582 0551.<\/p>\n\n\n\n<p><strong>Avoimet ovet Kannarissa Opiston kudontatilassa ma 20.4.2020 klo 9.00 &#8211; 17.00. <\/strong>Tarjoamme kahvit. N\u00e4ytteill\u00e4 ja myynniss\u00e4 kudonnaisia. Pika-arpajaiset.<\/p>\n\n\n\n<p><strong>Makasiinin n\u00e4yttelyt kes\u00e4ll\u00e4 2020<\/strong><br><strong>Kes\u00e4kuussa:<\/strong> Asta Kylv\u00e4j\u00e4n ja Taimi Pesosen kahvipussit\u00f6it\u00e4 ja Pentti Ilveskosken tauluja<br><strong>Hein\u00e4kuussa:<\/strong> Jan Torstensson Oy:n lasitaidetta ja lasinpuhallusn\u00e4yt\u00f6s<br><strong>Elokuussa:<\/strong> Ryijyj\u00e4 kiikkalaisista kodeista<\/p>\n\n\n\n<p>Ilmoitamme kyl\u00e4seuran tapahtumista Alueviestin ja Tyrv\u00e4\u00e4n Sanomien seurapalstoilla sek\u00e4 kyl\u00e4seuran nettisivulla: <strong>www.sastamalankylat.fi\/kiikka (s\u00e4hk\u00f6postiosoitetta ei en\u00e4\u00e4 ole)<br>Tervetuloa kyl\u00e4seuran toimintaan mukaan, aktiiveille on jatkuvasti kysynt\u00e4\u00e4!<\/strong><\/p>\n\n\n\n<p><strong>J\u00e4senmaksu on 10 euroa. Voit maksaa sen kyl\u00e4talolle tai pankkiin.<br>S\u00e4\u00e4st\u00f6pankki: FI74 4456 1640 004163<\/strong><\/p>\n\n\n\n<p><strong><span style=\"text-decoration: underline\">Uusia j\u00e4seni\u00e4 hallitukseen 2020<\/span><\/strong><\/p>\n\n\n\n<p><strong>Tuula Merinen pj.<\/strong> 050 582 0551<br><strong>Ritva Alakoski<\/strong> <strong>varapj<\/strong> 041 445 8148<br><strong>Maija&nbsp;Tiihonen&nbsp;<\/strong>040&nbsp;762&nbsp;4321<br><strong>Heikki Lehtinen <\/strong>040 569 8956, 03 513 5437<br><strong>Taina Kankaanp\u00e4\u00e4<\/strong> 050 505 2177<br><strong>Marketta Kulonp\u00e4\u00e4<\/strong> 050 083 6554<br><strong>Tuire Kaukonen rahastonhoitaja<\/strong> 050 575 6408<br><strong>Aili Riihim\u00e4ki&nbsp;kyl\u00e4seuran sihteeri<\/strong> 050 511 8884  <\/p>\n<!-- AddThis Advanced Settings generic via filter on the_content --><!-- AddThis Share Buttons generic via filter on the_content -->","protected":false},"excerpt":{"rendered":"<p>Kev\u00e4tkokous ja vuonna 2019 syntyneiden ja Kiikkaan muuttaneiden muistaminen j\u00e4rjestet\u00e4\u00e4n torstaina 19.3. klo 18.00.Ilmoitathan lapsesi ja tilaisuuteen osaaottavien perheenj\u00e4senten lukum\u00e4\u00e4r\u00e4n Aili Riihim\u00e4elle p. 050 511 8884, su 15.3. menness\u00e4. Kahvitarjoilu. Tervetuloa! Ilmoitus lehdess\u00e4 4.3.2020. Teatterimatka Tampereen Ty\u00f6v\u00e4enteatteriin to 16.4.2020 klo 19 alkavaan esitykseen Vanhoja poikia. Ilmoittautumiset pe 13.3. menness\u00e4 Aili Riihim\u00e4ki p. 050 511 8884 [&hellip;]<!-- AddThis Advanced Settings generic via filter on wp_trim_excerpt --><!-- AddThis Share Buttons generic via filter on wp_trim_excerpt --><\/p>\n","protected":false},"author":19,"featured_media":0,"comment_status":"closed","ping_status":"open","sticky":false,"template":"","format":"standard","meta":{"jetpack_post_was_ever_published":false,"_jetpack_newsletter_access":"","_jetpack_dont_email_post_to_subs":false,"_jetpack_newsletter_tier_id":0,"_jetpack_memberships_contains_paywalled_content":false,"_jetpack_memberships_contains_paid_content":false,"footnotes":"","jetpack_publicize_message":"","jetpack_publicize_feature_enabled":true,"jetpack_social_post_already_shared":true,"jetpack_social_options":{"image_generator_settings":{"template":"highway","default_image_id":0,"font":"","enabled":false},"version":2}},"categories":[5],"tags":[],"class_list":["post-129099","post","type-post","status-publish","format-standard","hentry","category-ajankohtaista"],"aioseo_notices":[],"jetpack_publicize_connections":[],"jetpack_featured_media_url":"","jetpack_shortlink":"https:\/\/wp.me\/p41vbJ-xAf","jetpack_sharing_enabled":true,"_links":{"self":[{"href":"https:\/\/www.sastamalankylat.fi\/kiikka\/wp-json\/wp\/v2\/posts\/129099","targetHints":{"allow":["GET"]}}],"collection":[{"href":"https:\/\/www.sastamalankylat.fi\/kiikka\/wp-json\/wp\/v2\/posts"}],"about":[{"href":"https:\/\/www.sastamalankylat.fi\/kiikka\/wp-json\/wp\/v2\/types\/post"}],"author":[{"embeddable":true,"href":"https:\/\/www.sastamalankylat.fi\/kiikka\/wp-json\/wp\/v2\/users\/19"}],"replies":[{"embeddable":true,"href":"https:\/\/www.sastamalankylat.fi\/kiikka\/wp-json\/wp\/v2\/comments?post=129099"}],"version-history":[{"count":4,"href":"https:\/\/www.sastamalankylat.fi\/kiikka\/wp-json\/wp\/v2\/posts\/129099\/revisions"}],"predecessor-version":[{"id":129104,"href":"https:\/\/www.sastamalankylat.fi\/kiikka\/wp-json\/wp\/v2\/posts\/129099\/revisions\/129104"}],"wp:attachment":[{"href":"https:\/\/www.sastamalankylat.fi\/kiikka\/wp-json\/wp\/v2\/media?parent=129099"}],"wp:term":[{"taxonomy":"category","embeddable":true,"href":"https:\/\/www.sastamalankylat.fi\/kiikka\/wp-json\/wp\/v2\/categories?post=129099"},{"taxonomy":"post_tag","embeddable":true,"href":"https:\/\/www.sastamalankylat.fi\/kiikka\/wp-json\/wp\/v2\/tags?post=129099"}],"curies":[{"name":"wp","href":"https:\/\/api.w.org\/{rel}","templated":true}]}}