{"id":129066,"date":"2019-02-07T16:08:47","date_gmt":"2019-02-07T14:08:47","guid":{"rendered":"http:\/\/www.sastamalankylat.fi\/kiikka\/?p=129066"},"modified":"2019-02-11T15:24:36","modified_gmt":"2019-02-11T13:24:36","slug":"kiikan-kylaseuran-tiedote-2019","status":"publish","type":"post","link":"https:\/\/www.sastamalankylat.fi\/kiikka\/kiikan-kylaseuran-tiedote-2019\/","title":{"rendered":"Kiikan kyl\u00e4seuran tiedote 2019"},"content":{"rendered":"\n<p>To 14.3.2019 Kiikan kyl\u00e4seuran kev\u00e4tkokous Suvituulessa klo 18.00.<br>&#8211; Kahvitarjoilu. Tervetuloa!<br>&#8211; Kutsumme my\u00f6s 2018 syntyneet lapset vanhempineen + Kiikkaan 2018 muuttaneet mukaan.  Heille on pieni muistaminen. Ilmoittautuminen 10.3.2018 menness\u00e4 p. 040 528 6325 Airi Koivuj\u00e4rvi.<\/p>\n\n\n\n<p>Teatterimatka Porin teatteriin torstaina 28.3.2019<br>katsomaan n\u00e4ytelm\u00e4\u00e4 Rakkauslaulu. Matka ja lippu 30 e. Ilmoittautumiset viimeist\u00e4\u00e4n 27.2.2019, Aili Riihim\u00e4ki p. 050 511 8884 tai <br>Airi Koivuj\u00e4rvi p.040 528 6325. L\u00e4ht\u00f6 Kiikan uimahallin pihasta klo 17.30.<\/p>\n\n\n\n<p>Avoimet ovet Kannarissa, Sastamalan opiston kudontatilassa <br>ma 15.4.2019, klo 09.00 &#8211; 17.00. Tervetuloa!<br>Tarjoamme kahvit<br>Mattoja ja kudonnaisia<br>Pika-arpajaiset<\/p>\n\n\n\n<p>Tulossa kev\u00e4tretki, seuraa seurapalstailmoituksia.<\/p>\n\n\n\n<p>Lainamakasiinin n\u00e4yttelyt: kes\u00e4kuussa Merja Laaksonen, maalauksia<br>&#8211; hein\u00e4kuussa kuvataidetta Kiikasta &#8211; elokuussa Kaikki Kiikkalaiset -valokuvan\u00e4yttely alakerrassa. Yl\u00e4kerrassa k\u00e4sit\u00f6it\u00e4.<\/p>\n\n\n\n<p>Ilmoitamme kyl\u00e4seuran tapahtumista Alueviestin ja Tyrv\u00e4\u00e4n Sanomien seurapalstoilla sek\u00e4 kyl\u00e4seuran nettisivuilla: www.sastamalankylat.fi\/kiikka<br>Tervetuloa kyl\u00e4seuran toimintaan mukaan, aktiiveille on jatkuvasti kysynt\u00e4\u00e4!<br>J\u00e4senmaksu on 10 euroa. Voit maksaa sen kyl\u00e4talolle, pankkiin tai verkkopankissa.<br>S\u00e4\u00e4st\u00f6pankki FI74 4456 1640 004163<\/p>\n\n\n\n<p><\/p>\n<!-- AddThis Advanced Settings generic via filter on the_content --><!-- AddThis Share Buttons generic via filter on the_content -->","protected":false},"excerpt":{"rendered":"<p>To 14.3.2019 Kiikan kyl\u00e4seuran kev\u00e4tkokous Suvituulessa klo 18.00.&#8211; Kahvitarjoilu. Tervetuloa!&#8211; Kutsumme my\u00f6s 2018 syntyneet lapset vanhempineen + Kiikkaan 2018 muuttaneet mukaan. Heille on pieni muistaminen. Ilmoittautuminen 10.3.2018 menness\u00e4 p. 040 528 6325 Airi Koivuj\u00e4rvi. Teatterimatka Porin teatteriin torstaina 28.3.2019katsomaan n\u00e4ytelm\u00e4\u00e4 Rakkauslaulu. Matka ja lippu 30 e. Ilmoittautumiset viimeist\u00e4\u00e4n 27.2.2019, Aili Riihim\u00e4ki p. 050 511 8884 [&hellip;]<!-- AddThis Advanced Settings generic via filter on wp_trim_excerpt --><!-- AddThis Share Buttons generic via filter on wp_trim_excerpt --><\/p>\n","protected":false},"author":19,"featured_media":0,"comment_status":"closed","ping_status":"open","sticky":false,"template":"","format":"standard","meta":{"jetpack_post_was_ever_published":false,"_jetpack_newsletter_access":"","_jetpack_dont_email_post_to_subs":false,"_jetpack_newsletter_tier_id":0,"_jetpack_memberships_contains_paywalled_content":false,"_jetpack_memberships_contains_paid_content":false,"footnotes":"","jetpack_publicize_message":"","jetpack_publicize_feature_enabled":true,"jetpack_social_post_already_shared":true,"jetpack_social_options":{"image_generator_settings":{"template":"highway","default_image_id":0,"font":"","enabled":false},"version":2}},"categories":[5],"tags":[],"class_list":["post-129066","post","type-post","status-publish","format-standard","hentry","category-ajankohtaista"],"aioseo_notices":[],"jetpack_publicize_connections":[],"jetpack_featured_media_url":"","jetpack_shortlink":"https:\/\/wp.me\/p41vbJ-xzI","jetpack_sharing_enabled":true,"_links":{"self":[{"href":"https:\/\/www.sastamalankylat.fi\/kiikka\/wp-json\/wp\/v2\/posts\/129066","targetHints":{"allow":["GET"]}}],"collection":[{"href":"https:\/\/www.sastamalankylat.fi\/kiikka\/wp-json\/wp\/v2\/posts"}],"about":[{"href":"https:\/\/www.sastamalankylat.fi\/kiikka\/wp-json\/wp\/v2\/types\/post"}],"author":[{"embeddable":true,"href":"https:\/\/www.sastamalankylat.fi\/kiikka\/wp-json\/wp\/v2\/users\/19"}],"replies":[{"embeddable":true,"href":"https:\/\/www.sastamalankylat.fi\/kiikka\/wp-json\/wp\/v2\/comments?post=129066"}],"version-history":[{"count":2,"href":"https:\/\/www.sastamalankylat.fi\/kiikka\/wp-json\/wp\/v2\/posts\/129066\/revisions"}],"predecessor-version":[{"id":129069,"href":"https:\/\/www.sastamalankylat.fi\/kiikka\/wp-json\/wp\/v2\/posts\/129066\/revisions\/129069"}],"wp:attachment":[{"href":"https:\/\/www.sastamalankylat.fi\/kiikka\/wp-json\/wp\/v2\/media?parent=129066"}],"wp:term":[{"taxonomy":"category","embeddable":true,"href":"https:\/\/www.sastamalankylat.fi\/kiikka\/wp-json\/wp\/v2\/categories?post=129066"},{"taxonomy":"post_tag","embeddable":true,"href":"https:\/\/www.sastamalankylat.fi\/kiikka\/wp-json\/wp\/v2\/tags?post=129066"}],"curies":[{"name":"wp","href":"https:\/\/api.w.org\/{rel}","templated":true}]}}