{"id":128998,"date":"2018-01-18T12:24:51","date_gmt":"2018-01-18T10:24:51","guid":{"rendered":"http:\/\/www.sastamalankylat.fi\/kiikka\/?p=128998"},"modified":"2018-01-18T12:24:51","modified_gmt":"2018-01-18T10:24:51","slug":"kevaan-2018-tapahtumia","status":"publish","type":"post","link":"https:\/\/www.sastamalankylat.fi\/kiikka\/kevaan-2018-tapahtumia\/","title":{"rendered":"Kev\u00e4\u00e4n 2018 tapahtumia"},"content":{"rendered":"<ul>\n<li>\n<h4>Su 18.2.2018 klo 11.30 &#8211; 13.00 Kiikan kyl\u00e4seuran j\u00e4rjest\u00e4m\u00e4 uimahallivuoro.<\/h4>\n<\/li>\n<li>\n<h4>To 22.2.2018 Retki Sarkia-museoon Loimaalle. L\u00e4ht\u00f6 klo 9.00\u00a0 Kannarin pihasta. Lis\u00e4tietoja ja ilmoittautuminen\u00a0 8.2. menness\u00e4 Tuula Mustakalliolle p. 044 313 5365.<\/h4>\n<\/li>\n<li>\n<h4>To 15.3.2018 Kiikan kyl\u00e4seuran kev\u00e4tkokous Suvituulessa klo 18.<br \/>\nKahvitarjoilu.\u00a0Kutsumme my\u00f6s 2017 syntyneet lapset vanhempineen + Kiikkaan muuttaneet mukaan. Heille on pieni muistaminen. Ilmoittautuminen 12.3. menness\u00e4<br \/>\np. 040 528 6325 \/ Airi Koivuj\u00e4rvi. Tervetuloa!<\/h4>\n<\/li>\n<li>\n<h4>Teatterimatka Porin teatteriin pe 13.4.2018 klo 19 alkavaan esitykseen Kultarinta.<br \/>\nLis\u00e4tietoja ja sitovat ilmoittautumiset viimeist\u00e4\u00e4n 12.3., Aili Riihim\u00e4ki p. 050 511 8884 tai Airi Koivuj\u00e4rvi p. 040 528 6325. L\u00e4ht\u00f6 Kiikan uimahallin pihasta klo 17.30.<\/h4>\n<\/li>\n<li>\n<h4>Avoimet ovet kudonta-asemalla ma 23.4.2018 klo 9.00 &#8211; 16.00. Tarjoamme kahvit. Mattoja ja kudonnaisia, arpajaiset. Erkki Aaltosen kirjaesittely.<\/h4>\n<\/li>\n<li style=\"text-align: left\">\n<h4>Lainamakasiinin n\u00e4yttelyt: kes\u00e4kuussa Ria Peltoniemi, maalauksia &#8211; hein\u00e4kuussa Lea Aaltonen, mattoja ja kudonnaisia &#8211; elokuussa Tuomo Rantanen, taidetta rautalangasta.<\/h4>\n<\/li>\n<\/ul>\n<h4><em>Ilmoitamme kyl\u00e4seuran tapahtumista Alueviestin ja Tyrv\u00e4\u00e4n Sanomien seurapalstoilla sek\u00e4 kyl\u00e4seuran nettisivuilla www.sastamalankylat.fi\/kiikka <\/em><br \/>\n<em>(s\u00e4hk\u00f6postiosoite ei ole k\u00e4yt\u00f6ss\u00e4).<\/em><br \/>\n<em>Tervetuloa kyl\u00e4seuran toimintaan mukaan, aktiiveille on jatkuvasti kysynt\u00e4\u00e4!<br \/>\n<\/em><\/h4>\n<h4>J\u00e4senmaksu on 10 euroa. Voit maksaa sen kyl\u00e4talolle, pankkiin tai verkkopankissa<br \/>\nS\u00e4\u00e4st\u00f6pankki: FI74 4456 1640 004163<\/h4>\n<!-- AddThis Advanced Settings generic via filter on the_content --><!-- AddThis Share Buttons generic via filter on the_content -->","protected":false},"excerpt":{"rendered":"<p>Su 18.2.2018 klo 11.30 &#8211; 13.00 Kiikan kyl\u00e4seuran j\u00e4rjest\u00e4m\u00e4 uimahallivuoro. To 22.2.2018 Retki Sarkia-museoon Loimaalle. L\u00e4ht\u00f6 klo 9.00\u00a0 Kannarin pihasta. Lis\u00e4tietoja ja ilmoittautuminen\u00a0 8.2. menness\u00e4 Tuula Mustakalliolle p. 044 313 5365. To 15.3.2018 Kiikan kyl\u00e4seuran kev\u00e4tkokous Suvituulessa klo 18. Kahvitarjoilu.\u00a0Kutsumme my\u00f6s 2017 syntyneet lapset vanhempineen + Kiikkaan muuttaneet mukaan. Heille on pieni muistaminen. Ilmoittautuminen 12.3. [&hellip;]<!-- AddThis Advanced Settings generic via filter on wp_trim_excerpt --><!-- AddThis Share Buttons generic via filter on wp_trim_excerpt --><\/p>\n","protected":false},"author":19,"featured_media":0,"comment_status":"closed","ping_status":"open","sticky":false,"template":"","format":"standard","meta":{"jetpack_post_was_ever_published":false,"_jetpack_newsletter_access":"","_jetpack_dont_email_post_to_subs":false,"_jetpack_newsletter_tier_id":0,"_jetpack_memberships_contains_paywalled_content":false,"_jetpack_memberships_contains_paid_content":false,"footnotes":"","jetpack_publicize_message":"","jetpack_publicize_feature_enabled":true,"jetpack_social_post_already_shared":true,"jetpack_social_options":{"image_generator_settings":{"template":"highway","default_image_id":0,"font":"","enabled":false},"version":2}},"categories":[5],"tags":[],"class_list":["post-128998","post","type-post","status-publish","format-standard","hentry","category-ajankohtaista"],"aioseo_notices":[],"jetpack_publicize_connections":[],"jetpack_featured_media_url":"","jetpack_shortlink":"https:\/\/wp.me\/p41vbJ-xyC","jetpack_sharing_enabled":true,"_links":{"self":[{"href":"https:\/\/www.sastamalankylat.fi\/kiikka\/wp-json\/wp\/v2\/posts\/128998","targetHints":{"allow":["GET"]}}],"collection":[{"href":"https:\/\/www.sastamalankylat.fi\/kiikka\/wp-json\/wp\/v2\/posts"}],"about":[{"href":"https:\/\/www.sastamalankylat.fi\/kiikka\/wp-json\/wp\/v2\/types\/post"}],"author":[{"embeddable":true,"href":"https:\/\/www.sastamalankylat.fi\/kiikka\/wp-json\/wp\/v2\/users\/19"}],"replies":[{"embeddable":true,"href":"https:\/\/www.sastamalankylat.fi\/kiikka\/wp-json\/wp\/v2\/comments?post=128998"}],"version-history":[{"count":2,"href":"https:\/\/www.sastamalankylat.fi\/kiikka\/wp-json\/wp\/v2\/posts\/128998\/revisions"}],"predecessor-version":[{"id":129000,"href":"https:\/\/www.sastamalankylat.fi\/kiikka\/wp-json\/wp\/v2\/posts\/128998\/revisions\/129000"}],"wp:attachment":[{"href":"https:\/\/www.sastamalankylat.fi\/kiikka\/wp-json\/wp\/v2\/media?parent=128998"}],"wp:term":[{"taxonomy":"category","embeddable":true,"href":"https:\/\/www.sastamalankylat.fi\/kiikka\/wp-json\/wp\/v2\/categories?post=128998"},{"taxonomy":"post_tag","embeddable":true,"href":"https:\/\/www.sastamalankylat.fi\/kiikka\/wp-json\/wp\/v2\/tags?post=128998"}],"curies":[{"name":"wp","href":"https:\/\/api.w.org\/{rel}","templated":true}]}}