{"id":128962,"date":"2017-06-27T13:30:09","date_gmt":"2017-06-27T10:30:09","guid":{"rendered":"http:\/\/www.sastamalankylat.fi\/kiikka\/?p=128962"},"modified":"2017-07-03T13:20:59","modified_gmt":"2017-07-03T10:20:59","slug":"vanhojen-mattojen-nayttely-100-vuotiaan-suomen-kunniaksi","status":"publish","type":"post","link":"https:\/\/www.sastamalankylat.fi\/kiikka\/vanhojen-mattojen-nayttely-100-vuotiaan-suomen-kunniaksi\/","title":{"rendered":"Vanhojen mattojen n\u00e4yttely 100-vuotiaan Suomen kunniaksi"},"content":{"rendered":"<h2>Tervetuloa katsomaan\u00a0Aaltosen mattokutomon<br \/>\nvanhoja kauniita karvalankamattoja<br \/>\nKiikkaan hein\u00e4kuussa 2017<\/h2>\n<h3 style=\"padding-left: 30px\">N\u00e4yttely on avoinna seuraavasti:<br \/>\nke 5.7.2017 avajaiset klo 14 &#8211;<br \/>\nto 6.7.2017 klo 14-18<br \/>\nsu 9.7.2017 klo12-16<br \/>\nke 12.7.2017 klo 14-18<br \/>\nto \u00a013.7.2017 klo 14-18<br \/>\nsu 16.7.2017 klo 12-16<br \/>\nke 19.7.2017 klo 14-18<br \/>\nto 20.7.2017 klo 14-18<br \/>\nsu 23.7.2017 klo 12-16<br \/>\nke 26.7.2017 klo 14-18<\/h3>\n<h4>N\u00e4yttely pidet\u00e4\u00e4n osoitteessa Kiikanojantie 21 ja 18.<br \/>\nKes\u00e4kahvila avoinna n\u00e4yttelyn aukioloaikoina.<\/h4>\n<h4><em>Lis\u00e4tiedot:<\/em><br \/>\n<em>Helena Kuusisto-Ek 040 717 709<\/em><br \/>\n<span style=\"font-size: 1rem\"><em>Tuula Mustakallio 044 313 5365<\/em><\/span><\/h4>\n<p><a href=\"https:\/\/i0.wp.com\/www.sastamalankylat.fi\/kiikka\/wp-content\/uploads\/sites\/15\/2017\/06\/aaltosen-karvalankamatot.jpg\"><img data-recalc-dims=\"1\" loading=\"lazy\" decoding=\"async\" class=\"alignleft size-medium wp-image-128968\" src=\"https:\/\/i0.wp.com\/www.sastamalankylat.fi\/kiikka\/wp-content\/uploads\/sites\/15\/2017\/06\/aaltosen-karvalankamatot.jpg?resize=300%2C225\" alt=\"\" width=\"300\" height=\"225\" srcset=\"https:\/\/i0.wp.com\/www.sastamalankylat.fi\/kiikka\/wp-content\/uploads\/sites\/15\/2017\/06\/aaltosen-karvalankamatot.jpg?resize=300%2C225&amp;ssl=1 300w, https:\/\/i0.wp.com\/www.sastamalankylat.fi\/kiikka\/wp-content\/uploads\/sites\/15\/2017\/06\/aaltosen-karvalankamatot.jpg?resize=624%2C468&amp;ssl=1 624w, https:\/\/i0.wp.com\/www.sastamalankylat.fi\/kiikka\/wp-content\/uploads\/sites\/15\/2017\/06\/aaltosen-karvalankamatot.jpg?w=640&amp;ssl=1 640w\" sizes=\"auto, (max-width: 300px) 100vw, 300px\" \/><\/a> <a href=\"https:\/\/i0.wp.com\/www.sastamalankylat.fi\/kiikka\/wp-content\/uploads\/sites\/15\/2017\/06\/aaltosen-karvalankamatot_2.jpg\"><img data-recalc-dims=\"1\" loading=\"lazy\" decoding=\"async\" class=\"alignleft size-medium wp-image-128969\" src=\"https:\/\/i0.wp.com\/www.sastamalankylat.fi\/kiikka\/wp-content\/uploads\/sites\/15\/2017\/06\/aaltosen-karvalankamatot_2.jpg?resize=300%2C225\" alt=\"\" width=\"300\" height=\"225\" srcset=\"https:\/\/i0.wp.com\/www.sastamalankylat.fi\/kiikka\/wp-content\/uploads\/sites\/15\/2017\/06\/aaltosen-karvalankamatot_2.jpg?resize=300%2C225&amp;ssl=1 300w, https:\/\/i0.wp.com\/www.sastamalankylat.fi\/kiikka\/wp-content\/uploads\/sites\/15\/2017\/06\/aaltosen-karvalankamatot_2.jpg?resize=624%2C468&amp;ssl=1 624w, https:\/\/i0.wp.com\/www.sastamalankylat.fi\/kiikka\/wp-content\/uploads\/sites\/15\/2017\/06\/aaltosen-karvalankamatot_2.jpg?w=640&amp;ssl=1 640w\" sizes=\"auto, (max-width: 300px) 100vw, 300px\" \/><\/a><\/p>\n<!-- AddThis Advanced Settings generic via filter on the_content --><!-- AddThis Share Buttons generic via filter on the_content -->","protected":false},"excerpt":{"rendered":"<p>Tervetuloa katsomaan\u00a0Aaltosen mattokutomon vanhoja kauniita karvalankamattoja Kiikkaan hein\u00e4kuussa 2017 N\u00e4yttely on avoinna seuraavasti: ke 5.7.2017 avajaiset klo 14 &#8211; to 6.7.2017 klo 14-18 su 9.7.2017 klo12-16 ke 12.7.2017 klo 14-18 to \u00a013.7.2017 klo 14-18 su 16.7.2017 klo 12-16 ke 19.7.2017 klo 14-18 to 20.7.2017 klo 14-18 su 23.7.2017 klo 12-16 ke 26.7.2017 klo 14-18 N\u00e4yttely [&hellip;]<!-- AddThis Advanced Settings generic via filter on wp_trim_excerpt --><!-- AddThis Share Buttons generic via filter on wp_trim_excerpt --><\/p>\n","protected":false},"author":19,"featured_media":0,"comment_status":"closed","ping_status":"open","sticky":false,"template":"","format":"standard","meta":{"jetpack_post_was_ever_published":false,"_jetpack_newsletter_access":"","_jetpack_dont_email_post_to_subs":false,"_jetpack_newsletter_tier_id":0,"_jetpack_memberships_contains_paywalled_content":false,"_jetpack_memberships_contains_paid_content":false,"footnotes":"","jetpack_publicize_message":"","jetpack_publicize_feature_enabled":true,"jetpack_social_post_already_shared":true,"jetpack_social_options":{"image_generator_settings":{"template":"highway","default_image_id":0,"font":"","enabled":false},"version":2}},"categories":[5],"tags":[],"class_list":["post-128962","post","type-post","status-publish","format-standard","hentry","category-ajankohtaista"],"aioseo_notices":[],"jetpack_publicize_connections":[],"jetpack_featured_media_url":"","jetpack_shortlink":"https:\/\/wp.me\/p41vbJ-xy2","jetpack_sharing_enabled":true,"_links":{"self":[{"href":"https:\/\/www.sastamalankylat.fi\/kiikka\/wp-json\/wp\/v2\/posts\/128962","targetHints":{"allow":["GET"]}}],"collection":[{"href":"https:\/\/www.sastamalankylat.fi\/kiikka\/wp-json\/wp\/v2\/posts"}],"about":[{"href":"https:\/\/www.sastamalankylat.fi\/kiikka\/wp-json\/wp\/v2\/types\/post"}],"author":[{"embeddable":true,"href":"https:\/\/www.sastamalankylat.fi\/kiikka\/wp-json\/wp\/v2\/users\/19"}],"replies":[{"embeddable":true,"href":"https:\/\/www.sastamalankylat.fi\/kiikka\/wp-json\/wp\/v2\/comments?post=128962"}],"version-history":[{"count":6,"href":"https:\/\/www.sastamalankylat.fi\/kiikka\/wp-json\/wp\/v2\/posts\/128962\/revisions"}],"predecessor-version":[{"id":128970,"href":"https:\/\/www.sastamalankylat.fi\/kiikka\/wp-json\/wp\/v2\/posts\/128962\/revisions\/128970"}],"wp:attachment":[{"href":"https:\/\/www.sastamalankylat.fi\/kiikka\/wp-json\/wp\/v2\/media?parent=128962"}],"wp:term":[{"taxonomy":"category","embeddable":true,"href":"https:\/\/www.sastamalankylat.fi\/kiikka\/wp-json\/wp\/v2\/categories?post=128962"},{"taxonomy":"post_tag","embeddable":true,"href":"https:\/\/www.sastamalankylat.fi\/kiikka\/wp-json\/wp\/v2\/tags?post=128962"}],"curies":[{"name":"wp","href":"https:\/\/api.w.org\/{rel}","templated":true}]}}