{"id":128946,"date":"2017-03-20T12:56:45","date_gmt":"2017-03-20T10:56:45","guid":{"rendered":"http:\/\/www.sastamalankylat.fi\/kiikka\/?p=128946"},"modified":"2017-03-20T12:56:45","modified_gmt":"2017-03-20T10:56:45","slug":"kiikan-kylaseuran-kevatkokous-pidetty","status":"publish","type":"post","link":"https:\/\/www.sastamalankylat.fi\/kiikka\/kiikan-kylaseuran-kevatkokous-pidetty\/","title":{"rendered":"Kiikan kyl\u00e4seuran kev\u00e4tkokous pidetty"},"content":{"rendered":"<h4>Kokous pidettiin torstaina 16.3.17 Suvituulessa. Sen yhteydess\u00e4 aluksi muistettiin vuonna 2016 syntyneit\u00e4, joita oli paikalla yksi, V\u00e4ino Ritala vanhempineen. Kuvassa V\u00e4in\u00f6 Ritala<\/h4>\n<div id=\"attachment_128949\" style=\"width: 212px\" class=\"wp-caption alignleft\"><a href=\"https:\/\/i0.wp.com\/www.sastamalankylat.fi\/kiikka\/wp-content\/uploads\/sites\/15\/2017\/03\/vaino-ritala-1.jpg\"><img data-recalc-dims=\"1\" loading=\"lazy\" decoding=\"async\" aria-describedby=\"caption-attachment-128949\" class=\"size-medium wp-image-128949\" src=\"https:\/\/i0.wp.com\/www.sastamalankylat.fi\/kiikka\/wp-content\/uploads\/sites\/15\/2017\/03\/vaino-ritala-1.jpg?resize=202%2C300\" alt=\"\" width=\"202\" height=\"300\" srcset=\"https:\/\/i0.wp.com\/www.sastamalankylat.fi\/kiikka\/wp-content\/uploads\/sites\/15\/2017\/03\/vaino-ritala-1.jpg?resize=202%2C300&amp;ssl=1 202w, https:\/\/i0.wp.com\/www.sastamalankylat.fi\/kiikka\/wp-content\/uploads\/sites\/15\/2017\/03\/vaino-ritala-1.jpg?w=430&amp;ssl=1 430w\" sizes=\"auto, (max-width: 202px) 100vw, 202px\" \/><\/a><p id=\"caption-attachment-128949\" class=\"wp-caption-text\">V\u00e4in\u00f6 Ritala<\/p><\/div>\n<p>&nbsp;<\/p>\n<!-- AddThis Advanced Settings generic via filter on the_content --><!-- AddThis Share Buttons generic via filter on the_content -->","protected":false},"excerpt":{"rendered":"<p>Kokous pidettiin torstaina 16.3.17 Suvituulessa. Sen yhteydess\u00e4 aluksi muistettiin vuonna 2016 syntyneit\u00e4, joita oli paikalla yksi, V\u00e4ino Ritala vanhempineen. Kuvassa V\u00e4in\u00f6 Ritala &nbsp;<!-- AddThis Advanced Settings generic via filter on wp_trim_excerpt --><!-- AddThis Share Buttons generic via filter on wp_trim_excerpt --><\/p>\n","protected":false},"author":19,"featured_media":0,"comment_status":"closed","ping_status":"open","sticky":false,"template":"","format":"standard","meta":{"jetpack_post_was_ever_published":false,"_jetpack_newsletter_access":"","_jetpack_dont_email_post_to_subs":false,"_jetpack_newsletter_tier_id":0,"_jetpack_memberships_contains_paywalled_content":false,"_jetpack_memberships_contains_paid_content":false,"footnotes":"","jetpack_publicize_message":"","jetpack_publicize_feature_enabled":true,"jetpack_social_post_already_shared":true,"jetpack_social_options":{"image_generator_settings":{"template":"highway","default_image_id":0,"font":"","enabled":false},"version":2}},"categories":[5],"tags":[],"class_list":["post-128946","post","type-post","status-publish","format-standard","hentry","category-ajankohtaista"],"aioseo_notices":[],"jetpack_publicize_connections":[],"jetpack_featured_media_url":"","jetpack_shortlink":"https:\/\/wp.me\/p41vbJ-xxM","jetpack_sharing_enabled":true,"_links":{"self":[{"href":"https:\/\/www.sastamalankylat.fi\/kiikka\/wp-json\/wp\/v2\/posts\/128946","targetHints":{"allow":["GET"]}}],"collection":[{"href":"https:\/\/www.sastamalankylat.fi\/kiikka\/wp-json\/wp\/v2\/posts"}],"about":[{"href":"https:\/\/www.sastamalankylat.fi\/kiikka\/wp-json\/wp\/v2\/types\/post"}],"author":[{"embeddable":true,"href":"https:\/\/www.sastamalankylat.fi\/kiikka\/wp-json\/wp\/v2\/users\/19"}],"replies":[{"embeddable":true,"href":"https:\/\/www.sastamalankylat.fi\/kiikka\/wp-json\/wp\/v2\/comments?post=128946"}],"version-history":[{"count":3,"href":"https:\/\/www.sastamalankylat.fi\/kiikka\/wp-json\/wp\/v2\/posts\/128946\/revisions"}],"predecessor-version":[{"id":128951,"href":"https:\/\/www.sastamalankylat.fi\/kiikka\/wp-json\/wp\/v2\/posts\/128946\/revisions\/128951"}],"wp:attachment":[{"href":"https:\/\/www.sastamalankylat.fi\/kiikka\/wp-json\/wp\/v2\/media?parent=128946"}],"wp:term":[{"taxonomy":"category","embeddable":true,"href":"https:\/\/www.sastamalankylat.fi\/kiikka\/wp-json\/wp\/v2\/categories?post=128946"},{"taxonomy":"post_tag","embeddable":true,"href":"https:\/\/www.sastamalankylat.fi\/kiikka\/wp-json\/wp\/v2\/tags?post=128946"}],"curies":[{"name":"wp","href":"https:\/\/api.w.org\/{rel}","templated":true}]}}