{"id":128938,"date":"2017-02-26T13:56:06","date_gmt":"2017-02-26T11:56:06","guid":{"rendered":"http:\/\/www.sastamalankylat.fi\/kiikka\/?p=128938"},"modified":"2017-02-26T13:56:06","modified_gmt":"2017-02-26T11:56:06","slug":"kevaan-2017-tapahtumat","status":"publish","type":"post","link":"https:\/\/www.sastamalankylat.fi\/kiikka\/kevaan-2017-tapahtumat\/","title":{"rendered":"Kev\u00e4\u00e4n 2017 tapahtumat"},"content":{"rendered":"<h1>Kev\u00e4\u00e4n tapahtumia<\/h1>\n<h3>\u2666 To 16.3.2017 Kiikan kyl\u00e4seuran kev\u00e4tkokous Suvituulessa<br \/>\nklo 18.00.<br \/>\nKahvitarjoilu. Tervetuloa!<br \/>\n&#8211; Kutsumme my\u00f6s 2016 syntyneet lapset vanhempineen + Kiikkaan muuttaneet mukaan. Heille pieni muistaminen. Ilmoittautuminen 13.3.2017 menness\u00e4 p. 040 528 6325<br \/>\nAiri Koivuj\u00e4rvi.<\/h3>\n<h3>\u2666 Teatterimatka Tampereen teatteriin pe 31.3.2017 klo 19 alkavaan esitykseen\u00a0Katoava maa.<br \/>\nSitovat ilmoittautumiset viimeist\u00e4\u00e4n 14.3. Airi Koivuj\u00e4rvi<br \/>\np. 040 528 6325,\u00a0Aili Riihim\u00e4ki p. 050 511 8884 tai<br \/>\nTuula Merinen 050 582 0551. Heilt\u00e4 my\u00f6s lis\u00e4tietoja matkasta.<br \/>\nSeuraa ilmoittelua seurapalstoilta.<br \/>\nL\u00e4ht\u00f6 Kiikan uimahallilta klo 17.30.<\/h3>\n<h3>\u2666\u00a0Avoimet ovet kudonta-asemalla ma 24.4.2017.<br \/>\nklo 9.00\u201316.00. Tarjoamme kahvit.<br \/>\nMattoja ja kudonnaisia, arpajaiset.<\/h3>\n<h3>\u2666 Ke 26.4.2017 Ymp\u00e4rist\u00f6n siivousp\u00e4iv\u00e4 klo alk. 17.30.<br \/>\n<em>J\u00e4rj. LC Sastamala \/ Linda \/ Kahvit Kiikan kyl\u00e4seura<\/em>.<\/h3>\n<h3>\u2666 Koululaulujen lauluhetki seurakuntalalolla Ti 16.5.2017<br \/>\nklo 18.00.<br \/>\n<em>J\u00e4rj. LC Sastamala \/ Linda \/ Seurakunta \/ Kahvit Kiikan kyl\u00e4seura.<\/em><\/h3>\n<h3>\u2666 Makasiinin n\u00e4yttely kes\u00e4- hein\u00e4- ja elokuussa entiseen tapaan.<\/h3>\n<h3>Ilmoitamme kyl\u00e4seuran tapahtumista Alueviestin ja Tyrv\u00e4\u00e4n Sanomien seurapalstoilla sek\u00e4 kyl\u00e4seuran nettisivuilla: www.sastamalankylat.fi\/kiikka (s\u00e4hk\u00f6postiosoite nettisivuilta poissa k\u00e4yt\u00f6st\u00e4 toistaiseksi).<br \/>\n<em>Tervetuloa kyl\u00e4seuran toimintaan mukaan, aktiiveille on jatkuvasti kysynt\u00e4\u00e4!<\/em><\/h3>\n<h3>J\u00e4senmaksu on 10 euroa.<br \/>\nVoit maksaa sen kyl\u00e4talolle tai pankkiin.<br \/>\nS\u00e4\u00e4st\u00f6pankki: FI74 4456 1640 004163<\/h3>\n<h1>Kiikan kyl\u00e4seuran hallitus 2017<\/h1>\n<p><strong>Tuula Merinen pj.<\/strong> 050 582 0551<br \/>\n<strong>Airi Koivuj\u00e4rvi<\/strong> <strong>vpj.<\/strong> 040 528 6325<br \/>\n<strong>Ritva Alakoski<\/strong> 041 445 8148<br \/>\n<strong>Lea Aaltonen<\/strong> 044 012 3422<br \/>\n<strong>Heikki Lehtinen <\/strong>040 569 8956, 03 513 5437<br \/>\n<strong>Olavi Katila<\/strong> 040 832 458<br \/>\n<strong>Tuire Kaukonen<\/strong> <strong>rahastonhoitaja<\/strong> 050 575 6408<br \/>\n<strong>Aili Riihim\u00e4ki\u00a0kyl\u00e4seuran sihteeri,<\/strong> 050 511 8884<\/p>\n<p>&nbsp;<\/p>\n<p>&nbsp;<\/p>\n<!-- AddThis Advanced Settings generic via filter on the_content --><!-- AddThis Share Buttons generic via filter on the_content -->","protected":false},"excerpt":{"rendered":"<p>Kev\u00e4\u00e4n tapahtumia \u2666 To 16.3.2017 Kiikan kyl\u00e4seuran kev\u00e4tkokous Suvituulessa klo 18.00. Kahvitarjoilu. Tervetuloa! &#8211; Kutsumme my\u00f6s 2016 syntyneet lapset vanhempineen + Kiikkaan muuttaneet mukaan. Heille pieni muistaminen. Ilmoittautuminen 13.3.2017 menness\u00e4 p. 040 528 6325 Airi Koivuj\u00e4rvi. \u2666 Teatterimatka Tampereen teatteriin pe 31.3.2017 klo 19 alkavaan esitykseen\u00a0Katoava maa. Sitovat ilmoittautumiset viimeist\u00e4\u00e4n 14.3. Airi Koivuj\u00e4rvi p. 040 [&hellip;]<!-- AddThis Advanced Settings generic via filter on wp_trim_excerpt --><!-- AddThis Share Buttons generic via filter on wp_trim_excerpt --><\/p>\n","protected":false},"author":19,"featured_media":0,"comment_status":"closed","ping_status":"open","sticky":false,"template":"","format":"standard","meta":{"jetpack_post_was_ever_published":false,"_jetpack_newsletter_access":"","_jetpack_dont_email_post_to_subs":false,"_jetpack_newsletter_tier_id":0,"_jetpack_memberships_contains_paywalled_content":false,"_jetpack_memberships_contains_paid_content":false,"footnotes":"","jetpack_publicize_message":"","jetpack_publicize_feature_enabled":true,"jetpack_social_post_already_shared":true,"jetpack_social_options":{"image_generator_settings":{"template":"highway","default_image_id":0,"font":"","enabled":false},"version":2}},"categories":[5],"tags":[],"class_list":["post-128938","post","type-post","status-publish","format-standard","hentry","category-ajankohtaista"],"aioseo_notices":[],"jetpack_publicize_connections":[],"jetpack_featured_media_url":"","jetpack_shortlink":"https:\/\/wp.me\/p41vbJ-xxE","jetpack_sharing_enabled":true,"_links":{"self":[{"href":"https:\/\/www.sastamalankylat.fi\/kiikka\/wp-json\/wp\/v2\/posts\/128938","targetHints":{"allow":["GET"]}}],"collection":[{"href":"https:\/\/www.sastamalankylat.fi\/kiikka\/wp-json\/wp\/v2\/posts"}],"about":[{"href":"https:\/\/www.sastamalankylat.fi\/kiikka\/wp-json\/wp\/v2\/types\/post"}],"author":[{"embeddable":true,"href":"https:\/\/www.sastamalankylat.fi\/kiikka\/wp-json\/wp\/v2\/users\/19"}],"replies":[{"embeddable":true,"href":"https:\/\/www.sastamalankylat.fi\/kiikka\/wp-json\/wp\/v2\/comments?post=128938"}],"version-history":[{"count":3,"href":"https:\/\/www.sastamalankylat.fi\/kiikka\/wp-json\/wp\/v2\/posts\/128938\/revisions"}],"predecessor-version":[{"id":128941,"href":"https:\/\/www.sastamalankylat.fi\/kiikka\/wp-json\/wp\/v2\/posts\/128938\/revisions\/128941"}],"wp:attachment":[{"href":"https:\/\/www.sastamalankylat.fi\/kiikka\/wp-json\/wp\/v2\/media?parent=128938"}],"wp:term":[{"taxonomy":"category","embeddable":true,"href":"https:\/\/www.sastamalankylat.fi\/kiikka\/wp-json\/wp\/v2\/categories?post=128938"},{"taxonomy":"post_tag","embeddable":true,"href":"https:\/\/www.sastamalankylat.fi\/kiikka\/wp-json\/wp\/v2\/tags?post=128938"}],"curies":[{"name":"wp","href":"https:\/\/api.w.org\/{rel}","templated":true}]}}