{"id":822,"date":"2022-02-09T15:19:22","date_gmt":"2022-02-09T13:19:22","guid":{"rendered":"http:\/\/www.sastamalankylat.fi\/kaukolankylaseura\/?p=822"},"modified":"2022-02-09T15:19:22","modified_gmt":"2022-02-09T13:19:22","slug":"kaukolan-kylaseura-on-sastamalan-seudun-museon-vuoden-2022-kylakumppani","status":"publish","type":"post","link":"https:\/\/www.sastamalankylat.fi\/kaukolankylaseura\/2022\/02\/09\/kaukolan-kylaseura-on-sastamalan-seudun-museon-vuoden-2022-kylakumppani\/","title":{"rendered":"Kaukolan kyl\u00e4seura on Sastamalan seudun museon vuoden 2022 kyl\u00e4kumppani"},"content":{"rendered":"<blockquote class=\"wp-embedded-content\" data-secret=\"q1j5RfBrpw\"><p><a href=\"https:\/\/alueviesti.fi\/2022\/02\/08\/sastamalan-seudun-museolle-uusi-kylakumppani-kaukolassa-katse-kaantyy-esihistoriaan\/\">Sastamalan seudun museolle uusi kyl\u00e4kumppani &#8211; Kaukolassa katse k\u00e4\u00e4ntyy esihistoriaan<\/a><\/p><\/blockquote>\n<p><iframe loading=\"lazy\" class=\"wp-embedded-content\" sandbox=\"allow-scripts\" security=\"restricted\" style=\"position: absolute; clip: rect(1px, 1px, 1px, 1px);\" title=\"&#8221;Sastamalan seudun museolle uusi kyl\u00e4kumppani &#8211; Kaukolassa katse k\u00e4\u00e4ntyy esihistoriaan&#8221; &#8212; Alueviesti\" src=\"https:\/\/alueviesti.fi\/2022\/02\/08\/sastamalan-seudun-museolle-uusi-kylakumppani-kaukolassa-katse-kaantyy-esihistoriaan\/embed\/#?secret=BVXQiELUzr#?secret=q1j5RfBrpw\" data-secret=\"q1j5RfBrpw\" width=\"600\" height=\"338\" frameborder=\"0\" marginwidth=\"0\" marginheight=\"0\" scrolling=\"no\"><\/iframe><\/p>\n<!-- AddThis Advanced Settings generic via filter on the_content --><!-- AddThis Share Buttons generic via filter on the_content -->","protected":false},"excerpt":{"rendered":"<p>Sastamalan seudun museolle uusi kyl\u00e4kumppani &#8211; Kaukolassa katse k\u00e4\u00e4ntyy esihistoriaan<!-- AddThis Advanced Settings generic via filter on get_the_excerpt --><!-- AddThis Share Buttons generic via filter on get_the_excerpt --><\/p>\n","protected":false},"author":35,"featured_media":0,"comment_status":"closed","ping_status":"closed","sticky":false,"template":"","format":"standard","meta":{"jetpack_post_was_ever_published":false,"_jetpack_newsletter_access":"","_jetpack_dont_email_post_to_subs":false,"_jetpack_newsletter_tier_id":0,"_jetpack_memberships_contains_paywalled_content":false,"_jetpack_memberships_contains_paid_content":false,"footnotes":"","jetpack_publicize_message":"","jetpack_publicize_feature_enabled":true,"jetpack_social_post_already_shared":true,"jetpack_social_options":{"image_generator_settings":{"template":"highway","default_image_id":0,"font":"","enabled":false},"version":2}},"categories":[1],"tags":[],"class_list":["post-822","post","type-post","status-publish","format-standard","hentry","category-yleinen"],"aioseo_notices":[],"jetpack_publicize_connections":[],"jetpack_featured_media_url":"","jetpack_shortlink":"https:\/\/wp.me\/p9LdS9-dg","jetpack_sharing_enabled":true,"_links":{"self":[{"href":"https:\/\/www.sastamalankylat.fi\/kaukolankylaseura\/wp-json\/wp\/v2\/posts\/822","targetHints":{"allow":["GET"]}}],"collection":[{"href":"https:\/\/www.sastamalankylat.fi\/kaukolankylaseura\/wp-json\/wp\/v2\/posts"}],"about":[{"href":"https:\/\/www.sastamalankylat.fi\/kaukolankylaseura\/wp-json\/wp\/v2\/types\/post"}],"author":[{"embeddable":true,"href":"https:\/\/www.sastamalankylat.fi\/kaukolankylaseura\/wp-json\/wp\/v2\/users\/35"}],"replies":[{"embeddable":true,"href":"https:\/\/www.sastamalankylat.fi\/kaukolankylaseura\/wp-json\/wp\/v2\/comments?post=822"}],"version-history":[{"count":1,"href":"https:\/\/www.sastamalankylat.fi\/kaukolankylaseura\/wp-json\/wp\/v2\/posts\/822\/revisions"}],"predecessor-version":[{"id":823,"href":"https:\/\/www.sastamalankylat.fi\/kaukolankylaseura\/wp-json\/wp\/v2\/posts\/822\/revisions\/823"}],"wp:attachment":[{"href":"https:\/\/www.sastamalankylat.fi\/kaukolankylaseura\/wp-json\/wp\/v2\/media?parent=822"}],"wp:term":[{"taxonomy":"category","embeddable":true,"href":"https:\/\/www.sastamalankylat.fi\/kaukolankylaseura\/wp-json\/wp\/v2\/categories?post=822"},{"taxonomy":"post_tag","embeddable":true,"href":"https:\/\/www.sastamalankylat.fi\/kaukolankylaseura\/wp-json\/wp\/v2\/tags?post=822"}],"curies":[{"name":"wp","href":"https:\/\/api.w.org\/{rel}","templated":true}]}}