{"id":836,"date":"2022-01-13T22:12:33","date_gmt":"2022-01-13T20:12:33","guid":{"rendered":"http:\/\/www.sastamalankylat.fi\/jaara\/?p=836"},"modified":"2022-01-13T22:12:33","modified_gmt":"2022-01-13T20:12:33","slug":"uusia-tuulia-2022","status":"publish","type":"post","link":"https:\/\/www.sastamalankylat.fi\/jaara\/2022\/01\/13\/uusia-tuulia-2022\/","title":{"rendered":"Uusia tuulia 2022"},"content":{"rendered":"<p><a href=\"http:\/\/www.sastamalankylat.fi\/jaara\/wp-content\/uploads\/sites\/21\/2022\/01\/kuusi-kasvaa.jpg\"><img loading=\"lazy\" decoding=\"async\" class=\"aligncenter size-large wp-image-839\" src=\"http:\/\/www.sastamalankylat.fi\/jaara\/wp-content\/uploads\/sites\/21\/2022\/01\/kuusi-kasvaa-1024x686.jpg\" alt=\"\" width=\"625\" height=\"419\" srcset=\"https:\/\/www.sastamalankylat.fi\/jaara\/wp-content\/uploads\/sites\/21\/2022\/01\/kuusi-kasvaa-1024x686.jpg 1024w, https:\/\/www.sastamalankylat.fi\/jaara\/wp-content\/uploads\/sites\/21\/2022\/01\/kuusi-kasvaa-300x201.jpg 300w, https:\/\/www.sastamalankylat.fi\/jaara\/wp-content\/uploads\/sites\/21\/2022\/01\/kuusi-kasvaa-768x514.jpg 768w, https:\/\/www.sastamalankylat.fi\/jaara\/wp-content\/uploads\/sites\/21\/2022\/01\/kuusi-kasvaa-624x418.jpg 624w, https:\/\/www.sastamalankylat.fi\/jaara\/wp-content\/uploads\/sites\/21\/2022\/01\/kuusi-kasvaa.jpg 1080w\" sizes=\"auto, (max-width: 625px) 100vw, 625px\" \/><\/a><\/p>\n<p>Hyv\u00e4\u00e4 alkanutta vuotta 2022!<\/p>\n<p>13.1.2022 oli Jaaran kyl\u00e4seuran hallituksen\u00a0 j\u00e4rjest\u00e4ytymiskokous.<\/p>\n<p>Puheenjohtajaksi valittiin Arto M\u00e4kel\u00e4 ja sihteeriksi Hannele Tuomola.<\/p>\n<p>Kyl\u00e4seuran asioissa ottakaa rohkeasti hihasta kiinni!<\/p>\n<!-- AddThis Advanced Settings generic via filter on the_content --><!-- AddThis Share Buttons generic via filter on the_content -->","protected":false},"excerpt":{"rendered":"<p>Hyv\u00e4\u00e4 alkanutta vuotta 2022! 13.1.2022 oli Jaaran kyl\u00e4seuran hallituksen\u00a0 j\u00e4rjest\u00e4ytymiskokous. Puheenjohtajaksi valittiin Arto M\u00e4kel\u00e4 ja sihteeriksi Hannele Tuomola. Kyl\u00e4seuran asioissa ottakaa rohkeasti hihasta kiinni!<!-- AddThis Advanced Settings generic via filter on wp_trim_excerpt --><!-- AddThis Share Buttons generic via filter on wp_trim_excerpt --><\/p>\n","protected":false},"author":26,"featured_media":0,"comment_status":"closed","ping_status":"closed","sticky":false,"template":"","format":"standard","meta":{"jetpack_post_was_ever_published":false,"_jetpack_newsletter_access":"","_jetpack_dont_email_post_to_subs":false,"_jetpack_newsletter_tier_id":0,"_jetpack_memberships_contains_paywalled_content":false,"_jetpack_memberships_contains_paid_content":false,"footnotes":"","jetpack_publicize_message":"","jetpack_publicize_feature_enabled":true,"jetpack_social_post_already_shared":true,"jetpack_social_options":{"image_generator_settings":{"template":"highway","default_image_id":0,"font":"","enabled":false},"version":2}},"categories":[1],"tags":[],"class_list":["post-836","post","type-post","status-publish","format-standard","hentry","category-yleinen"],"aioseo_notices":[],"jetpack_publicize_connections":[],"jetpack_featured_media_url":"","jetpack_shortlink":"https:\/\/wp.me\/p5eJDy-du","jetpack_sharing_enabled":true,"_links":{"self":[{"href":"https:\/\/www.sastamalankylat.fi\/jaara\/wp-json\/wp\/v2\/posts\/836","targetHints":{"allow":["GET"]}}],"collection":[{"href":"https:\/\/www.sastamalankylat.fi\/jaara\/wp-json\/wp\/v2\/posts"}],"about":[{"href":"https:\/\/www.sastamalankylat.fi\/jaara\/wp-json\/wp\/v2\/types\/post"}],"author":[{"embeddable":true,"href":"https:\/\/www.sastamalankylat.fi\/jaara\/wp-json\/wp\/v2\/users\/26"}],"replies":[{"embeddable":true,"href":"https:\/\/www.sastamalankylat.fi\/jaara\/wp-json\/wp\/v2\/comments?post=836"}],"version-history":[{"count":2,"href":"https:\/\/www.sastamalankylat.fi\/jaara\/wp-json\/wp\/v2\/posts\/836\/revisions"}],"predecessor-version":[{"id":841,"href":"https:\/\/www.sastamalankylat.fi\/jaara\/wp-json\/wp\/v2\/posts\/836\/revisions\/841"}],"wp:attachment":[{"href":"https:\/\/www.sastamalankylat.fi\/jaara\/wp-json\/wp\/v2\/media?parent=836"}],"wp:term":[{"taxonomy":"category","embeddable":true,"href":"https:\/\/www.sastamalankylat.fi\/jaara\/wp-json\/wp\/v2\/categories?post=836"},{"taxonomy":"post_tag","embeddable":true,"href":"https:\/\/www.sastamalankylat.fi\/jaara\/wp-json\/wp\/v2\/tags?post=836"}],"curies":[{"name":"wp","href":"https:\/\/api.w.org\/{rel}","templated":true}]}}