{"id":197,"date":"2021-03-28T20:54:09","date_gmt":"2021-03-28T17:54:09","guid":{"rendered":"http:\/\/www.sastamalankylat.fi\/illo\/?p=197"},"modified":"2021-03-28T20:54:09","modified_gmt":"2021-03-28T17:54:09","slug":"vuosikokous-2021","status":"publish","type":"post","link":"https:\/\/www.sastamalankylat.fi\/illo\/vuosikokous-2021\/","title":{"rendered":"Vuosikokous 2021"},"content":{"rendered":"<p>Tervetuloa mukaan Teams-et\u00e4kokoukseen tiistaina 30.3.2021 klo 18. Mukaan p\u00e4\u00e4set oheisella linkill\u00e4. Koneelle tai puhelimeen ei v\u00e4ltt\u00e4m\u00e4tt\u00e4 tarvitse asentaa mit\u00e4\u00e4n, vaan voit tulla mukaan suoraan selaimella (esim. Chrome). Puheenvuorot pyydet\u00e4\u00e4n joko Chat-ikkunan kautta tai nostamalla k\u00e4si. Pid\u00e4th\u00e4n mikrofonin suljettuna, kunnes olet saanut puheenvuoron.<\/p>\n<p><b>Sinut on kutsuttu liittym\u00e4\u00e4n Microsoft Teams -kokoukseen<\/b><\/p>\n<p>Aihe: Illon Kyl\u00e4seura vuosikokous<br \/>\nAika: 30.3.2021 18.00.00<\/p>\n<p>Liity tietokoneellasi tai mobiilisovelluksella<br \/>\n<a href=\"https:\/\/teams.microsoft.com\/l\/meetup-join\/19%3ameeting_OWZhMGRjMmEtYThkNS00ZTQzLWExM2UtZTEwOGE5NDAwODEy%40thread.v2\/0?context=%7b%22Tid%22%3a%224dd27831-690a-4028-98f1-67d0cbf490e5%22%2c%22Oid%22%3a%2284d7b533-4302-407a-9786-c6db78bbfbe2%22%7d\">Liity kokoukseen napsauttamalla t\u00e4t\u00e4<\/a><\/p>\n<!-- AddThis Advanced Settings generic via filter on the_content --><!-- AddThis Share Buttons generic via filter on the_content -->","protected":false},"excerpt":{"rendered":"<p>Tervetuloa mukaan Teams-et\u00e4kokoukseen tiistaina 30.3.2021 klo 18. Mukaan p\u00e4\u00e4set oheisella linkill\u00e4. Koneelle tai puhelimeen ei v\u00e4ltt\u00e4m\u00e4tt\u00e4 tarvitse asentaa mit\u00e4\u00e4n, vaan voit tulla mukaan suoraan selaimella (esim. Chrome). Puheenvuorot pyydet\u00e4\u00e4n joko Chat-ikkunan kautta tai nostamalla k\u00e4si. Pid\u00e4th\u00e4n mikrofonin suljettuna, kunnes olet saanut puheenvuoron. Sinut on kutsuttu liittym\u00e4\u00e4n Microsoft Teams -kokoukseen Aihe: Illon Kyl\u00e4seura vuosikokous Aika: 30.3.2021 [&hellip;]<!-- AddThis Advanced Settings generic via filter on wp_trim_excerpt --><!-- AddThis Share Buttons generic via filter on wp_trim_excerpt --><\/p>\n","protected":false},"author":44,"featured_media":0,"comment_status":"closed","ping_status":"closed","sticky":false,"template":"","format":"standard","meta":{"jetpack_post_was_ever_published":false,"_jetpack_newsletter_access":"","_jetpack_dont_email_post_to_subs":false,"_jetpack_newsletter_tier_id":0,"_jetpack_memberships_contains_paywalled_content":false,"_jetpack_memberships_contains_paid_content":false,"footnotes":"","jetpack_publicize_message":"","jetpack_publicize_feature_enabled":true,"jetpack_social_post_already_shared":true,"jetpack_social_options":{"image_generator_settings":{"template":"highway","default_image_id":0,"font":"","enabled":false},"version":2}},"categories":[1],"tags":[],"class_list":["post-197","post","type-post","status-publish","format-standard","hentry","category-yleinen"],"aioseo_notices":[],"jetpack_publicize_connections":[],"jetpack_featured_media_url":"","jetpack_shortlink":"https:\/\/wp.me\/p9Ldjd-3b","jetpack_sharing_enabled":true,"_links":{"self":[{"href":"https:\/\/www.sastamalankylat.fi\/illo\/wp-json\/wp\/v2\/posts\/197","targetHints":{"allow":["GET"]}}],"collection":[{"href":"https:\/\/www.sastamalankylat.fi\/illo\/wp-json\/wp\/v2\/posts"}],"about":[{"href":"https:\/\/www.sastamalankylat.fi\/illo\/wp-json\/wp\/v2\/types\/post"}],"author":[{"embeddable":true,"href":"https:\/\/www.sastamalankylat.fi\/illo\/wp-json\/wp\/v2\/users\/44"}],"replies":[{"embeddable":true,"href":"https:\/\/www.sastamalankylat.fi\/illo\/wp-json\/wp\/v2\/comments?post=197"}],"version-history":[{"count":1,"href":"https:\/\/www.sastamalankylat.fi\/illo\/wp-json\/wp\/v2\/posts\/197\/revisions"}],"predecessor-version":[{"id":198,"href":"https:\/\/www.sastamalankylat.fi\/illo\/wp-json\/wp\/v2\/posts\/197\/revisions\/198"}],"wp:attachment":[{"href":"https:\/\/www.sastamalankylat.fi\/illo\/wp-json\/wp\/v2\/media?parent=197"}],"wp:term":[{"taxonomy":"category","embeddable":true,"href":"https:\/\/www.sastamalankylat.fi\/illo\/wp-json\/wp\/v2\/categories?post=197"},{"taxonomy":"post_tag","embeddable":true,"href":"https:\/\/www.sastamalankylat.fi\/illo\/wp-json\/wp\/v2\/tags?post=197"}],"curies":[{"name":"wp","href":"https:\/\/api.w.org\/{rel}","templated":true}]}}