{"id":174,"date":"2017-04-02T12:07:25","date_gmt":"2017-04-02T09:07:25","guid":{"rendered":"http:\/\/www.sastamalankylat.fi\/illo\/?p=174"},"modified":"2021-01-15T01:41:59","modified_gmt":"2021-01-14T23:41:59","slug":"illon-kylaseuran-hallitus-vuodelle-2017-valittu","status":"publish","type":"post","link":"https:\/\/www.sastamalankylat.fi\/illo\/illon-kylaseuran-hallitus-vuodelle-2017-valittu\/","title":{"rendered":"Illon Kyl\u00e4seuran hallitus vuodelle 2017 valittu"},"content":{"rendered":"<div class=\"entry-content\">\n<p>Illon kyl\u00e4seuran vuosikokous 26.3.2017<\/p>\n<p><strong>Hallituksen j\u00e4senet 2017:<\/strong><\/p>\n<\/div>\n<div class=\"entry-content\">Liisi Haavisto<\/div>\n<div class=\"entry-content\">Milla Harjuniemi<\/div>\n<div class=\"entry-content\">Pirjo Helenius<\/div>\n<div class=\"entry-content\">Leena Nikkanen<\/div>\n<div class=\"entry-content\">Jussi Silvennoinen<\/div>\n<div class=\"entry-content\">Suvi Korhonen<\/div>\n<div class=\"entry-content\">Heidi Huoponen<\/div>\n<div class=\"entry-content\">Jari Kantonen<\/div>\n<div class=\"entry-content\">Helka Reiman<\/div>\n<div class=\"entry-content\">Hanna-Mari Vuorisalo<br \/>\n&nbsp;<\/p>\n<p>Varaj\u00e4senet 2015:<\/p>\n<p>Kalle Reiman<\/p><\/div>\n<div class=\"entry-content\">Aulis Katavisto<\/div>\n<div class=\"entry-content\">Katja Silvennoinen<\/div>\n<div class=\"entry-content\">Mari Jaakola<\/div>\n<div class=\"entry-content\">Sanni V\u00e4lim\u00e4ki<\/div>\n<div class=\"entry-content\">Aila Ruohonen<\/div>\n<div class=\"entry-content\">Pekka Suokuisma<\/div>\n<div class=\"entry-content\">Jenni Ristim\u00e4ki<\/div>\n<div class=\"entry-content\">Erkki V\u00e4lim\u00e4ki<\/div>\n<div class=\"entry-content\">Katariina Ristim\u00e4ki<\/div>\n<!-- AddThis Advanced Settings generic via filter on the_content --><!-- AddThis Share Buttons generic via filter on the_content -->","protected":false},"excerpt":{"rendered":"<p>Illon kyl\u00e4seuran vuosikokous 26.3.2017 Hallituksen j\u00e4senet 2017: Liisi Haavisto Milla Harjuniemi Pirjo Helenius Leena Nikkanen Jussi Silvennoinen Suvi Korhonen Heidi Huoponen Jari Kantonen Helka Reiman Hanna-Mari Vuorisalo &nbsp; Varaj\u00e4senet 2015: Kalle Reiman Aulis Katavisto Katja Silvennoinen Mari Jaakola Sanni V\u00e4lim\u00e4ki Aila Ruohonen Pekka Suokuisma Jenni Ristim\u00e4ki Erkki V\u00e4lim\u00e4ki Katariina Ristim\u00e4ki<!-- AddThis Advanced Settings generic via filter on wp_trim_excerpt --><!-- AddThis Share Buttons generic via filter on wp_trim_excerpt --><\/p>\n","protected":false},"author":9,"featured_media":0,"comment_status":"closed","ping_status":"closed","sticky":false,"template":"","format":"standard","meta":{"jetpack_post_was_ever_published":false,"_jetpack_newsletter_access":"","_jetpack_dont_email_post_to_subs":false,"_jetpack_newsletter_tier_id":0,"_jetpack_memberships_contains_paywalled_content":false,"_jetpack_memberships_contains_paid_content":false,"footnotes":"","jetpack_publicize_message":"","jetpack_publicize_feature_enabled":true,"jetpack_social_post_already_shared":false,"jetpack_social_options":{"image_generator_settings":{"template":"highway","default_image_id":0,"font":"","enabled":false},"version":2}},"categories":[1],"tags":[],"class_list":["post-174","post","type-post","status-publish","format-standard","hentry","category-yleinen"],"aioseo_notices":[],"jetpack_publicize_connections":[],"jetpack_featured_media_url":"","jetpack_shortlink":"https:\/\/wp.me\/p9Ldjd-2O","jetpack_sharing_enabled":true,"_links":{"self":[{"href":"https:\/\/www.sastamalankylat.fi\/illo\/wp-json\/wp\/v2\/posts\/174","targetHints":{"allow":["GET"]}}],"collection":[{"href":"https:\/\/www.sastamalankylat.fi\/illo\/wp-json\/wp\/v2\/posts"}],"about":[{"href":"https:\/\/www.sastamalankylat.fi\/illo\/wp-json\/wp\/v2\/types\/post"}],"author":[{"embeddable":true,"href":"https:\/\/www.sastamalankylat.fi\/illo\/wp-json\/wp\/v2\/users\/9"}],"replies":[{"embeddable":true,"href":"https:\/\/www.sastamalankylat.fi\/illo\/wp-json\/wp\/v2\/comments?post=174"}],"version-history":[{"count":1,"href":"https:\/\/www.sastamalankylat.fi\/illo\/wp-json\/wp\/v2\/posts\/174\/revisions"}],"predecessor-version":[{"id":175,"href":"https:\/\/www.sastamalankylat.fi\/illo\/wp-json\/wp\/v2\/posts\/174\/revisions\/175"}],"wp:attachment":[{"href":"https:\/\/www.sastamalankylat.fi\/illo\/wp-json\/wp\/v2\/media?parent=174"}],"wp:term":[{"taxonomy":"category","embeddable":true,"href":"https:\/\/www.sastamalankylat.fi\/illo\/wp-json\/wp\/v2\/categories?post=174"},{"taxonomy":"post_tag","embeddable":true,"href":"https:\/\/www.sastamalankylat.fi\/illo\/wp-json\/wp\/v2\/tags?post=174"}],"curies":[{"name":"wp","href":"https:\/\/api.w.org\/{rel}","templated":true}]}}